{"id":105460,"date":"2026-01-15T11:57:20","date_gmt":"2026-01-15T11:57:20","guid":{"rendered":"https:\/\/www.europesays.com\/lv\/105460\/"},"modified":"2026-01-15T11:57:20","modified_gmt":"2026-01-15T11:57:20","slug":"girts-jakovlevs-uz-muzu-atvadas-no-pirmas-sievas-ltv-rezisores-daces-jakovlevas-santa","status":"publish","type":"post","link":"https:\/\/www.europesays.com\/lv\/105460\/","title":{"rendered":"\u0122irts Jakov\u013cevs uz m\u016b\u017eu atvad\u0101s no pirm\u0101s sievas, LTV re\u017eisores Daces Jakov\u013cevas \u2014 Santa"},"content":{"rendered":"<p>Latvijas Telev\u012bzijas m\u016bzikas programmas ilggad\u0113ja re\u017eisore Dace Jakov\u013ceva bija m\u0101mi\u0146a raid\u012bjuma Kult\u016bras zi\u0146as vad\u012bt\u0101jai muzikolo\u0123ei Lienei Jakov\u013cevai. Vair\u0101k nek\u0101 30 gadus ilgaj\u0101 laul\u012bb\u0101 ar le\u0123end\u0101ro aktieri \u0122irtu Jakov\u013cevu re\u017eisore pasaul\u0113 laidusi ar\u012b d\u0113lu Reini Jakov\u013cevu. Nu Dace devusies taisaul\u0113, pievienojoties savam br\u0101lim, paz\u012bstamajam dramaturgam Paulam Putni\u0146am, kura m\u016b\u017es apr\u0101v\u0101s decembr\u012b pirms septi\u0146iem gadiem.<\/p>\n<p>K\u0101 savulaik atzinis Jakov\u013cevs, vi\u0146am ar m\u016b\u017ea sieviet\u0113m \u013coti paveicies.<\/p>\n<blockquote><p>&#13;<\/p>\n<p>\u00abGan pirmaj\u0101 dz\u012bv\u0113 Dace, gan tagad Inga ir izcili labas m\u0101tes, un apzi\u0146a\u00a0\u2013 man ir tr\u012bs d\u0113li un meita\u00a0\u2013 ir \u013coti pacil\u0101jo\u0161a. Bez \u0161aub\u0101m, tam visam apak\u0161\u0101 ir atbild\u012bba un pien\u0101kums,\u00bb<\/p>\n<p>&#13;\n<\/p><\/blockquote>\n<p>savulaik \u017eurn\u0101lam IEVA teica aktieris, kur\u0161 pats \u0161ovasar svin\u0113s 86. jubileju.<\/p>\n<p>\u0122irts satika Daci, ciemojoties pie sava kursabiedra Paula Putni\u0146a. \u00abPutni\u0146am Piebalg\u0101 bija m\u0101ja, vien\u0101 ziem\u0101 aizbrauc\u0101m uz turieni pasl\u0113pot. Tur ar\u012b satiku vi\u0146a jaun\u0101ko m\u0101su Daci,\u00bb atcer\u0113j\u0101s Jakov\u013cevs. Tolaik Dace vi\u0146u gaid\u012bjusi no armijas p\u0101rn\u0101kam.<\/p>\n<blockquote><p>&#13;<\/p>\n<p>\u00abSagaid\u012bja ar\u012b. M\u0113nesn\u012bc\u0101 g\u0101j\u0101m sl\u0113pot\u2026 Un t\u0101 dz\u012bve izv\u0113rt\u0101s \u2013 palik\u0101m kop\u0101. Rakst\u012bj\u0101m viens otram v\u0113stules. P\u0113c septi\u0146iem gadiem svin\u0113j\u0101m skaistas k\u0101zas Piebalg\u0101,\u00bb<\/p>\n<p>&#13;\n<\/p><\/blockquote>\n<p>pirms 16 gadiem \u017eurn\u0101lam SANTA st\u0101st\u012bja \u0122irts. \u0122irts attiec\u012bb\u0101s ar Daci bijis apbr\u012bnojami g\u0101d\u012bgs. Telev\u012bzijas kol\u0113\u0123i atceras, ka pirms Daces Jakov\u013cevas ierakstiem alla\u017e iebr\u0101zies vi\u0146as \u0122irts, atdevis milz\u012bgu zaru vai pu\u0161\u0137u kl\u0113pi studijas rot\u0101\u0161anai, nobu\u010dojis sievu un, saj\u016bsmas skatienu pavad\u012bts, aiznesies t\u0101l\u0101k uz te\u0101tri.<\/p>\n<p>Ar Daci \u0122irts laul\u012bb\u0101 pavad\u012bja 31 gadu. Lai gan \u0161\u0137ir\u0161an\u0101s nebija viegla, turpm\u0101ko dz\u012bvi biju\u0161ie laul\u0101tie viens par otru run\u0101ju\u0161i tikai labu. K\u0101d\u0101 atkl\u0101t\u0101 intervij\u0101 \u017eurn\u0101listei L\u012bgai Blauai Dace reiz atzin\u0101s, ka dab\u016bt \u0122irtu par v\u012bru v\u0113l\u0113jusies m\u0113r\u0137tiec\u012bgi. Vi\u0146ai vienm\u0113r patiku\u0161i skaisti v\u012brie\u0161i, un \u0122irts ta\u010du bija visskaist\u0101kais.<\/p>\n<p>Dace ar\u012b apzin\u0101jusies \u2013 \u0161\u012b laul\u012bba neb\u016bs uz m\u016b\u017eu. \u00abTik smuks v\u012brietis \u2013 lai tak tiek cit\u0101m ar\u012b.\u00bb Daces meita Liene 2012. gada intervij\u0101 \u017eurn\u0101lam IEVA teikusi: \u00abJa vec\u0101kiem bija k\u0101das domstarp\u012bbas, m\u0113s ar br\u0101li vi\u0146u emocijas uz \u0101ru neredz\u0113j\u0101m, t\u0101p\u0113c neko daudz nezinu, k\u0101p\u0113c vec\u0101ki, kas neap\u0161aub\u0101mi viens otru m\u012bl\u0113ja, iz\u0161\u0137\u012br\u0101s. Ne mamma, ne t\u0113tis ar mums par attiec\u012bb\u0101m nerun\u0101ja,\u00bb teica Liene.<\/p>\n<p>Vair\u0101k lasi \u017eurn\u0101l\u0101 Priv\u0101t\u0101 Dz\u012bve!\u00a0<\/p>\n<p>&#13;<\/p>\n<ul>&#13;<\/p>\n<li>\u00abNesp\u0113j\u0101m pal\u012bdz\u0113t&#8230;\u00bb Ikstenas m\u0101sa par Noras m\u016b\u017ea izska\u0146u<\/li>\n<p>&#13;<\/p>\n<li>Artu Skuju un T\u0101li Eipuru atlai\u017e no darba TV<\/li>\n<p>&#13;<\/p>\n<li>10 amizanti fakti, ko daudzi nezina par Maestro Paulu<\/li>\n<p>&#13;<\/p>\n<li>Juris \u017dagars par p\u0101rmai\u0146\u0101m Dailes \u0161tat\u0101<\/li>\n<p>&#13;<\/p>\n<li>U\u013cjanas Semjonovas dz\u012bv\u012bba izdzisa tr\u012bs dien\u0101s<\/li>\n<p>&#13;<\/p>\n<li>Aija Andrejeva atkl\u0101j, ko uzd\u0101vin\u0101jusi sev 40. jubilej\u0101<\/li>\n<p>&#13;<\/p>\n<li>\u0112rk\u0161\u0137u \u0161ova zvaigzne Ksenija J\u0113kabpil\u012b nones ce\u013caz\u012bmes<\/li>\n<p>&#13;<\/p>\n<li>K\u0101 p\u0113c dz\u012bvesbiedres n\u0101ves dz\u012bvo J\u0101nis Jenzis<\/li>\n<p>&#13;\n<\/ul>\n<p>\t&#13;<br \/>\n\t&#13;<br \/>\n\t\t\t\t<img decoding=\"async\" class=\"no-convert\" data-init=\"lazy-image\" src=\"https:\/\/www.europesays.com\/lv\/wp-content\/uploads\/2026\/01\/1768478240_450_17682117336964c5158f37a.jpg\" alt=\"Priv\u0101t\u0101 Dzive nr02\/2026\" style=\"margin-top: 15px;\"\/>&#13;<br \/>\n\t\t\t&#13;<br \/>\n&#13;\n<\/p>\n<p>\u00a0<\/p>\n","protected":false},"excerpt":{"rendered":"Latvijas Telev\u012bzijas m\u016bzikas programmas ilggad\u0113ja re\u017eisore Dace Jakov\u013ceva bija m\u0101mi\u0146a raid\u012bjuma Kult\u016bras zi\u0146as vad\u012bt\u0101jai muzikolo\u0123ei Lienei Jakov\u013cevai. Vair\u0101k&hellip;\n","protected":false},"author":2,"featured_media":105461,"comment_status":"","ping_status":"","sticky":false,"template":"","format":"standard","meta":{"footnotes":""},"categories":[17],"tags":[35,39,38,36,37,34,40,67],"class_list":{"0":"post-105460","1":"post","2":"type-post","3":"status-publish","4":"format-standard","5":"has-post-thumbnail","7":"category-sports","8":"tag-latvia","9":"tag-latvian","10":"tag-latviesu","11":"tag-latviesu-valoda","12":"tag-latviesuvaloda","13":"tag-latvija","14":"tag-lv","15":"tag-sports"},"share_on_mastodon":{"url":"https:\/\/pubeurope.com\/@lv\/115898996657819187","error":""},"_links":{"self":[{"href":"https:\/\/www.europesays.com\/lv\/wp-json\/wp\/v2\/posts\/105460","targetHints":{"allow":["GET"]}}],"collection":[{"href":"https:\/\/www.europesays.com\/lv\/wp-json\/wp\/v2\/posts"}],"about":[{"href":"https:\/\/www.europesays.com\/lv\/wp-json\/wp\/v2\/types\/post"}],"author":[{"embeddable":true,"href":"https:\/\/www.europesays.com\/lv\/wp-json\/wp\/v2\/users\/2"}],"replies":[{"embeddable":true,"href":"https:\/\/www.europesays.com\/lv\/wp-json\/wp\/v2\/comments?post=105460"}],"version-history":[{"count":0,"href":"https:\/\/www.europesays.com\/lv\/wp-json\/wp\/v2\/posts\/105460\/revisions"}],"wp:featuredmedia":[{"embeddable":true,"href":"https:\/\/www.europesays.com\/lv\/wp-json\/wp\/v2\/media\/105461"}],"wp:attachment":[{"href":"https:\/\/www.europesays.com\/lv\/wp-json\/wp\/v2\/media?parent=105460"}],"wp:term":[{"taxonomy":"category","embeddable":true,"href":"https:\/\/www.europesays.com\/lv\/wp-json\/wp\/v2\/categories?post=105460"},{"taxonomy":"post_tag","embeddable":true,"href":"https:\/\/www.europesays.com\/lv\/wp-json\/wp\/v2\/tags?post=105460"}],"curies":[{"name":"wp","href":"https:\/\/api.w.org\/{rel}","templated":true}]}}