{"id":105462,"date":"2026-01-15T11:59:08","date_gmt":"2026-01-15T11:59:08","guid":{"rendered":"https:\/\/www.europesays.com\/lv\/105462\/"},"modified":"2026-01-15T11:59:08","modified_gmt":"2026-01-15T11:59:08","slug":"baiba-braze-un-kaja-kallasa-alkohola-joks-socialajos-tiklos","status":"publish","type":"post","link":"https:\/\/www.europesays.com\/lv\/105462\/","title":{"rendered":"Baiba Bra\u017ee un Kaja Kallasa: alkohola joks soci\u0101lajos t\u012bklos"},"content":{"rendered":"<p class=\"descr\">P\u0101rsteidzo\u0161s ieraksts soci\u0101laj\u0101 vietn\u0113 &#8220;X&#8221; redzams Latvijas Republikas \u0101rlietu ministres Baibas Bra\u017ees kont\u0101, kas bija atbilde Kallasas izteikumam par to, ka \u0161is &#8220;var\u0113tu b\u016bt \u012bstais laiks s\u0101kt dzert&#8221;.<\/p>\n<p>ES \u0101rpolitikas vad\u012bt\u0101jas Kajas Kallasas joks par to, ka pasaules st\u0101voklis ir tik briesm\u012bgs, ka varb\u016bt ir \u012bstais br\u012bdis s\u0101kt dzert, izrais\u012bja asu reakciju soci\u0101laj\u0101s vietn\u0113s.<\/p>\n<p>Baiba Bra\u017ee atbild\u0113ja \u012bsi un ar lepnumu: &#8220;\u0160aj\u0101 gad\u012bjum\u0101 es ieteiktu &#8220;\u014cBDO R\u012aGA&#8221; <a href=\"https:\/\/nra.lv\/tautaruna\/slavenibas\/511221-kapec-donalds-tramps-nekad-nav-lietojis-alkoholu-patiesais-iemesls.htm\" data-item-link=\"true\" data-item-id=\"511221\" rel=\"nofollow noopener\" target=\"_blank\">d\u017einu.&#8221;<\/a><\/p>\n<p>Konteksts:<\/p>\n<p>&#8220;EU Politico&#8221; raksta: ES \u0101rpolitikas vad\u012bt\u0101ja Kaja Kallasa priv\u0101ti likumdev\u0113jiem sac\u012bja, ka pasaules st\u0101voklis noz\u012bm\u0113, ka tas var\u0113tu b\u016bt \u201clabs br\u012bdis\u201d, lai s\u0101ktu dzert.<\/p>\n<p>Kallasa Eiropas Parlamenta politisko grupu vad\u012bt\u0101jiem sac\u012bja, ka, lai gan vi\u0146a nav liela dz\u0113r\u0101ja, tagad, \u0146emot v\u0113r\u0101 notikumus vis\u0101 pasaul\u0113, var\u0113tu b\u016bt \u012bstais laiks s\u0101kt dzert, liecina divi cilv\u0113ki, kas atrad\u0101s telp\u0101.<\/p>\n<p>Vi\u0146a run\u0101ja aptuveni taj\u0101 pa\u0161\u0101 laik\u0101, kad Grenlandes un D\u0101nijas \u0101rlietu ministri tik\u0101s ar ASV viceprezidentu D\u017e. D. Vensu un valsts sekret\u0101ru Marko Rubio par Donalda Trampa draudiem sagr\u0101bt Arktikas salu.<\/p>\n<p>ES augst\u0101k\u0101 diplom\u0101te, kas koordin\u0113 bloka \u0101rpolitiku 27 vald\u012bbu un Eiropas Komisijas v\u0101rd\u0101, izjokoja priek\u0161s\u0113d\u0113t\u0101ju konferences san\u0101ksm\u0113, kas ir parlamenta grupu vad\u012bt\u0101ju san\u0101ksme. Vi\u0146as koment\u0101ri izskan\u0113ja p\u0113c tam, kad augst\u0101kie Eiropas Parlamenta deput\u0101ti s\u0101ka viens otram v\u0113l\u0113t laim\u012bgu jauno gadu. Tie pa\u0161i deput\u0101ti piebilda, ka glob\u0101lie notikumi, p\u0113c kl\u0101teso\u0161o teikt\u0101, noz\u012bm\u0113, ka t\u0101 nav tik priec\u012bga.<\/p>\n<p>Kallasas p\u0101rst\u0101vis nekav\u0113joties neatbild\u0113ja uz koment\u0101ru piepras\u012bjumu.<\/p>\n<blockquote class=\"twitter-tweet\">\n<p lang=\"en\" dir=\"ltr\">EU foreign policy chief Kaja Kallas privately told lawmakers the state of the world meant it might be a \u201cgood moment\u201d to start drinking.<a href=\"https:\/\/t.co\/CFgENL6U6S\" rel=\"nofollow\">https:\/\/t.co\/CFgENL6U6S<\/a><\/p>\n<p>\u2014 POLITICOEurope (@POLITICOEurope) <a href=\"https:\/\/twitter.com\/POLITICOEurope\/status\/2011504119593181587?ref_src=twsrc%5Etfw\" rel=\"nofollow noopener\" target=\"_blank\">January 14, 2026<\/a><\/p><\/blockquote>\n<p>\t\t\t\t\t\tinfo<\/p>\n<p>Uzzini pirmais<br \/>kas interesants noticis Latvij\u0101 un pasaul\u0113,<br \/>pievienojoties mums <a href=\"https:\/\/t.me\/neatkariga\" rel=\"nofollow\">Telegram<\/a> vai <a href=\"https:\/\/whatsapp.com\/channel\/0029VaMLFUH5K3zLU5s4wm3y\" rel=\"nofollow noopener\" target=\"_blank\">Whatsapp<\/a> kan\u0101l\u0101<\/p>\n<p>\t\t\t\t\t\t\t\t\t<script async src=\"https:\/\/platform.twitter.com\/widgets.js\" charset=\"utf-8\"><\/script><\/p>\n","protected":false},"excerpt":{"rendered":"P\u0101rsteidzo\u0161s ieraksts soci\u0101laj\u0101 vietn\u0113 &#8220;X&#8221; redzams Latvijas Republikas \u0101rlietu ministres Baibas Bra\u017ees kont\u0101, kas bija atbilde Kallasas izteikumam&hellip;\n","protected":false},"author":2,"featured_media":105463,"comment_status":"","ping_status":"","sticky":false,"template":"","format":"standard","meta":{"footnotes":""},"categories":[14],"tags":[23,57,28,29,32,33,22,30,31,35,39,38,36,37,34,40,20,26,27,24,25,54,55,56,21,58],"class_list":{"0":"post-105462","1":"post","2":"type-post","3":"status-publish","4":"format-standard","5":"has-post-thumbnail","7":"category-zinas-no-arvalstim","8":"tag-aktualitates","9":"tag-arvalstim","10":"tag-breaking-news","11":"tag-breakingnews","12":"tag-featured-news","13":"tag-featurednews","14":"tag-headlines","15":"tag-latest-news","16":"tag-latestnews","17":"tag-latvia","18":"tag-latvian","19":"tag-latviesu","20":"tag-latviesu-valoda","21":"tag-latviesuvaloda","22":"tag-latvija","23":"tag-lv","24":"tag-news","25":"tag-popularakas-zinas","26":"tag-popularakaszinas","27":"tag-top-stories","28":"tag-topstories","29":"tag-world","30":"tag-world-news","31":"tag-worldnews","32":"tag-zinas","33":"tag-zinas-no-arvalstim"},"share_on_mastodon":{"url":"https:\/\/pubeurope.com\/@lv\/115899004611582445","error":""},"_links":{"self":[{"href":"https:\/\/www.europesays.com\/lv\/wp-json\/wp\/v2\/posts\/105462","targetHints":{"allow":["GET"]}}],"collection":[{"href":"https:\/\/www.europesays.com\/lv\/wp-json\/wp\/v2\/posts"}],"about":[{"href":"https:\/\/www.europesays.com\/lv\/wp-json\/wp\/v2\/types\/post"}],"author":[{"embeddable":true,"href":"https:\/\/www.europesays.com\/lv\/wp-json\/wp\/v2\/users\/2"}],"replies":[{"embeddable":true,"href":"https:\/\/www.europesays.com\/lv\/wp-json\/wp\/v2\/comments?post=105462"}],"version-history":[{"count":0,"href":"https:\/\/www.europesays.com\/lv\/wp-json\/wp\/v2\/posts\/105462\/revisions"}],"wp:featuredmedia":[{"embeddable":true,"href":"https:\/\/www.europesays.com\/lv\/wp-json\/wp\/v2\/media\/105463"}],"wp:attachment":[{"href":"https:\/\/www.europesays.com\/lv\/wp-json\/wp\/v2\/media?parent=105462"}],"wp:term":[{"taxonomy":"category","embeddable":true,"href":"https:\/\/www.europesays.com\/lv\/wp-json\/wp\/v2\/categories?post=105462"},{"taxonomy":"post_tag","embeddable":true,"href":"https:\/\/www.europesays.com\/lv\/wp-json\/wp\/v2\/tags?post=105462"}],"curies":[{"name":"wp","href":"https:\/\/api.w.org\/{rel}","templated":true}]}}