{"id":105464,"date":"2026-01-15T12:00:09","date_gmt":"2026-01-15T12:00:09","guid":{"rendered":"https:\/\/www.europesays.com\/lv\/105464\/"},"modified":"2026-01-15T12:00:09","modified_gmt":"2026-01-15T12:00:09","slug":"cilvekiem-kuri-nevar-dienet-laus-atbalstit-zemessardzi-ar-zinasanam-un-prasmem-aprinkis","status":"publish","type":"post","link":"https:\/\/www.europesays.com\/lv\/105464\/","title":{"rendered":"Cilv\u0113kiem, kuri nevar dien\u0113t, \u013caus atbalst\u012bt Zemessardzi ar zin\u0101\u0161an\u0101m un prasm\u0113m &#8211; Apri\u0146\u0137is"},"content":{"rendered":"<ol>\n<li><a href=\"https:\/\/news.google.com\/rss\/articles\/CBMi3gFBVV95cUxOQmliTFB3bHdFcEgzQVZ4NEtpMkh6VHFLQVFzWENrM1hvdUFGcFFNc3FJYkZfQ0JGMzkweDlpcWp3RlhqX2JvNnJpb2hTcHZIQXFXS3JhOWoxcE1yLXVYRVZ4T0tGeTNNVHBCcXh0SEhVMEYzejM5MlM2S2hhQmFWbm1vQXVFcVdhdUxDLUdXTlBDUWM4cEFTT215RmFoWVNpWVNiRjRwSmx1ci1tSFhwdmxWN0tfRzczY3BhNG1GaDdaS0dCMHhzVXExQjV5OTZ1b3Z1VTFMRHRXUl9qWnc?oc=5\" target=\"_blank\" rel=\"nofollow noopener\">Cilv\u0113kiem, kuri nevar dien\u0113t, \u013caus atbalst\u012bt Zemessardzi ar zin\u0101\u0161an\u0101m un prasm\u0113m<\/a>&nbsp;&nbsp;Apri\u0146\u0137is<\/li>\n<li><a href=\"https:\/\/news.google.com\/rss\/articles\/CBMiogFBVV95cUxNWHNKNXBKQ09yeHlQUkplcF9xd1BqY2U3MzFnZXNIdE9yYjQ1a3JTSmZoN0cxb2d6RWpuRjZoN0NJd2EyTjZvbmpaZ3AtY2dNQUg0dm5PUS16dmNGQ2VobTdObmR3MFk1SFpTTFBiZS1td2xmTlE2TkdGZzJocVB0aTFhQlU3M1M1N3ItRFRQRGFlUnVIRzM0NlhUV1prVEZ6N0E?oc=5\" target=\"_blank\" rel=\"nofollow noopener\">Parlaments sper soli tuv\u0101k Zemessardzes atbalst\u012bt\u0101ja statusa ievie\u0161anai<\/a>&nbsp;&nbsp;TVNET<\/li>\n<li><a href=\"https:\/\/news.google.com\/rss\/articles\/CBMikgFBVV95cUxQUDZtMHdoNWFVZFpYR2NWYURFNU1GQlRLa2Z4cU5lb0t3OEotZjJUN2p1cHJQY2tLOVNTTzE1M1BBeVNRQTE1MTZuWHhzMHVnS3ZiOThiYllIWmNCY2RyLS1JS3gwdlFnX1QtZGlCUjlKR1dfa2hFc3lZSDdBN1VhNk05MS1CbjZuQTU2Tnh5cFdMdw?oc=5\" target=\"_blank\" rel=\"nofollow noopener\">Saeima sapulc\u0113sies uz pirmo s\u0113di ziemas sesij\u0101<\/a>&nbsp;&nbsp;Inbox.lv<\/li>\n<li><a href=\"https:\/\/news.google.com\/rss\/articles\/CBMigAFBVV95cUxNUzZlU3ZtNzVxUEZPVnlYQ0dNWm9vVVU5eHh1em1OY0RzSkk5S1hHaHVOV1Z5bjRjc3R3ZEhiaFZ3UFM1UFUzbzk3TWtGMWtDRy1aOGMtVTcybEVxZzVneTZpbVBOcnA0MmdURThLNVdJalVZRkNMQmlXZUROTVRVOdIBhgFBVV95cUxNSEI5NnU3cS1jZnRBWHRlbi1mQ2t5a2xYZmJ2ZDA3V0VqcXV1a1lkX29BdzE3anI0N3Y4TkVnTTRWYmgzM24zNkd3RElkeWRSOG1rTzc5SUZpbXN2U1Y2emVuNmN6YUdBV2ZNZGNiSmpSeTdnZGp4ODdqYjhZVUR6Nkt4OV81dw?oc=5\" target=\"_blank\" rel=\"nofollow noopener\">Saeima s\u0101ks ziemas sesiju<\/a>&nbsp;&nbsp;bb.lv<\/li>\n<li><a href=\"https:\/\/news.google.com\/rss\/articles\/CBMikgFBVV95cUxPcHZ6NDNBSXJPWGpOMWlwbTRXNWRMZTQ3Z2N3ZGwyLVU2ZW1oVS0waHVsd1Y4OFF5ZVdQNU1aSXJ3RXRwVkU2QnRKdTJMWVZUQVd5c1o5TE5FZWlrMTZ5VkJLcWZVb3JGWnlONEZ1YjhYZjQ2ak03SDdiRlpwWml5a2N1MXhwY0xFX0oxMkp0T1pyUQ?oc=5\" target=\"_blank\" rel=\"nofollow noopener\">Saeima san\u0101ks uz pirmo s\u0113di ziemas sesij\u0101<\/a>&nbsp;&nbsp;LV port\u0101ls<\/li>\n<\/ol>\n","protected":false},"excerpt":{"rendered":"Cilv\u0113kiem, kuri nevar dien\u0113t, \u013caus atbalst\u012bt Zemessardzi ar zin\u0101\u0161an\u0101m un prasm\u0113m&nbsp;&nbsp;Apri\u0146\u0137is Parlaments sper soli tuv\u0101k Zemessardzes atbalst\u012bt\u0101ja statusa&hellip;\n","protected":false},"author":2,"featured_media":105465,"comment_status":"","ping_status":"","sticky":false,"template":"","format":"standard","meta":{"footnotes":""},"categories":[12],"tags":[23,28,29,47,32,33,22,381,64,30,31,35,39,38,36,37,34,40,20,385,26,27,172,382,384,383,24,25,21],"class_list":{"0":"post-105464","1":"post","2":"type-post","3":"status-publish","4":"format-standard","5":"has-post-thumbnail","7":"category-latvija","8":"tag-aktualitates","9":"tag-breaking-news","10":"tag-breakingnews","11":"tag-ekonomika","12":"tag-featured-news","13":"tag-featurednews","14":"tag-headlines","15":"tag-jaunumi","16":"tag-kultura","17":"tag-latest-news","18":"tag-latestnews","19":"tag-latvia","20":"tag-latvian","21":"tag-latviesu","22":"tag-latviesu-valoda","23":"tag-latviesuvaloda","24":"tag-latvija","25":"tag-lv","26":"tag-news","27":"tag-pieriga","28":"tag-popularakas-zinas","29":"tag-popularakaszinas","30":"tag-riga","31":"tag-sabiedriba","32":"tag-sludinajumi","33":"tag-sports-afisa","34":"tag-top-stories","35":"tag-topstories","36":"tag-zinas"},"share_on_mastodon":{"url":"https:\/\/pubeurope.com\/@lv\/115899008489430483","error":""},"_links":{"self":[{"href":"https:\/\/www.europesays.com\/lv\/wp-json\/wp\/v2\/posts\/105464","targetHints":{"allow":["GET"]}}],"collection":[{"href":"https:\/\/www.europesays.com\/lv\/wp-json\/wp\/v2\/posts"}],"about":[{"href":"https:\/\/www.europesays.com\/lv\/wp-json\/wp\/v2\/types\/post"}],"author":[{"embeddable":true,"href":"https:\/\/www.europesays.com\/lv\/wp-json\/wp\/v2\/users\/2"}],"replies":[{"embeddable":true,"href":"https:\/\/www.europesays.com\/lv\/wp-json\/wp\/v2\/comments?post=105464"}],"version-history":[{"count":0,"href":"https:\/\/www.europesays.com\/lv\/wp-json\/wp\/v2\/posts\/105464\/revisions"}],"wp:featuredmedia":[{"embeddable":true,"href":"https:\/\/www.europesays.com\/lv\/wp-json\/wp\/v2\/media\/105465"}],"wp:attachment":[{"href":"https:\/\/www.europesays.com\/lv\/wp-json\/wp\/v2\/media?parent=105464"}],"wp:term":[{"taxonomy":"category","embeddable":true,"href":"https:\/\/www.europesays.com\/lv\/wp-json\/wp\/v2\/categories?post=105464"},{"taxonomy":"post_tag","embeddable":true,"href":"https:\/\/www.europesays.com\/lv\/wp-json\/wp\/v2\/tags?post=105464"}],"curies":[{"name":"wp","href":"https:\/\/api.w.org\/{rel}","templated":true}]}}