{"id":105466,"date":"2026-01-15T12:01:10","date_gmt":"2026-01-15T12:01:10","guid":{"rendered":"https:\/\/www.europesays.com\/lv\/105466\/"},"modified":"2026-01-15T12:01:10","modified_gmt":"2026-01-15T12:01:10","slug":"krievija-izraida-lielbritanijas-diplomatu","status":"publish","type":"post","link":"https:\/\/www.europesays.com\/lv\/105466\/","title":{"rendered":"Krievija izraida Lielbrit\u0101nijas diplom\u0101tu"},"content":{"rendered":"<p>Krievijas \u0100rlietu ministrija \u0161or\u012bt pazi\u0146oja, ka izsaukusi Lielbrit\u0101nijas pilnvaroto lietvedi Danaju Dolakiju, lai izteiktu protestu un inform\u0113tu vi\u0146u, ka diplom\u0101ts tiek izraid\u012bts. Ministrija neidentific\u0113ja diplom\u0101tu, bet nor\u0101d\u012bja, ka vi\u0146am divu ned\u0113\u013cu laik\u0101 j\u0101atst\u0101j <a href=\"https:\/\/www.tvnet.lv\/term\/555452\/krievija\" class=\"topicLink\" target=\"_blank\" rel=\"nofollow noopener\">Krievija<\/a>.<\/p>\n<p>Pazi\u0146ojot, ka Maskava &#8220;neciet\u012bs nedeklar\u0113tu britu izl\u016bkdienestu darbinieku aktivit\u0101tes Krievij\u0101&#8221;, Krievijas \u0100rlietu ministrija br\u012bdin\u0101ja, ka Maskava dos izl\u0113m\u012bgu atbildi, ja Londona &#8220;saasin\u0101s situ\u0101ciju&#8221;.<\/p>\n<p>Kop\u0161 Krievijas atk\u0101rtot\u0101 iebrukuma Ukrain\u0101 gan Krievija, gan <a href=\"https:\/\/www.tvnet.lv\/term\/555491\/lielbritanija\" class=\"topicLink\" target=\"_blank\" rel=\"nofollow noopener\">Lielbrit\u0101nija<\/a> ir periodiski izraid\u012bju\u0161as viena otras diplom\u0101tus.<\/p>\n<p>Pag\u0101ju\u0161\u0101 gada mart\u0101 Krievija izraid\u012bja vienu Lielbrit\u0101nijas diplom\u0101tu un v\u0113l viena diplom\u0101ta dz\u012bvesbiedru, apgalvojot, ka vi\u0146i biju\u0161i spiegi. Atbildot uz to, Lielbrit\u0101nija izraid\u012bja Krievijas diplom\u0101tu, un toreiz\u0113jais \u0101rlietu ministrs Deivids Lamijs aps\u016bdz\u0113ja Maskavu par &#8220;nesaudz\u012bgu un nepie\u0146emamu iebied\u0113\u0161anas kampa\u0146u&#8221; pret Lielbrit\u0101nijas v\u0113stniec\u012bbas darbiniekiem.<\/p>\n","protected":false},"excerpt":{"rendered":"Krievijas \u0100rlietu ministrija \u0161or\u012bt pazi\u0146oja, ka izsaukusi Lielbrit\u0101nijas pilnvaroto lietvedi Danaju Dolakiju, lai izteiktu protestu un inform\u0113tu vi\u0146u,&hellip;\n","protected":false},"author":2,"featured_media":105467,"comment_status":"","ping_status":"","sticky":false,"template":"","format":"standard","meta":{"footnotes":""},"categories":[5],"tags":[23,3700,28,29,32,33,22,234,30,31,35,39,38,36,37,34,487,40,20,26,27,24,25,21],"class_list":{"0":"post-105466","1":"post","2":"type-post","3":"status-publish","4":"format-standard","5":"has-post-thumbnail","7":"category-aktualitates","8":"tag-aktualitates","9":"tag-autoritarisma-ena-par-eiropu","10":"tag-breaking-news","11":"tag-breakingnews","12":"tag-featured-news","13":"tag-featurednews","14":"tag-headlines","15":"tag-krievija","16":"tag-latest-news","17":"tag-latestnews","18":"tag-latvia","19":"tag-latvian","20":"tag-latviesu","21":"tag-latviesu-valoda","22":"tag-latviesuvaloda","23":"tag-latvija","24":"tag-lielbritanija","25":"tag-lv","26":"tag-news","27":"tag-popularakas-zinas","28":"tag-popularakaszinas","29":"tag-top-stories","30":"tag-topstories","31":"tag-zinas"},"share_on_mastodon":{"url":"https:\/\/pubeurope.com\/@lv\/115899012511230796","error":""},"_links":{"self":[{"href":"https:\/\/www.europesays.com\/lv\/wp-json\/wp\/v2\/posts\/105466","targetHints":{"allow":["GET"]}}],"collection":[{"href":"https:\/\/www.europesays.com\/lv\/wp-json\/wp\/v2\/posts"}],"about":[{"href":"https:\/\/www.europesays.com\/lv\/wp-json\/wp\/v2\/types\/post"}],"author":[{"embeddable":true,"href":"https:\/\/www.europesays.com\/lv\/wp-json\/wp\/v2\/users\/2"}],"replies":[{"embeddable":true,"href":"https:\/\/www.europesays.com\/lv\/wp-json\/wp\/v2\/comments?post=105466"}],"version-history":[{"count":0,"href":"https:\/\/www.europesays.com\/lv\/wp-json\/wp\/v2\/posts\/105466\/revisions"}],"wp:featuredmedia":[{"embeddable":true,"href":"https:\/\/www.europesays.com\/lv\/wp-json\/wp\/v2\/media\/105467"}],"wp:attachment":[{"href":"https:\/\/www.europesays.com\/lv\/wp-json\/wp\/v2\/media?parent=105466"}],"wp:term":[{"taxonomy":"category","embeddable":true,"href":"https:\/\/www.europesays.com\/lv\/wp-json\/wp\/v2\/categories?post=105466"},{"taxonomy":"post_tag","embeddable":true,"href":"https:\/\/www.europesays.com\/lv\/wp-json\/wp\/v2\/tags?post=105466"}],"curies":[{"name":"wp","href":"https:\/\/api.w.org\/{rel}","templated":true}]}}