{"id":105473,"date":"2026-01-15T12:05:08","date_gmt":"2026-01-15T12:05:08","guid":{"rendered":"https:\/\/www.europesays.com\/lv\/105473\/"},"modified":"2026-01-15T12:05:08","modified_gmt":"2026-01-15T12:05:08","slug":"astronauta-veselibas-problemu-del-nasa-misija-priekslaicigi-atgriezusies-no-sks","status":"publish","type":"post","link":"https:\/\/www.europesays.com\/lv\/105473\/","title":{"rendered":"Astronauta vesel\u012bbas probl\u0113mu d\u0113\u013c NASA misija priek\u0161laic\u012bgi atgriezusies no SKS"},"content":{"rendered":"<p>\u0160\u012b ir pirm\u0101 reize SKS v\u0113stur\u0113, kad apkalpe atgriezusies uz Zemes priek\u0161laic\u012bgi, jo k\u0101ds no astronautiem ir saslimis.<\/p>\n<p>Kapsula ar astronautiem Zenu K\u0101rdmenu un Maiklu Finki, Jap\u0101nas astronautu Kimiju Jui un Krievijas kosmonautu O\u013cegu Platonovu piezem\u0113j\u0101s Klusaj\u0101 oke\u0101n\u0101 net\u0101lu no Sandjego. Vi\u0146i SKS pavad\u012bja piecus m\u0113ne\u0161us.<\/p>\n<p><img decoding=\"async\" class=\"figure__image\" onclick=\"triggerEvent('articleImageClick', { id: 17389123, focus: 'single-image', focusIndex: '17389123' })\" onkeydown=\"if (event.key === 'Enter') {&#10;        triggerEvent('articleImageClick', { id: 17389123, focus: 'single-image', focusIndex: '17389123' })&#10;        }\" role=\"button\" tabindex=\"0\" data-focus-from=\"single-image\" data-focus-index=\"17389123\" src=\"https:\/\/www.europesays.com\/lv\/wp-content\/uploads\/2026\/01\/17389123t1h0f41.jpg\"  onload=\"this.parentElement.classList.remove('figure__image-loading')\" alt=\"\"\/> Foto: NASA\/Bill Ingalls\/AP<\/p>\n<p>ASV Nacion\u0101l\u0101 Aeronautikas un kosmosa p\u0101rvalde (<a href=\"https:\/\/www.tvnet.lv\/term\/5052\/nasa\" class=\"topicLink\" target=\"_blank\" rel=\"nofollow noopener\">NASA<\/a>) neatkl\u0101ja apkalpes locek\u013ca identit\u0101ti vai medic\u012bnisko probl\u0113mu raksturu, bet nor\u0101d\u012bja, ka t\u0101 nav saist\u012bta ar SKS pien\u0101kumu veik\u0161anu un nav \u0101rk\u0101rtas situ\u0101cija. NASA galvenais vesel\u012bbas un medic\u012bnas vad\u012bt\u0101js D\u017eeimss Polks astronauta vesel\u012bbas st\u0101vokli raksturoja k\u0101 stabilu.<\/p>\n","protected":false},"excerpt":{"rendered":"\u0160\u012b ir pirm\u0101 reize SKS v\u0113stur\u0113, kad apkalpe atgriezusies uz Zemes priek\u0161laic\u012bgi, jo k\u0101ds no astronautiem ir saslimis.&hellip;\n","protected":false},"author":2,"featured_media":105474,"comment_status":"","ping_status":"","sticky":false,"template":"","format":"standard","meta":{"footnotes":""},"categories":[14],"tags":[23,57,28,29,32,33,22,12839,30,31,35,39,38,36,37,34,40,12836,20,26,27,24,25,54,55,56,21,58],"class_list":{"0":"post-105473","1":"post","2":"type-post","3":"status-publish","4":"format-standard","5":"has-post-thumbnail","7":"category-zinas-no-arvalstim","8":"tag-aktualitates","9":"tag-arvalstim","10":"tag-breaking-news","11":"tag-breakingnews","12":"tag-featured-news","13":"tag-featurednews","14":"tag-headlines","15":"tag-kosmoss","16":"tag-latest-news","17":"tag-latestnews","18":"tag-latvia","19":"tag-latvian","20":"tag-latviesu","21":"tag-latviesu-valoda","22":"tag-latviesuvaloda","23":"tag-latvija","24":"tag-lv","25":"tag-nasa","26":"tag-news","27":"tag-popularakas-zinas","28":"tag-popularakaszinas","29":"tag-top-stories","30":"tag-topstories","31":"tag-world","32":"tag-world-news","33":"tag-worldnews","34":"tag-zinas","35":"tag-zinas-no-arvalstim"},"share_on_mastodon":{"url":"https:\/\/pubeurope.com\/@lv\/115899028219649384","error":""},"_links":{"self":[{"href":"https:\/\/www.europesays.com\/lv\/wp-json\/wp\/v2\/posts\/105473","targetHints":{"allow":["GET"]}}],"collection":[{"href":"https:\/\/www.europesays.com\/lv\/wp-json\/wp\/v2\/posts"}],"about":[{"href":"https:\/\/www.europesays.com\/lv\/wp-json\/wp\/v2\/types\/post"}],"author":[{"embeddable":true,"href":"https:\/\/www.europesays.com\/lv\/wp-json\/wp\/v2\/users\/2"}],"replies":[{"embeddable":true,"href":"https:\/\/www.europesays.com\/lv\/wp-json\/wp\/v2\/comments?post=105473"}],"version-history":[{"count":0,"href":"https:\/\/www.europesays.com\/lv\/wp-json\/wp\/v2\/posts\/105473\/revisions"}],"wp:featuredmedia":[{"embeddable":true,"href":"https:\/\/www.europesays.com\/lv\/wp-json\/wp\/v2\/media\/105474"}],"wp:attachment":[{"href":"https:\/\/www.europesays.com\/lv\/wp-json\/wp\/v2\/media?parent=105473"}],"wp:term":[{"taxonomy":"category","embeddable":true,"href":"https:\/\/www.europesays.com\/lv\/wp-json\/wp\/v2\/categories?post=105473"},{"taxonomy":"post_tag","embeddable":true,"href":"https:\/\/www.europesays.com\/lv\/wp-json\/wp\/v2\/tags?post=105473"}],"curies":[{"name":"wp","href":"https:\/\/api.w.org\/{rel}","templated":true}]}}