{"id":105483,"date":"2026-01-15T12:12:28","date_gmt":"2026-01-15T12:12:28","guid":{"rendered":"https:\/\/www.europesays.com\/lv\/105483\/"},"modified":"2026-01-15T12:12:28","modified_gmt":"2026-01-15T12:12:28","slug":"raidijums-stasta-par-ugunsgreku-jekabpili","status":"publish","type":"post","link":"https:\/\/www.europesays.com\/lv\/105483\/","title":{"rendered":"raid\u012bjums st\u0101sta par ugunsgr\u0113ku J\u0113kabpil\u012b"},"content":{"rendered":"<p>Valsts policij\u0101 s\u0101kts krimin\u0101lprocess, kura laik\u0101 tiks noskaidroti ugunsgr\u0113ka c\u0113lo\u0146i.<\/p>\n<p>Viet\u0113jie iedz\u012bvot\u0101ji gan st\u0101sta, ka deg\u0161anas dien\u0101 nam\u0101 notikusi pas\u0113d\u0113\u0161ana vair\u0101ku cilv\u0113ku lok\u0101, kuras laik\u0101 lietots alkohols. V\u0113l\u0101k s\u0101cies str\u012bds un p\u0113c neilga br\u012b\u017ea izc\u0113lies <a href=\"https:\/\/www.apollo.lv\/term\/555502\/ugunsgreks\" class=\"topicLink\" target=\"_blank\" rel=\"nofollow noopener\">ugunsgr\u0113ks<\/a>.<\/p>\n<p>Sieviete uzkrita uz pl\u012bts. Viens no komp\u0101nijas dal\u012bbniekiem izsauca neatliekamo medic\u012bnisko pal\u012bdz\u012bbu. Kam\u0113r vi\u0146\u0161 dev\u0101s zvan\u012bt, m\u0101ja s\u0101ka degt. Par notiku\u0161o Valsts ugunsdz\u0113s\u012bbas un gl\u0101b\u0161anas dienestam pazi\u0146oja kaimi\u0146i, st\u0101sta kaimi\u0146\u0161.<\/p>\n<p>Pla\u0161\u0101k skaties telev\u012bzijas kan\u0101la TV3 raid\u012bjuma &#8220;Degpunkt\u0101&#8221; si\u017eet\u0101!<\/p>\n","protected":false},"excerpt":{"rendered":"Valsts policij\u0101 s\u0101kts krimin\u0101lprocess, kura laik\u0101 tiks noskaidroti ugunsgr\u0113ka c\u0113lo\u0146i. Viet\u0113jie iedz\u012bvot\u0101ji gan st\u0101sta, ka deg\u0161anas dien\u0101 nam\u0101&hellip;\n","protected":false},"author":2,"featured_media":105484,"comment_status":"","ping_status":"","sticky":false,"template":"","format":"standard","meta":{"footnotes":""},"categories":[12],"tags":[23,28,29,32,33,22,48,30,31,35,39,38,36,37,34,40,20,26,27,24,25,377,4909,4908,21],"class_list":{"0":"post-105483","1":"post","2":"type-post","3":"status-publish","4":"format-standard","5":"has-post-thumbnail","7":"category-latvija","8":"tag-aktualitates","9":"tag-breaking-news","10":"tag-breakingnews","11":"tag-featured-news","12":"tag-featurednews","13":"tag-headlines","14":"tag-jekabpils","15":"tag-latest-news","16":"tag-latestnews","17":"tag-latvia","18":"tag-latvian","19":"tag-latviesu","20":"tag-latviesu-valoda","21":"tag-latviesuvaloda","22":"tag-latvija","23":"tag-lv","24":"tag-news","25":"tag-popularakas-zinas","26":"tag-popularakaszinas","27":"tag-top-stories","28":"tag-topstories","29":"tag-ugunsgreks","30":"tag-valsts-ugunsdzesibas-un-glabsanas-dienests-vugd","31":"tag-vugd","32":"tag-zinas"},"share_on_mastodon":{"url":"https:\/\/pubeurope.com\/@lv\/115899055750918866","error":""},"_links":{"self":[{"href":"https:\/\/www.europesays.com\/lv\/wp-json\/wp\/v2\/posts\/105483","targetHints":{"allow":["GET"]}}],"collection":[{"href":"https:\/\/www.europesays.com\/lv\/wp-json\/wp\/v2\/posts"}],"about":[{"href":"https:\/\/www.europesays.com\/lv\/wp-json\/wp\/v2\/types\/post"}],"author":[{"embeddable":true,"href":"https:\/\/www.europesays.com\/lv\/wp-json\/wp\/v2\/users\/2"}],"replies":[{"embeddable":true,"href":"https:\/\/www.europesays.com\/lv\/wp-json\/wp\/v2\/comments?post=105483"}],"version-history":[{"count":0,"href":"https:\/\/www.europesays.com\/lv\/wp-json\/wp\/v2\/posts\/105483\/revisions"}],"wp:featuredmedia":[{"embeddable":true,"href":"https:\/\/www.europesays.com\/lv\/wp-json\/wp\/v2\/media\/105484"}],"wp:attachment":[{"href":"https:\/\/www.europesays.com\/lv\/wp-json\/wp\/v2\/media?parent=105483"}],"wp:term":[{"taxonomy":"category","embeddable":true,"href":"https:\/\/www.europesays.com\/lv\/wp-json\/wp\/v2\/categories?post=105483"},{"taxonomy":"post_tag","embeddable":true,"href":"https:\/\/www.europesays.com\/lv\/wp-json\/wp\/v2\/tags?post=105483"}],"curies":[{"name":"wp","href":"https:\/\/api.w.org\/{rel}","templated":true}]}}