{"id":105491,"date":"2026-01-15T12:18:09","date_gmt":"2026-01-15T12:18:09","guid":{"rendered":"https:\/\/www.europesays.com\/lv\/105491\/"},"modified":"2026-01-15T12:18:09","modified_gmt":"2026-01-15T12:18:09","slug":"rigas-dzemdibu-nama-desmit-dienu-laika-pasaule-nakusi-astoni-dvinu-pari","status":"publish","type":"post","link":"https:\/\/www.europesays.com\/lv\/105491\/","title":{"rendered":"R\u012bgas Dzemd\u012bbu nam\u0101 desmit dienu laik\u0101 pasaul\u0113 n\u0101ku\u0161i asto\u0146i dv\u012b\u0146u p\u0101ri"},"content":{"rendered":"<p>Desmit dienu laik\u0101 sagaid\u012bti \u010detri dv\u012b\u0146u meite\u0146u p\u0101ri, tr\u012bs dv\u012b\u0146u z\u0113nu p\u0101ri un viens abu dzimumu p\u0101ris.<\/p>\n<p><a href=\"https:\/\/www.apollo.lv\/term\/577045\/rigas-dzemdibu-nams\" class=\"topicLink\" target=\"_blank\" rel=\"nofollow noopener\">R\u012bgas Dzemd\u012bbu nams<\/a> aicina dv\u012b\u0146u vec\u0101kus, kuriem tas nepiecie\u0161ams, izmantot citu vec\u0101ku sar\u016bp\u0113tus (lietotus) auto kr\u0113slus, kas pieejami Dzemd\u012bbu nam\u0101.<\/p>\n<p>Jau zi\u0146ots, ka pag\u0101ju\u0161aj\u0101 gad\u0101 R\u012bgas Dzemd\u012bbu nam\u0101 pasaul\u0113 n\u0101ku\u0161i 3722 jaundzimu\u0161ie. Sal\u012bdzino\u0161i 2024. gad\u0101 iest\u0101d\u0113 tika sagaid\u012bti 3959 jaundzimu\u0161ie.<\/p>\n<p>No visiem jaundzimu\u0161ajiem p\u0113rn 1763 bija meitenes un 1959 &#8211; z\u0113ni, savuk\u0101rt 2024. gad\u0101 Dzemd\u012bbu nam\u0101 piedzima 1958 meitenes un 2001 z\u0113ns.<\/p>\n<p>Jaundzimu\u0161o vid\u016b 2025. gad\u0101 ir 66 dv\u012b\u0146u p\u0101ri un tr\u012bn\u012btes, kuras piedzima 21. mart\u0101.<\/p>\n<p>Gandr\u012bz piekt\u0101 da\u013ca &#8211; 19,8% \u0123ime\u0146u -, kuras Dzemd\u012bbu nam\u0101 sagaid\u012bju\u0161as \u0123imenes papildin\u0101jumu, p\u0113rn k\u013cuvu\u0161as par vec\u0101kiem tre\u0161ajam, ceturtajam, piektajam, sestajam vai sept\u012btajam b\u0113rnam. Sal\u012bdzino\u0161i 2024. gad\u0101 to \u0123ime\u0146u \u012bpatsvars, kas sagaid\u012bja tre\u0161o, ceturto, piekto vai sesto b\u0113rnu \u0123imen\u0113, bija 19%.<\/p>\n<p>P\u0113rn Dzemd\u012bbu nam\u0101 pasaul\u0113 n\u0101ca ar\u012b 100 ukrai\u0146u b\u0113rnu, bet kopum\u0101 kop\u0161 kara s\u0101kuma iest\u0101d\u0113 sagaid\u012bti 364 ukrai\u0146u jaundzimu\u0161ie.<\/p>\n<p>Gada &#8220;ra\u017e\u012bg\u0101kais&#8221; m\u0113nesis iest\u0101d\u0113 p\u0113rn bija j\u016blijs, kad pasaul\u0113 n\u0101ca 366 <a href=\"https:\/\/www.apollo.lv\/term\/555490\/berni\" class=\"topicLink\" target=\"_blank\" rel=\"nofollow noopener\">b\u0113rni<\/a>, bet jaundzimu\u0161ajiem bag\u0101t\u0101k\u0101 diena bija 21. augusts, kad piedzima 22 mazu\u013ci.<\/p>\n","protected":false},"excerpt":{"rendered":"Desmit dienu laik\u0101 sagaid\u012bti \u010detri dv\u012b\u0146u meite\u0146u p\u0101ri, tr\u012bs dv\u012b\u0146u z\u0113nu p\u0101ri un viens abu dzimumu p\u0101ris. R\u012bgas&hellip;\n","protected":false},"author":2,"featured_media":105492,"comment_status":"","ping_status":"","sticky":false,"template":"","format":"standard","meta":{"footnotes":""},"categories":[12],"tags":[23,521,28,29,965,32,33,22,30,31,35,39,38,36,37,34,40,20,26,27,23133,24,25,21],"class_list":{"0":"post-105491","1":"post","2":"type-post","3":"status-publish","4":"format-standard","5":"has-post-thumbnail","7":"category-latvija","8":"tag-aktualitates","9":"tag-berni","10":"tag-breaking-news","11":"tag-breakingnews","12":"tag-dvini","13":"tag-featured-news","14":"tag-featurednews","15":"tag-headlines","16":"tag-latest-news","17":"tag-latestnews","18":"tag-latvia","19":"tag-latvian","20":"tag-latviesu","21":"tag-latviesu-valoda","22":"tag-latviesuvaloda","23":"tag-latvija","24":"tag-lv","25":"tag-news","26":"tag-popularakas-zinas","27":"tag-popularakaszinas","28":"tag-rigas-dzemdibu-nams","29":"tag-top-stories","30":"tag-topstories","31":"tag-zinas"},"share_on_mastodon":{"url":"https:\/\/pubeurope.com\/@lv\/115899079366600006","error":""},"_links":{"self":[{"href":"https:\/\/www.europesays.com\/lv\/wp-json\/wp\/v2\/posts\/105491","targetHints":{"allow":["GET"]}}],"collection":[{"href":"https:\/\/www.europesays.com\/lv\/wp-json\/wp\/v2\/posts"}],"about":[{"href":"https:\/\/www.europesays.com\/lv\/wp-json\/wp\/v2\/types\/post"}],"author":[{"embeddable":true,"href":"https:\/\/www.europesays.com\/lv\/wp-json\/wp\/v2\/users\/2"}],"replies":[{"embeddable":true,"href":"https:\/\/www.europesays.com\/lv\/wp-json\/wp\/v2\/comments?post=105491"}],"version-history":[{"count":0,"href":"https:\/\/www.europesays.com\/lv\/wp-json\/wp\/v2\/posts\/105491\/revisions"}],"wp:featuredmedia":[{"embeddable":true,"href":"https:\/\/www.europesays.com\/lv\/wp-json\/wp\/v2\/media\/105492"}],"wp:attachment":[{"href":"https:\/\/www.europesays.com\/lv\/wp-json\/wp\/v2\/media?parent=105491"}],"wp:term":[{"taxonomy":"category","embeddable":true,"href":"https:\/\/www.europesays.com\/lv\/wp-json\/wp\/v2\/categories?post=105491"},{"taxonomy":"post_tag","embeddable":true,"href":"https:\/\/www.europesays.com\/lv\/wp-json\/wp\/v2\/tags?post=105491"}],"curies":[{"name":"wp","href":"https:\/\/api.w.org\/{rel}","templated":true}]}}