{"id":10551,"date":"2025-10-02T11:53:08","date_gmt":"2025-10-02T11:53:08","guid":{"rendered":"https:\/\/www.europesays.com\/lv\/10551\/"},"modified":"2025-10-02T11:53:08","modified_gmt":"2025-10-02T11:53:08","slug":"asv-liedz-iranas-delegacijai-piedalities-pasaules-kausa-izlozes-ceremonija","status":"publish","type":"post","link":"https:\/\/www.europesays.com\/lv\/10551\/","title":{"rendered":"ASV liedz Ir\u0101nas deleg\u0101cijai piedal\u012bties Pasaules kausa izlozes ceremonij\u0101"},"content":{"rendered":"<p>2026. gada PK izlozes ceremonij\u0101 liegts piedal\u012bties FFI prezidentam Mehdi Tad\u017eam, Ir\u0101nas futbola izlases galvenajam trenerim Amiram Galenojam un septi\u0146iem feder\u0101cijas ofici\u0101lajiem p\u0101rst\u0101vjiem, laikrakstam &#8220;Shargh&#8221; nor\u0101d\u012bja FFI preses sekret\u0101rs Amirs Mehdi Alavi.<\/p>\n<p>FFI tagad v\u0113las pan\u0101kt, lai Starptautisk\u0101s Futbola feder\u0101ciju asoci\u0101cijas (FIFA) prezidents D\u017eanni Infantino atceltu \u0161o l\u0113mumu un cer, ka tas tiks dar\u012bts tuv\u0101ko divu ned\u0113\u013cu laik\u0101. PK grupu izloze notiks 5. decembr\u012b Va\u0161ington\u0101.<\/p>\n<p>Jau iepriek\u0161 past\u0101v\u0113ja ba\u017eas, ka ASV noteiktais iebrauk\u0161anas aizliegums Ir\u0101nas pilso\u0146iem var\u0113tu apdraud\u0113t Ir\u0101nas izlases dal\u012bbu n\u0101kam\u0101 gada Pasaules kausa izc\u012b\u0146\u0101, kas norisin\u0101sies ASV, Kan\u0101d\u0101 un Meksik\u0101.<\/p>\n<p>P\u0113c daudzu sporta ekspertu dom\u0101m, uz izlasi un treneru \u0161t\u0101bu, visticam\u0101k, aizliegums neattieksies, bet FFI amatperson\u0101m, sporta \u017eurn\u0101listiem un jo \u012bpa\u0161i l\u012bdzjut\u0113jiem gan tas var\u0113tu sag\u0101d\u0101t nopietnas probl\u0113mas.<\/p>\n<p>FFI \u0161aj\u0101 sakar\u0101 izteikusies, ka v\u0113l\u0113tos, lai t\u0101s izlases sp\u0113les notiek Kan\u0101d\u0101 vai Meksik\u0101, nevis ASV.<\/p>\n<p>Ir\u0101nai un ASV jau vair\u0101k nek\u0101 45 gadus nav biju\u0161as diplom\u0101tiskas attiec\u012bbas un valstis tiek uzskat\u012btas par politiskiem ienaidniekiem.<\/p>\n<p>PK futbol\u0101 n\u0101kamgad ASV, Meksik\u0101 un Kan\u0101d\u0101 norisin\u0101sies j\u016bnij\u0101 un j\u016blij\u0101, un pirmo reizi taj\u0101 piedal\u012bsies 48 izlases.<\/p>\n","protected":false},"excerpt":{"rendered":"2026. gada PK izlozes ceremonij\u0101 liegts piedal\u012bties FFI prezidentam Mehdi Tad\u017eam, Ir\u0101nas futbola izlases galvenajam trenerim Amiram Galenojam&hellip;\n","protected":false},"author":2,"featured_media":10552,"comment_status":"","ping_status":"","sticky":false,"template":"","format":"standard","meta":{"footnotes":""},"categories":[17],"tags":[35,39,38,36,37,34,40,3983,67],"class_list":{"0":"post-10551","1":"post","2":"type-post","3":"status-publish","4":"format-standard","5":"has-post-thumbnail","7":"category-sports","8":"tag-latvia","9":"tag-latvian","10":"tag-latviesu","11":"tag-latviesu-valoda","12":"tag-latviesuvaloda","13":"tag-latvija","14":"tag-lv","15":"tag-pasaules-kauss-futbola","16":"tag-sports"},"share_on_mastodon":{"url":"","error":""},"_links":{"self":[{"href":"https:\/\/www.europesays.com\/lv\/wp-json\/wp\/v2\/posts\/10551","targetHints":{"allow":["GET"]}}],"collection":[{"href":"https:\/\/www.europesays.com\/lv\/wp-json\/wp\/v2\/posts"}],"about":[{"href":"https:\/\/www.europesays.com\/lv\/wp-json\/wp\/v2\/types\/post"}],"author":[{"embeddable":true,"href":"https:\/\/www.europesays.com\/lv\/wp-json\/wp\/v2\/users\/2"}],"replies":[{"embeddable":true,"href":"https:\/\/www.europesays.com\/lv\/wp-json\/wp\/v2\/comments?post=10551"}],"version-history":[{"count":0,"href":"https:\/\/www.europesays.com\/lv\/wp-json\/wp\/v2\/posts\/10551\/revisions"}],"wp:featuredmedia":[{"embeddable":true,"href":"https:\/\/www.europesays.com\/lv\/wp-json\/wp\/v2\/media\/10552"}],"wp:attachment":[{"href":"https:\/\/www.europesays.com\/lv\/wp-json\/wp\/v2\/media?parent=10551"}],"wp:term":[{"taxonomy":"category","embeddable":true,"href":"https:\/\/www.europesays.com\/lv\/wp-json\/wp\/v2\/categories?post=10551"},{"taxonomy":"post_tag","embeddable":true,"href":"https:\/\/www.europesays.com\/lv\/wp-json\/wp\/v2\/tags?post=10551"}],"curies":[{"name":"wp","href":"https:\/\/api.w.org\/{rel}","templated":true}]}}