{"id":105513,"date":"2026-01-15T12:31:07","date_gmt":"2026-01-15T12:31:07","guid":{"rendered":"https:\/\/www.europesays.com\/lv\/105513\/"},"modified":"2026-01-15T12:31:07","modified_gmt":"2026-01-15T12:31:07","slug":"pazinoti-kormuzikas-balvas-nominanti","status":"publish","type":"post","link":"https:\/\/www.europesays.com\/lv\/105513\/","title":{"rendered":"Pazi\u0146oti Korm\u016bzikas balvas nominanti"},"content":{"rendered":"<p>Par Korm\u016bzikas balvu kategorij\u0101 &#8220;Gada kult\u016bras, izgl\u012bt\u012bbas iest\u0101de, kult\u016brvieta Latvij\u0101&#8221; sacent\u012bsies C\u0113su kult\u016bras p\u0101rvalde, Latvijas Universit\u0101tes Liel\u0101 aula un R\u012bgas 6. vidusskola. Uz gada koncerta, uzveduma vai notikuma R\u012bg\u0101 godu pretend\u0113 &#8220;Gar\u012bgs koncerts&#8221; XIII Latvijas skolu jaunatnes dziesmu un deju sv\u0113tkos, Imanta Kalni\u0146a un Vika rokopera &#8220;Ei, j\u016bs tur!&#8221;, koncertorganiz\u0101cijas &#8220;Ave sol&#8221; jaunie\u0161u kora &#8220;Kam\u0113r&#8230;&#8221; 35. festiv\u0101ls un saulgrie\u017eu cikls &#8220;Pa Saulei&#8221; R\u012bgas cirk\u0101.<\/p>\n<p>Kategorij\u0101 &#8220;Gada ieraksts&#8221; uz balvu pretend\u0113 Saulkrastu novada jaukt\u0101 kora &#8220;S\u0113ja&#8221; dziesmas &#8220;Rakstu raksti&#8221; ieraksts un videoklips, R\u012bgas projektu kora &#8220;Jau izplauku\u0161i&#8221; un &#8220;Jaunie\u0161u koris &#8220;Kam\u0113r&#8230;&#8221; &#8211; 35&#8243;.<\/p>\n<p>\u0160ogad Korm\u016bzikas balvai pieteikti 107 pretendenti devi\u0146\u0101s nomin\u0101cij\u0101s. Korm\u016bzikas balvas pretendentus v\u0113rt\u0113ja profesion\u0101\u013cu \u017e\u016brija, ko veidoja \u017e\u016brijas priek\u0161s\u0113d\u0113t\u0101js, komponists un diri\u0123ents \u0112riks E\u0161envalds, diri\u0123ents M\u0101rti\u0146\u0161 Ozoli\u0146\u0161, muzikologs Orests Silabriedis, koncertz\u0101les &#8220;C\u0113sis&#8221; m\u0101ksliniecisk\u0101 vad\u012bt\u0101ja, valdes locekle Inese Zagorska un diri\u0123ents M\u0101rti\u0146\u0161 Kli\u0161\u0101ns.<\/p>\n<p>Jau zi\u0146ots, ka Korm\u016bzikas balvas par m\u016b\u017ea ieguld\u012bjumu sa\u0146\u0113m\u0113js ir Dziesmu un deju sv\u0113tku virsdiri\u0123ents un goda virsdiri\u0123ents, pedagogs un gr\u0101matu autors J\u0101nis Eren\u0161treits.<\/p>\n","protected":false},"excerpt":{"rendered":"Par Korm\u016bzikas balvu kategorij\u0101 &#8220;Gada kult\u016bras, izgl\u012bt\u012bbas iest\u0101de, kult\u016brvieta Latvij\u0101&#8221; sacent\u012bsies C\u0113su kult\u016bras p\u0101rvalde, Latvijas Universit\u0101tes Liel\u0101 aula&hellip;\n","protected":false},"author":2,"featured_media":105514,"comment_status":"","ping_status":"","sticky":false,"template":"","format":"standard","meta":{"footnotes":""},"categories":[5],"tags":[23,10023,28,29,32,33,22,9566,30,31,35,39,38,36,37,34,40,103,20,26,27,24,25,21],"class_list":{"0":"post-105513","1":"post","2":"type-post","3":"status-publish","4":"format-standard","5":"has-post-thumbnail","7":"category-aktualitates","8":"tag-aktualitates","9":"tag-balva","10":"tag-breaking-news","11":"tag-breakingnews","12":"tag-featured-news","13":"tag-featurednews","14":"tag-headlines","15":"tag-koris","16":"tag-latest-news","17":"tag-latestnews","18":"tag-latvia","19":"tag-latvian","20":"tag-latviesu","21":"tag-latviesu-valoda","22":"tag-latviesuvaloda","23":"tag-latvija","24":"tag-lv","25":"tag-muzika","26":"tag-news","27":"tag-popularakas-zinas","28":"tag-popularakaszinas","29":"tag-top-stories","30":"tag-topstories","31":"tag-zinas"},"share_on_mastodon":{"url":"https:\/\/pubeurope.com\/@lv\/115899130414014869","error":""},"_links":{"self":[{"href":"https:\/\/www.europesays.com\/lv\/wp-json\/wp\/v2\/posts\/105513","targetHints":{"allow":["GET"]}}],"collection":[{"href":"https:\/\/www.europesays.com\/lv\/wp-json\/wp\/v2\/posts"}],"about":[{"href":"https:\/\/www.europesays.com\/lv\/wp-json\/wp\/v2\/types\/post"}],"author":[{"embeddable":true,"href":"https:\/\/www.europesays.com\/lv\/wp-json\/wp\/v2\/users\/2"}],"replies":[{"embeddable":true,"href":"https:\/\/www.europesays.com\/lv\/wp-json\/wp\/v2\/comments?post=105513"}],"version-history":[{"count":0,"href":"https:\/\/www.europesays.com\/lv\/wp-json\/wp\/v2\/posts\/105513\/revisions"}],"wp:featuredmedia":[{"embeddable":true,"href":"https:\/\/www.europesays.com\/lv\/wp-json\/wp\/v2\/media\/105514"}],"wp:attachment":[{"href":"https:\/\/www.europesays.com\/lv\/wp-json\/wp\/v2\/media?parent=105513"}],"wp:term":[{"taxonomy":"category","embeddable":true,"href":"https:\/\/www.europesays.com\/lv\/wp-json\/wp\/v2\/categories?post=105513"},{"taxonomy":"post_tag","embeddable":true,"href":"https:\/\/www.europesays.com\/lv\/wp-json\/wp\/v2\/tags?post=105513"}],"curies":[{"name":"wp","href":"https:\/\/api.w.org\/{rel}","templated":true}]}}