{"id":105527,"date":"2026-01-15T12:45:10","date_gmt":"2026-01-15T12:45:10","guid":{"rendered":"https:\/\/www.europesays.com\/lv\/105527\/"},"modified":"2026-01-15T12:45:10","modified_gmt":"2026-01-15T12:45:10","slug":"fifa-uz-pasaules-kausa-spelem-sanemti-500-miljonu-bilesu-pieprasijumi","status":"publish","type":"post","link":"https:\/\/www.europesays.com\/lv\/105527\/","title":{"rendered":"FIFA: Uz Pasaules kausa sp\u0113l\u0113m sa\u0146emti 500 miljonu bi\u013ce\u0161u piepras\u012bjumi"},"content":{"rendered":"<p class=\"descr\">Uz \u0161\u012b gada Pasaules kausa (PK) fin\u0101lturn\u012bra sp\u0113l\u0113m ir vair\u0101k nek\u0101 pusmiljarda bi\u013ce\u0161u piepras\u012bjumu, neskatoties uz fanu kritiku par augstaj\u0101m cen\u0101m, tre\u0161dien pav\u0113st\u012bja Starptautisk\u0101 Futbola feder\u0101ciju asoci\u0101cija (FIFA).<\/p>\n<blockquote><p>Tiek v\u0113st\u012bts, ka liel\u0101kais bi\u013ce\u0161u piepras\u012bjums uz 2026. gada PK ma\u010diem ir no r\u012bkot\u0101jvalst\u012bm &#8211; ASV, Meksikas un Kan\u0101das, bet t\u0101l\u0101k seko V\u0101cija.<\/p><\/blockquote>\n<p>Iepriek\u0161\u0113jais p\u0101rdo\u0161anas periods ilga no 11. decembra l\u012bdz otrdienai, un pirmo reizi tika pied\u0101v\u0101tas individu\u0101las bi\u013cetes uz konkr\u0113t\u0101m sp\u0113l\u0113m un komand\u0101m grupu posm\u0101. Par bi\u013ce\u0161u izlozes rezult\u0101tiem fani tiks inform\u0113ti \u0101tr\u0101kais 5. febru\u0101r\u012b.<\/p>\n<p>Tiem, kam \u0161aj\u0101 posm\u0101 neb\u016bs izdevies tikt pie bi\u013cet\u0113m, b\u016bs v\u0113l viena iesp\u0113ja ieg\u0101d\u0101ties bi\u013cetes otraj\u0101 p\u0101rdo\u0161anas posm\u0101, kas ilgs l\u012bdz turn\u012bra beig\u0101m.<\/p>\n<p>&#8220;Pusmiljards bi\u013ce\u0161u piepras\u012bjumu nedaudz vair\u0101k k\u0101 m\u0113ne\u0161a laik\u0101 ir vair\u0101k nek\u0101 vienk\u0101r\u0161i piepras\u012bjums &#8211; tas ir glob\u0101ls pazi\u0146ojums,&#8221; tre\u0161dien izteic\u0101s FIFA prezidents D\u017eanni Infantino.<\/p>\n<p><a href=\"https:\/\/nra.lv\/birka\/fifa\/\" target=\"_blank\" rel=\"noopener nofollow\">FIFA<\/a>, rea\u0123\u0113jot uz fanu aso reakciju par bi\u013ce\u0161u cen\u0101m, iepriek\u0161\u0113j\u0101 pieteik\u0161an\u0101s period\u0101 ieviesa jaunu bi\u013ce\u0161u kategoriju &#8220;loj\u0101lajiem faniem&#8221;. Jaun\u0101 &#8220;Atbalst\u012bt\u0101ju ieejas l\u012bme\u0146a&#8221; kategorija attiecas uz vis\u0101m 48 PK komand\u0101m un vis\u0101m sp\u0113l\u0113m Kan\u0101d\u0101, Meksik\u0101 un ASV no 11. j\u016bnija l\u012bdz 19. j\u016blijam.<\/p>\n<p>Tom\u0113r l\u0113t\u0101ko bi\u013ce\u0161u skaits ir ierobe\u017eots. FIFA pie\u0161\u0137ir 8% no bi\u013cet\u0113m uz sp\u0113li katras iesaist\u012bt\u0101s komandas atbalst\u012bt\u0101jiem caur to nacion\u0101laj\u0101m asoci\u0101cij\u0101m, un tikai 10% no \u0161\u012bm bi\u013cet\u0113m ir jaunaj\u0101 bi\u013ce\u0161u kategorij\u0101.<\/p>\n","protected":false},"excerpt":{"rendered":"Uz \u0161\u012b gada Pasaules kausa (PK) fin\u0101lturn\u012bra sp\u0113l\u0113m ir vair\u0101k nek\u0101 pusmiljarda bi\u013ce\u0161u piepras\u012bjumu, neskatoties uz fanu kritiku&hellip;\n","protected":false},"author":2,"featured_media":105528,"comment_status":"","ping_status":"","sticky":false,"template":"","format":"standard","meta":{"footnotes":""},"categories":[17],"tags":[35,39,38,36,37,34,40,67],"class_list":{"0":"post-105527","1":"post","2":"type-post","3":"status-publish","4":"format-standard","5":"has-post-thumbnail","7":"category-sports","8":"tag-latvia","9":"tag-latvian","10":"tag-latviesu","11":"tag-latviesu-valoda","12":"tag-latviesuvaloda","13":"tag-latvija","14":"tag-lv","15":"tag-sports"},"share_on_mastodon":{"url":"https:\/\/pubeurope.com\/@lv\/115899185397263813","error":""},"_links":{"self":[{"href":"https:\/\/www.europesays.com\/lv\/wp-json\/wp\/v2\/posts\/105527","targetHints":{"allow":["GET"]}}],"collection":[{"href":"https:\/\/www.europesays.com\/lv\/wp-json\/wp\/v2\/posts"}],"about":[{"href":"https:\/\/www.europesays.com\/lv\/wp-json\/wp\/v2\/types\/post"}],"author":[{"embeddable":true,"href":"https:\/\/www.europesays.com\/lv\/wp-json\/wp\/v2\/users\/2"}],"replies":[{"embeddable":true,"href":"https:\/\/www.europesays.com\/lv\/wp-json\/wp\/v2\/comments?post=105527"}],"version-history":[{"count":0,"href":"https:\/\/www.europesays.com\/lv\/wp-json\/wp\/v2\/posts\/105527\/revisions"}],"wp:featuredmedia":[{"embeddable":true,"href":"https:\/\/www.europesays.com\/lv\/wp-json\/wp\/v2\/media\/105528"}],"wp:attachment":[{"href":"https:\/\/www.europesays.com\/lv\/wp-json\/wp\/v2\/media?parent=105527"}],"wp:term":[{"taxonomy":"category","embeddable":true,"href":"https:\/\/www.europesays.com\/lv\/wp-json\/wp\/v2\/categories?post=105527"},{"taxonomy":"post_tag","embeddable":true,"href":"https:\/\/www.europesays.com\/lv\/wp-json\/wp\/v2\/tags?post=105527"}],"curies":[{"name":"wp","href":"https:\/\/api.w.org\/{rel}","templated":true}]}}