{"id":105529,"date":"2026-01-15T12:47:07","date_gmt":"2026-01-15T12:47:07","guid":{"rendered":"https:\/\/www.europesays.com\/lv\/105529\/"},"modified":"2026-01-15T12:47:07","modified_gmt":"2026-01-15T12:47:07","slug":"saulu-rajona-atrasts-miris-paris-izmeklesanas-jaunumi","status":"publish","type":"post","link":"https:\/\/www.europesays.com\/lv\/105529\/","title":{"rendered":"\u0160au\u013cu rajon\u0101 atrasts miris p\u0101ris \u2013 izmekl\u0113\u0161anas jaunumi"},"content":{"rendered":"<p class=\"descr\">Tr\u012bs m\u0113ne\u0161us p\u0113c tra\u0123\u0113dijas Lietuv\u0101, \u0160au\u013cu rajon\u0101, kad me\u017e\u0101 bez dz\u012bv\u012bbas tika atrasts pusm\u016b\u017ea p\u0101ris, ir atkl\u0101ts vi\u0146u n\u0101ves c\u0113lonis, raksta \u201clrytas.lt\u201d.<\/p>\n<p>Zi\u0146ots, ka 48 gadus vecs v\u012brietis un vi\u0146a 41 gadu vec\u0101 partnere miru\u0161i no apsald\u0113jumiem.<\/p>\n<p>Tom\u0113r liet\u0101 joproj\u0101m ir daudz nosl\u0113pumu un pirmstiesas izmekl\u0113\u0161ana turpin\u0101s. &#8220;Ir sa\u0146emts speci\u0101lista atzinums par gan sievietes, gan v\u012brie\u0161a n\u0101ves c\u0113loni. Abi indiv\u012bdi nomira no visp\u0101r\u0113jas \u0137erme\u0146a atdzi\u0161anas,\u201d zi\u0146oja prokurat\u016bra.<\/p>\n<p>&#8220;V\u012brie\u0161a asin\u012bs tika konstat\u0113ts etilspirts,&#8221; past\u0101st\u012bja Lietuvas \u0122ener\u0101lprokurat\u016bras Komunik\u0101cijas departamenta galven\u0101 speci\u0101liste Gabriele Petkuviene.<\/p>\n<p>Sievietes organism\u0101 alkohols netika konstat\u0113ts.<\/p>\n<p>\u0160obr\u012bd nav pier\u0101d\u012bjumu, ka k\u0101ds no vi\u0146iem b\u016btu saind\u0113jies ar p\u0101rtiku vai p\u0113k\u0161\u0146i smagi saslimis k\u0101da cita iemesla d\u0113\u013c.<\/p>\n<p>Izmekl\u0113\u0161ana rad\u012bjusi svar\u012bgus jaut\u0101jumus: k\u0101p\u0113c sieviete, kura nebija alkohola reibum\u0101, me\u017eain\u0101 apvid\u016b nesp\u0113ja piecelties no zemes un neg\u0101ja mekl\u0113t pal\u012bdz\u012bbu?<\/p>\n<p>Nevar izsl\u0113gt, ka vi\u0146as vesel\u012bbas st\u0101voklis var\u0113tu b\u016bt pasliktin\u0101jies k\u0101das slim\u012bbas saasin\u0101\u0161an\u0101s d\u0113\u013c, ta\u010du medic\u012bniskie zi\u0146ojumi to v\u0113l nav apstiprin\u0101ju\u0161i. <\/p>\n<p>&#8220;Liet\u0101 joproj\u0101m ir neatbild\u0113ti jaut\u0101jumi. Pirmstiesas izmekl\u0113\u0161ana joproj\u0101m turpin\u0101s,&#8221; past\u0101st\u012bja G. Petkuviene.<\/p>\n<p>Zin\u0101ms, ka p\u0101ris ierad\u0101s me\u017e\u0101 ar automa\u0161\u012bnu.<\/p>\n<p>Ar\u012b citi izmekl\u0113\u0161anas dati &#8211; liecinieku nopratin\u0101\u0161ana, automa\u0161\u012bnas un l\u012b\u0137u atra\u0161anas vietas apskate &#8211; neatkl\u0101ja nek\u0101das vardarb\u012bbas paz\u012bmes.<\/p>\n<p>Amatpersonas ar\u012b sliecas noraid\u012bt versijas par negad\u012bjumu vai pa\u0161n\u0101v\u012bbu, jo negad\u012bjuma viet\u0101 netika atrasta pa\u0161n\u0101v\u012bbas v\u0113stule.<\/p>\n<p><a href=\"https:\/\/nra.lv\/pasaule\/504267-tragedija-meza-virietis-un-sieviete-zaude-dzivibu.htm\" data-item-link=\"true\" data-item-id=\"504267\" rel=\"nofollow noopener\" target=\"_blank\">P\u0101ris tika atrasts bez dz\u012bv\u012bbas 14. oktobra vakar\u0101<\/a> ap pulksten 20:30 net\u0101lu, no Pakar\u010di\u016bnai ciema, me\u017eain\u0101 apvid\u016b net\u0101lu no dz\u012bvojamajiem rajoniem. Pakar\u010di\u016bnas atrodas 7 kilometru att\u0101lum\u0101 no \u0160au\u013ciem, kur abi dz\u012bvoja.<\/p>\n<p>Abus cilv\u0113kus nejau\u0161i paman\u012bja gar\u0101mbrauco\u0161s apvidus automa\u0161\u012bnas vad\u012bt\u0101js, kur\u0161 nekav\u0113joties izsauca neatliekam\u0101s pal\u012bdz\u012bbas dienestus. <\/p>\n<p>K\u0101 past\u0101st\u012bja \u0160au\u013cu apgabala Galven\u0101 policijas komisari\u0101ta vec\u0101k\u0101 speci\u0101liste Dovila Vaitek\u016bnaite, me\u017ea ce\u013c\u0161 \u0161aj\u0101s viet\u0101s ir slidens, slapj\u0161 un gr\u016bti izbraucams. Tika izsaukta neatliekam\u0101 medic\u012bnisk\u0101 pal\u012bdz\u012bba, kas nekav\u0113joties konstat\u0113ja v\u012brie\u0161a n\u0101vi, savuk\u0101rt nosalu\u0161o sievieti nog\u0101d\u0101ja \u0160au\u013cu slimn\u012bc\u0101, kur vi\u0146a nomira apm\u0113ram stundu p\u0113c atra\u0161anas. <\/p>\n<p>Automa\u0161\u012bn\u0101 netika konstat\u0113tas ielau\u0161an\u0101s paz\u012bmes, k\u0101 ar\u012b nebija nek\u0101du uzbrukuma, c\u012b\u0146as vai kauti\u0146a paz\u012bmju ne transportl\u012bdzekl\u012b, ne me\u017e\u0101.<\/p>\n<p>\t\t\t\t\t\tinfo<\/p>\n<p>Uzzini pirmais<br \/>kas interesants noticis Latvij\u0101 un pasaul\u0113,<br \/>pievienojoties mums <a href=\"https:\/\/t.me\/neatkariga\" rel=\"nofollow\">Telegram<\/a> vai <a href=\"https:\/\/whatsapp.com\/channel\/0029VaMLFUH5K3zLU5s4wm3y\" rel=\"nofollow noopener\" target=\"_blank\">Whatsapp<\/a> kan\u0101l\u0101<\/p>\n","protected":false},"excerpt":{"rendered":"Tr\u012bs m\u0113ne\u0161us p\u0113c tra\u0123\u0113dijas Lietuv\u0101, \u0160au\u013cu rajon\u0101, kad me\u017e\u0101 bez dz\u012bv\u012bbas tika atrasts pusm\u016b\u017ea p\u0101ris, ir atkl\u0101ts vi\u0146u&hellip;\n","protected":false},"author":2,"featured_media":105530,"comment_status":"","ping_status":"","sticky":false,"template":"","format":"standard","meta":{"footnotes":""},"categories":[14],"tags":[23,57,28,29,32,33,22,30,31,35,39,38,36,37,34,40,20,26,27,24,25,54,55,56,21,58],"class_list":{"0":"post-105529","1":"post","2":"type-post","3":"status-publish","4":"format-standard","5":"has-post-thumbnail","7":"category-zinas-no-arvalstim","8":"tag-aktualitates","9":"tag-arvalstim","10":"tag-breaking-news","11":"tag-breakingnews","12":"tag-featured-news","13":"tag-featurednews","14":"tag-headlines","15":"tag-latest-news","16":"tag-latestnews","17":"tag-latvia","18":"tag-latvian","19":"tag-latviesu","20":"tag-latviesu-valoda","21":"tag-latviesuvaloda","22":"tag-latvija","23":"tag-lv","24":"tag-news","25":"tag-popularakas-zinas","26":"tag-popularakaszinas","27":"tag-top-stories","28":"tag-topstories","29":"tag-world","30":"tag-world-news","31":"tag-worldnews","32":"tag-zinas","33":"tag-zinas-no-arvalstim"},"share_on_mastodon":{"url":"https:\/\/pubeurope.com\/@lv\/115899193256975756","error":""},"_links":{"self":[{"href":"https:\/\/www.europesays.com\/lv\/wp-json\/wp\/v2\/posts\/105529","targetHints":{"allow":["GET"]}}],"collection":[{"href":"https:\/\/www.europesays.com\/lv\/wp-json\/wp\/v2\/posts"}],"about":[{"href":"https:\/\/www.europesays.com\/lv\/wp-json\/wp\/v2\/types\/post"}],"author":[{"embeddable":true,"href":"https:\/\/www.europesays.com\/lv\/wp-json\/wp\/v2\/users\/2"}],"replies":[{"embeddable":true,"href":"https:\/\/www.europesays.com\/lv\/wp-json\/wp\/v2\/comments?post=105529"}],"version-history":[{"count":0,"href":"https:\/\/www.europesays.com\/lv\/wp-json\/wp\/v2\/posts\/105529\/revisions"}],"wp:featuredmedia":[{"embeddable":true,"href":"https:\/\/www.europesays.com\/lv\/wp-json\/wp\/v2\/media\/105530"}],"wp:attachment":[{"href":"https:\/\/www.europesays.com\/lv\/wp-json\/wp\/v2\/media?parent=105529"}],"wp:term":[{"taxonomy":"category","embeddable":true,"href":"https:\/\/www.europesays.com\/lv\/wp-json\/wp\/v2\/categories?post=105529"},{"taxonomy":"post_tag","embeddable":true,"href":"https:\/\/www.europesays.com\/lv\/wp-json\/wp\/v2\/tags?post=105529"}],"curies":[{"name":"wp","href":"https:\/\/api.w.org\/{rel}","templated":true}]}}