{"id":105531,"date":"2026-01-15T12:49:07","date_gmt":"2026-01-15T12:49:07","guid":{"rendered":"https:\/\/www.europesays.com\/lv\/105531\/"},"modified":"2026-01-15T12:49:07","modified_gmt":"2026-01-15T12:49:07","slug":"d-melbarde-latvijas-merkis-ir-cetru-gadu-laika-klut-par-cern-pilntiesigu-dalibvalsti","status":"publish","type":"post","link":"https:\/\/www.europesays.com\/lv\/105531\/","title":{"rendered":"D. Melb\u0101rde: Latvijas m\u0113r\u0137is ir \u010detru gadu laik\u0101 k\u013c\u016bt par CERN pilnties\u012bgu dal\u012bbvalsti"},"content":{"rendered":"<p>Izgl\u012bt\u012bbas un zin\u0101tnes ministre Dace Melb\u0101rde ceturtdien, 15. janv\u0101r\u012b, tiekoties ar Eiropas Kodolp\u0113tniec\u012bbas centra (CERN) padomes prezidentu, profesoru Kostas Fontas (Costas Fountas), uzsv\u0113ra Latvijas ieinteres\u0113t\u012bbu stiprin\u0101t sadarb\u012bbu ar CERN un k\u013c\u016bt par pasaul\u0113 vado\u0161\u0101s organiz\u0101cijas fizikas zin\u0101tnes att\u012bst\u012bb\u0101 pilnties\u012bgu dal\u012bbvalsti n\u0101kamo \u010detru gadu laik\u0101, proti, l\u012bdz 2029. gadam. <\/p>\n<p>\u201cP\u0113d\u0113jo piecu gadu laik\u0101 kop\u0161 Latvija k\u013cuva par CERN asoci\u0113to dal\u012bbvalsti m\u0113s esam ieliku\u0161i stingrus pamatus ce\u013c\u0101 uz pilnties\u012bgas dal\u012bbvalsts statusu. Latvija ir ap\u0146\u0113m\u012bbas pilna turpin\u0101t darbu pie zin\u0101tnes un izgl\u012bt\u012bbas sist\u0113mas stiprin\u0101\u0161anas, lai pievienotos pasaul\u0113 vado\u0161ajai organiz\u0101cijai fizikas zin\u0101tnes att\u012bst\u012bb\u0101 un sekm\u0113tu Eiropas l\u012bder\u012bbu da\u013ci\u0146u fizik\u0101, kas ir pamats gan ekonomikas konkur\u0113tsp\u0113jai, gan dro\u0161\u012bbai,\u201d tik\u0161an\u0101s laik\u0101 uzsv\u0113ra izgl\u012bt\u012bbas un zin\u0101tnes ministre.<\/p>\n<p>D. Melb\u0101rde tuv\u0101k\u0101 m\u0113ne\u0161a laik\u0101 pl\u0101no doties darba viz\u012bt\u0113 uz CERN galveno m\u012btni \u017den\u0113v\u0101, \u0160veic\u0113, lai kl\u0101tien\u0113 iepaz\u012btos ar CERN, tostarp Latvijas zin\u0101tnieku, doktorantu darbu zin\u0101tn\u0113 un stiprin\u0101tu Latvijas sadarb\u012bbu ar CERN.<\/p>\n<p>Lai nodro\u0161in\u0101tu pilnties\u012bgas dal\u012bbvalsts statusu, Latvija m\u0113r\u0137tiec\u012bgi veido savu da\u013ci\u0146u fizikas un citu CERN noz\u012bm\u012bgo eksakto un in\u017eenierzin\u0101t\u0146u kopienu. Izgl\u012bt\u012bbas un zin\u0101tnes ministrija ir cie\u0161\u0101 sadarb\u012bb\u0101 ar <a href=\"https:\/\/latvijacern.lv\/page\/par-mums\" target=\"_blank\" rel=\"nofollow noopener\">CERN nacion\u0101lo kontaktpunktu Latvij\u0101<\/a>, kas darbojas Latvij\u0101 jau kop\u0161 2018. gada.<\/p>\n<p>Latvijas sadarb\u012bba ar CERN norisin\u0101s, pateicoties valsts pie\u0161\u0137irtajam finans\u0113jumam un strat\u0113\u0123isk\u0101s att\u012bst\u012bbas meh\u0101nismiem, jo Latvij\u0101 tiek veiksm\u012bgi \u012bstenota Valsts p\u0113t\u012bjumu programma \u201cAugstas ener\u0123ijas fizika un pa\u0101trin\u0101t\u0101ju tehnolo\u0123ijas\u201d.<\/p>\n<p>Kostas Fontas Latvij\u0101 viesosies 15. un 16. janv\u0101r\u012b un viz\u012btes laik\u0101 iepaz\u012bsies ar Latvijas sniegumu zin\u0101tn\u0113 un ar to, cik sekm\u012bgi valst\u012b norisin\u0101s da\u013ci\u0146u fizikas kopienas veido\u0161ana.<\/p>\n<p>CERN, kas izveidots 1954. gad\u0101, ir pasaules vado\u0161\u0101 organiz\u0101cija fizikas zin\u0101tnes att\u012bst\u012bb\u0101 un jaunu atkl\u0101jumu veik\u0161an\u0101. Viens no publiski zin\u0101m\u0101kajiem atkl\u0101jumiem \u2013 2012. gad\u0101 CERN zin\u0101tniekiem Lielaj\u0101 hadronu pa\u0101trin\u0101t\u0101j\u0101 veiktaj\u0101 eksperiment\u0101 izdev\u0101s detekt\u0113t Higsa bozonu element\u0101rda\u013ci\u0146u.<\/p>\n<p>CERN 1989. gad\u0101 rad\u012bja vispasaules t\u012bmekli jeb World Wide Web (www), kas main\u012bja pasauli. CERN izstr\u0101d\u0101t\u0101s tehnolo\u0123ijas tiek izmantotas ar\u012b ikdien\u0101, piem\u0113ram, onkolo\u0123isko slim\u012bbu \u0101rst\u0113\u0161an\u0101 un diagnostik\u0101. Liel\u0101 hadronu pa\u0101trin\u0101t\u0101ja galven\u0101 tune\u013ca garums ir 26,7 kilometri, un tas izb\u016bv\u0113ts apm\u0113ram 100 metru dzi\u013cum\u0101 \u0160veices un Francijas teritorij\u0101.<\/p>\n<p>          <img decoding=\"async\" src=\"https:\/\/www.europesays.com\/lv\/wp-content\/uploads\/2026\/01\/1768467666_223_logo-lv.png\" alt=\"\"\/><\/p>\n<p>                  \u0160\u012b inform\u0101cija ir publisks pazi\u0146ojums un neatspogu\u013co LV port\u0101la viedokli. Par t\u0101s saturu atbild ies\u016bt\u012bt\u0101js. <a data-popup=\"rules\">Public\u0113\u0161anas noteikumi<\/a><\/p>\n","protected":false},"excerpt":{"rendered":"Izgl\u012bt\u012bbas un zin\u0101tnes ministre Dace Melb\u0101rde ceturtdien, 15. janv\u0101r\u012b, tiekoties ar Eiropas Kodolp\u0113tniec\u012bbas centra (CERN) padomes prezidentu, profesoru&hellip;\n","protected":false},"author":2,"featured_media":95583,"comment_status":"","ping_status":"","sticky":false,"template":"","format":"standard","meta":{"footnotes":""},"categories":[5],"tags":[23,28,29,32,33,22,30,31,35,39,38,36,37,34,40,20,26,27,24,25,21],"class_list":{"0":"post-105531","1":"post","2":"type-post","3":"status-publish","4":"format-standard","5":"has-post-thumbnail","7":"category-aktualitates","8":"tag-aktualitates","9":"tag-breaking-news","10":"tag-breakingnews","11":"tag-featured-news","12":"tag-featurednews","13":"tag-headlines","14":"tag-latest-news","15":"tag-latestnews","16":"tag-latvia","17":"tag-latvian","18":"tag-latviesu","19":"tag-latviesu-valoda","20":"tag-latviesuvaloda","21":"tag-latvija","22":"tag-lv","23":"tag-news","24":"tag-popularakas-zinas","25":"tag-popularakaszinas","26":"tag-top-stories","27":"tag-topstories","28":"tag-zinas"},"share_on_mastodon":{"url":"https:\/\/pubeurope.com\/@lv\/115899201213565486","error":""},"_links":{"self":[{"href":"https:\/\/www.europesays.com\/lv\/wp-json\/wp\/v2\/posts\/105531","targetHints":{"allow":["GET"]}}],"collection":[{"href":"https:\/\/www.europesays.com\/lv\/wp-json\/wp\/v2\/posts"}],"about":[{"href":"https:\/\/www.europesays.com\/lv\/wp-json\/wp\/v2\/types\/post"}],"author":[{"embeddable":true,"href":"https:\/\/www.europesays.com\/lv\/wp-json\/wp\/v2\/users\/2"}],"replies":[{"embeddable":true,"href":"https:\/\/www.europesays.com\/lv\/wp-json\/wp\/v2\/comments?post=105531"}],"version-history":[{"count":0,"href":"https:\/\/www.europesays.com\/lv\/wp-json\/wp\/v2\/posts\/105531\/revisions"}],"wp:featuredmedia":[{"embeddable":true,"href":"https:\/\/www.europesays.com\/lv\/wp-json\/wp\/v2\/media\/95583"}],"wp:attachment":[{"href":"https:\/\/www.europesays.com\/lv\/wp-json\/wp\/v2\/media?parent=105531"}],"wp:term":[{"taxonomy":"category","embeddable":true,"href":"https:\/\/www.europesays.com\/lv\/wp-json\/wp\/v2\/categories?post=105531"},{"taxonomy":"post_tag","embeddable":true,"href":"https:\/\/www.europesays.com\/lv\/wp-json\/wp\/v2\/tags?post=105531"}],"curies":[{"name":"wp","href":"https:\/\/api.w.org\/{rel}","templated":true}]}}