{"id":105532,"date":"2026-01-15T12:50:19","date_gmt":"2026-01-15T12:50:19","guid":{"rendered":"https:\/\/www.europesays.com\/lv\/105532\/"},"modified":"2026-01-15T12:50:19","modified_gmt":"2026-01-15T12:50:19","slug":"kriss-nots-reage-uz-negativu-komentaru-par-saru-dzesiku-parkeri-noradot-uz-iespejamam-nesaskanam-lente-lv","status":"publish","type":"post","link":"https:\/\/www.europesays.com\/lv\/105532\/","title":{"rendered":"Kriss Nots rea\u0123\u0113 uz negat\u012bvu koment\u0101ru par S\u0101ru D\u017eesiku P\u0101rkeri, nor\u0101dot uz iesp\u0113jam\u0101m nesaska\u0146\u0101m\u00a0\u2014\u00a0Lente.lv"},"content":{"rendered":"<p>Aktieris Kriss Nots pau\u017e viedokli par biju\u0161o kol\u0113\u0123i<\/p>\n<p>Aktieris Kriss Nots, kur\u0161 ilgu laiku sadarboj\u0101s ar S\u0101ru D\u017eesiku P\u0101rkeri popul\u0101rajos seri\u0101los \u201cSekss un lielpils\u0113ta\u201d un t\u0101 turpin\u0101jum\u0101 \u201cUn t\u0101 tas laiks paiet\u2026\u201d, ir rea\u0123\u0113jis uz nelabv\u0113l\u012bgu koment\u0101ru soci\u0101laj\u0101 t\u012bkl\u0101 Instagram, kas bija v\u0113rsts pret P\u0101rkeri. K\u0101 zi\u0146o telekan\u0101ls TV3, Nots publiskoja fotogr\u0101fiju no sporta z\u0101les ar ierakstu \u201cSasod\u012btais Jaunais gads \u2013 uz priek\u0161u!\u201d, kas var\u0113tu liecin\u0101t par vi\u0146a gatav\u012bbu jaunajam gadam, ta\u010du vi\u0146a atbilde uz koment\u0101ru izrais\u012bjusi spekul\u0101cijas par vi\u0146a attieksmi pret P\u0101rkeri.<\/p>\n<p>Aps\u016bdz\u012bbas un sekas karjer\u0101<\/p>\n<p>Kriss Nots no seri\u0101la \u201cUn t\u0101 tas laiks paiet\u2026\u201d tika izsl\u0113gts p\u0113c tam, kad vair\u0101kas sievietes vi\u0146u aps\u016bdz\u0113ja seksu\u0101l\u0101 vardarb\u012bb\u0101. Lai gan Nots noliedza aps\u016bdz\u012bbas, nosaucot t\u0101s par \u201ckategoriski nepaties\u0101m\u201d, \u0161\u012bs aps\u016bdz\u012bbas b\u016btiski ietekm\u0113ja vi\u0146a karjeru. Vi\u0146a t\u0113ls Bigs seri\u0101la turpin\u0101jum\u0101 tika rakstiski nogalin\u0101ts, un Nots tika iz\u0146emts no seri\u0101la fin\u0101la. Ar\u012b citi aktrises, tostarp P\u0101rkere, Sintija Niksone un Krist\u012bna Deivisa, n\u0101ca klaj\u0101 ar kop\u012bgu pazi\u0146ojumu, pau\u017eot atbalstu upuru pus\u0113. Nots netika izvirz\u012bjis krimin\u0101laps\u016bdz\u012bbas un nest\u0101j\u0101s tiesas priek\u0161\u0101, ta\u010du vi\u0146am n\u0101c\u0101s pamest darbu pie vair\u0101kiem projektiem. Tika pat atcelts miljonu ASV dol\u0101ru v\u0113rts dar\u012bjums par Nota tekilas z\u012bmola p\u0101rdo\u0161anu. <\/p>\n<p>Spekul\u0101cijas par attiec\u012bb\u0101m ar P\u0101rkeri<\/p>\n<p>Neskatoties uz to, ka Nots publiski nav tie\u0161i koment\u0113jis savas attiec\u012bbas ar P\u0101rkeri kop\u0161 skand\u0101la, fani un mediji interpret\u0113 vi\u0146a nesen\u0101s darb\u012bbas k\u0101 pier\u0101d\u012bjumu tam, ka vi\u0146\u0161 joproj\u0101m tur \u013caunu pr\u0101tu uz P\u0101rkeri. Vi\u0146a atbilde uz nelabv\u0113l\u012bgo koment\u0101ru un iepriek\u0161\u0113j\u0101 nost\u0101ja par aps\u016bdz\u012bb\u0101m liek dom\u0101t, ka Nots nej\u016btas piln\u012bb\u0101 samierin\u0101jies ar notiku\u0161o un iesp\u0113jamo \u201cnodev\u012bbu\u201d no kol\u0113\u0123u puses. Lai gan nav ofici\u0101lu pazi\u0146ojumu, kas apstiprin\u0101tu \u0161\u012bs ba\u017eas, publisk\u0101 telpa turpina spekul\u0113t par aktiera emocion\u0101lo st\u0101vokli un attieksmi pret biju\u0161ajiem kol\u0113\u0123iem.<\/p>\n<p>Karieras turpin\u0101jums p\u0113c skand\u0101la<\/p>\n<p>P\u0113c skand\u0101la Krisa Nota karjera piedz\u012bvojusi iev\u0113rojamu kritumu. Lai gan vi\u0146\u0161 nav piln\u012bb\u0101 pazudis no publisk\u0101s telpas, vi\u0146a jaunie projekti nav guvu\u0161i t\u0101du atpaz\u012bstam\u012bbu k\u0101 iepriek\u0161\u0113jie darbi. 2023. gad\u0101 vi\u0146\u0161 k\u013cuva par ASV modes z\u012bmola \u201cSamuelsohn\u201d seju un n\u016bfilm\u0113jies re\u017eisora Maikla Mailera krimin\u0101ldr\u0101m\u0101 \u201cCutman\u201d, kuras pirmizr\u0101de gan v\u0113l nav notikusi. Tom\u0113r, k\u0101 nor\u0101da mediji, \u201cSekss un lielpils\u0113ta\u201d slavas laiki aktierim, visticam\u0101k, vairs neatgriez\u012bsies. Aktiera publiskais t\u0113ls ir main\u012bjies, un vi\u0146\u0161 bie\u017ei man\u012bts sabiedr\u012bb\u0101 ne tik reprezentabl\u0101 izskat\u0101, kas kontrast\u0113 ar vi\u0146a agr\u0101ko slavu.<\/p>\n","protected":false},"excerpt":{"rendered":"Aktieris Kriss Nots pau\u017e viedokli par biju\u0161o kol\u0113\u0123i Aktieris Kriss Nots, kur\u0161 ilgu laiku sadarboj\u0101s ar S\u0101ru D\u017eesiku&hellip;\n","protected":false},"author":2,"featured_media":105533,"comment_status":"","ping_status":"","sticky":false,"template":"","format":"standard","meta":{"footnotes":""},"categories":[19],"tags":[89,90,25280,35,39,38,36,37,34,40,6244,11407,504,25281],"class_list":{"0":"post-105532","1":"post","2":"type-post","3":"status-publish","4":"format-standard","5":"has-post-thumbnail","7":"category-izklaide","8":"tag-entertainment","9":"tag-izklaide","10":"tag-kriss-nots","11":"tag-latvia","12":"tag-latvian","13":"tag-latviesu","14":"tag-latviesu-valoda","15":"tag-latviesuvaloda","16":"tag-latvija","17":"tag-lv","18":"tag-sara-dzesika-parkere","19":"tag-sekss-un-lielpilseta","20":"tag-seksuala-vardarbiba","21":"tag-un-ta-tas-laiks-paiet"},"share_on_mastodon":{"url":"https:\/\/pubeurope.com\/@lv\/115899205188813793","error":""},"_links":{"self":[{"href":"https:\/\/www.europesays.com\/lv\/wp-json\/wp\/v2\/posts\/105532","targetHints":{"allow":["GET"]}}],"collection":[{"href":"https:\/\/www.europesays.com\/lv\/wp-json\/wp\/v2\/posts"}],"about":[{"href":"https:\/\/www.europesays.com\/lv\/wp-json\/wp\/v2\/types\/post"}],"author":[{"embeddable":true,"href":"https:\/\/www.europesays.com\/lv\/wp-json\/wp\/v2\/users\/2"}],"replies":[{"embeddable":true,"href":"https:\/\/www.europesays.com\/lv\/wp-json\/wp\/v2\/comments?post=105532"}],"version-history":[{"count":0,"href":"https:\/\/www.europesays.com\/lv\/wp-json\/wp\/v2\/posts\/105532\/revisions"}],"wp:featuredmedia":[{"embeddable":true,"href":"https:\/\/www.europesays.com\/lv\/wp-json\/wp\/v2\/media\/105533"}],"wp:attachment":[{"href":"https:\/\/www.europesays.com\/lv\/wp-json\/wp\/v2\/media?parent=105532"}],"wp:term":[{"taxonomy":"category","embeddable":true,"href":"https:\/\/www.europesays.com\/lv\/wp-json\/wp\/v2\/categories?post=105532"},{"taxonomy":"post_tag","embeddable":true,"href":"https:\/\/www.europesays.com\/lv\/wp-json\/wp\/v2\/tags?post=105532"}],"curies":[{"name":"wp","href":"https:\/\/api.w.org\/{rel}","templated":true}]}}