{"id":105536,"date":"2026-01-15T12:53:07","date_gmt":"2026-01-15T12:53:07","guid":{"rendered":"https:\/\/www.europesays.com\/lv\/105536\/"},"modified":"2026-01-15T12:53:07","modified_gmt":"2026-01-15T12:53:07","slug":"bulgarija-tukstosiem-cilveku-pieprasa-godigas-velesanas-diena","status":"publish","type":"post","link":"https:\/\/www.europesays.com\/lv\/105536\/","title":{"rendered":"Bulg\u0101rij\u0101 t\u016bksto\u0161iem cilv\u0113ku pieprasa god\u012bgas v\u0113l\u0113\u0161anas \/ Diena"},"content":{"rendered":"<p>Kop\u0161 2020. gada masu protestiem pret korupciju un tr\u012bsk\u0101rt\u0113j\u0101 premjerministra Boiko Borisova vald\u012bbu Bulg\u0101rij\u0101 ir notiku\u0161as jau septi\u0146as \u0101rk\u0101rtas v\u0113l\u0113\u0161anas.<\/p>\n<p>&#13;<br \/>\n&#13;<\/p>\n<p>Novembra beig\u0101s Bulg\u0101riju atkal satricin\u0101ja protesti, ko izrais\u012bja 2026. gada bud\u017eeta projekts, ko protest\u0113t\u0101ji nosauca par m\u0113\u0123in\u0101jumu mask\u0113t plauksto\u0161o korupciju. Vald\u012bba, pak\u013caujoties spiedienam, v\u0113l\u0101k atsauca bud\u017eeta projektu 2026. gadam, un premjerministrs Rosens \u017de\u013cazkovs pazi\u0146oja par vald\u012bbas demisiju, ta\u010du sabiedr\u012bbas neapmierin\u0101t\u012bba nav norimusi.<\/p>\n<p>&#13;<br \/>\n&#13;<\/p>\n<p>Protest\u0113t\u0101ji pieprasa god\u012bgas v\u0113l\u0113\u0161anas, kur\u0101s netiktu manipul\u0113ts ar bals\u012bm, neb\u016btu balsu pirk\u0161anas un rezult\u0101tu vilto\u0161anas, k\u0101 tas notika iepriek\u0161\u0113j\u0101s v\u0113l\u0113\u0161an\u0101s. Demonstranti uzskata, ka aizejo\u0161\u0101s vald\u012bbas atteik\u0161an\u0101s ieviest elektronisko balso\u0161anu iesp\u0113jam\u0101s pirmstermi\u0146a v\u0113l\u0113\u0161an\u0101s ir v\u0113l viens m\u0113\u0123in\u0101jums manipul\u0113t ar v\u0113l\u0113\u0161anu rezult\u0101tiem.<\/p>\n<p>&#13;<br \/>\n&#13;<\/p>\n<p>Sevi\u0161\u0137i neapmierin\u0101ti protest\u0113t\u0101ji ir ar oligarha Deljana Pevska lomu politik\u0101. Pevskis ir pak\u013cauts ASV un Lielbrit\u0101nijas sankcij\u0101m. Vi\u0146a p\u0101rst\u0101v\u0113t\u0101 partija &#8220;Kust\u012bba par ties\u012bb\u0101m un br\u012bv\u012bbu &#8211; Jaunais s\u0101kums&#8221; (DPS-NN) ir vair\u0101kk\u0101rt atbalst\u012bjusi l\u012bdz\u0161in\u0113jo koal\u012bciju, ko vada Borisova vad\u012bt\u0101 partija GERB.<\/p>\n<p>&#13;<br \/>\n&#13;<\/p>\n<p>Bulg\u0101rijas prezidents Rumens Radevs pied\u0101v\u0101ja div\u0101m liel\u0101kaj\u0101m parlamenta frakcij\u0101m iesp\u0113ju izveidot jaunu vald\u012bbu, ta\u010du t\u0101m neizdev\u0101s. Tagad prezidents izv\u0113l\u0113sies premjera kandid\u0101tu, bet, ja \u0161is solis neizdosies, vi\u0146\u0161 iecels pagaidu kabinetu l\u012bdz jaunu v\u0113l\u0113\u0161anu sar\u012bko\u0161anai.<\/p>\n<p>&#13;<br \/>\n&#13;<\/p>\n<p>Neskatoties uz kr\u012bzi vald\u012bb\u0101, Bulg\u0101rija 1. janv\u0101r\u012b pievienoj\u0101s eirozonai.<\/p>\n<p>&#13;<\/p>\n","protected":false},"excerpt":{"rendered":"Kop\u0161 2020. gada masu protestiem pret korupciju un tr\u012bsk\u0101rt\u0113j\u0101 premjerministra Boiko Borisova vald\u012bbu Bulg\u0101rij\u0101 ir notiku\u0161as jau septi\u0146as&hellip;\n","protected":false},"author":2,"featured_media":105537,"comment_status":"","ping_status":"","sticky":false,"template":"","format":"standard","meta":{"footnotes":""},"categories":[14],"tags":[23,57,28,29,32,33,22,30,31,35,39,38,36,37,34,40,20,26,27,24,25,54,55,56,21,58],"class_list":{"0":"post-105536","1":"post","2":"type-post","3":"status-publish","4":"format-standard","5":"has-post-thumbnail","7":"category-zinas-no-arvalstim","8":"tag-aktualitates","9":"tag-arvalstim","10":"tag-breaking-news","11":"tag-breakingnews","12":"tag-featured-news","13":"tag-featurednews","14":"tag-headlines","15":"tag-latest-news","16":"tag-latestnews","17":"tag-latvia","18":"tag-latvian","19":"tag-latviesu","20":"tag-latviesu-valoda","21":"tag-latviesuvaloda","22":"tag-latvija","23":"tag-lv","24":"tag-news","25":"tag-popularakas-zinas","26":"tag-popularakaszinas","27":"tag-top-stories","28":"tag-topstories","29":"tag-world","30":"tag-world-news","31":"tag-worldnews","32":"tag-zinas","33":"tag-zinas-no-arvalstim"},"share_on_mastodon":{"url":"https:\/\/pubeurope.com\/@lv\/115899216913502158","error":""},"_links":{"self":[{"href":"https:\/\/www.europesays.com\/lv\/wp-json\/wp\/v2\/posts\/105536","targetHints":{"allow":["GET"]}}],"collection":[{"href":"https:\/\/www.europesays.com\/lv\/wp-json\/wp\/v2\/posts"}],"about":[{"href":"https:\/\/www.europesays.com\/lv\/wp-json\/wp\/v2\/types\/post"}],"author":[{"embeddable":true,"href":"https:\/\/www.europesays.com\/lv\/wp-json\/wp\/v2\/users\/2"}],"replies":[{"embeddable":true,"href":"https:\/\/www.europesays.com\/lv\/wp-json\/wp\/v2\/comments?post=105536"}],"version-history":[{"count":0,"href":"https:\/\/www.europesays.com\/lv\/wp-json\/wp\/v2\/posts\/105536\/revisions"}],"wp:featuredmedia":[{"embeddable":true,"href":"https:\/\/www.europesays.com\/lv\/wp-json\/wp\/v2\/media\/105537"}],"wp:attachment":[{"href":"https:\/\/www.europesays.com\/lv\/wp-json\/wp\/v2\/media?parent=105536"}],"wp:term":[{"taxonomy":"category","embeddable":true,"href":"https:\/\/www.europesays.com\/lv\/wp-json\/wp\/v2\/categories?post=105536"},{"taxonomy":"post_tag","embeddable":true,"href":"https:\/\/www.europesays.com\/lv\/wp-json\/wp\/v2\/tags?post=105536"}],"curies":[{"name":"wp","href":"https:\/\/api.w.org\/{rel}","templated":true}]}}