{"id":105538,"date":"2026-01-15T12:54:08","date_gmt":"2026-01-15T12:54:08","guid":{"rendered":"https:\/\/www.europesays.com\/lv\/105538\/"},"modified":"2026-01-15T12:54:08","modified_gmt":"2026-01-15T12:54:08","slug":"arlietu-ministre-b-braze-un-cern-padomes-prezidents-k-fonts-parruna-zinatnisko-un-tehnologisko-sadarbibu","status":"publish","type":"post","link":"https:\/\/www.europesays.com\/lv\/105538\/","title":{"rendered":"\u0100rlietu ministre B. Bra\u017ee un CERN Padomes prezidents K. Fonts p\u0101rrun\u0101 zin\u0101tnisko un tehnolo\u0123isko sadarb\u012bbu"},"content":{"rendered":"<p class=\"text-align-justify\">2026. gada 15. janv\u0101r\u012b \u0101rlietu ministre Baiba Bra\u017ee tik\u0101s ar Eiropas Kodolp\u0113tniec\u012bbas centra (CERN) Padomes prezidentu profesoru Kostu Fontu (Costas Fountas), lai p\u0101rrun\u0101tu Latvijas un CERN zin\u0101tnisk\u0101s un tehnolo\u0123isk\u0101s sadarb\u012bbas padzi\u013cin\u0101\u0161anu, k\u0101 ar\u012b Latvijas m\u0113r\u0137i k\u013c\u016bt par pilnties\u012bgu CERN dal\u012bbvalsti. <\/p>\n<p class=\"text-align-justify\">Par CERN asoci\u0113to dal\u012bbvalsti Latvija k\u013cuva 2021. gada 2. august\u0101. Asoci\u0113t\u0101s dal\u012bbvalsts statuss ir pav\u0113ris pla\u0161as iesp\u0113jas Latvijas zin\u0101tniekiem, studentiem un uz\u0146\u0113mumiem, veicinot gan augstas pievienot\u0101s v\u0113rt\u012bbas p\u0113tniec\u012bbu, gan inov\u0101ciju un ekonomisko izaugsmi. Pa\u0161laik vair\u0101k nek\u0101 20 Latvijas zin\u0101tnieki un p\u0113tnieki no Latvijas augstskol\u0101m akt\u012bvi iesaist\u0101s CERN zin\u0101tniskaj\u0101 programm\u0101. T\u0101pat vair\u0101ki Latvijas speci\u0101listi str\u0101d\u0101 CERN gan zin\u0101tniskos, gan administrat\u012bvos amatos. <\/p>\n<p class=\"text-align-justify\">Sadarb\u012bba ar CERN sniedz noz\u012bm\u012bgu ieguvumu ar\u012b Latvijas uz\u0146\u0113mumiem. Augstas precizit\u0101tes met\u0101lapstr\u0101des uz\u0146\u0113mumi, k\u0101 ar\u012b IKT uz\u0146\u0113mumi regul\u0101ri piedal\u0101s CERN iepirkumos. Kop\u0161 2021. gada Latvijas uz\u0146\u0113mumu izpild\u012bto CERN pas\u016bt\u012bjumu apjoms p\u0101rsniedz 0,5 milj. eiro, un \u0161\u012b tendence ik gadu turpina pieaug.<\/p>\n<p class=\"text-align-justify\">Pilnties\u012bga dal\u012bba CERN \u013cautu Latvijai v\u0113l pilnv\u0113rt\u012bg\u0101k izmantot organiz\u0101cijas pied\u0101v\u0101t\u0101s iesp\u0113jas, stiprin\u0101t nacion\u0101lo p\u0113tniec\u012bbas kapacit\u0101ti, veicin\u0101t inov\u0101cijas un cie\u0161\u0101ku sadarb\u012bbu starp zin\u0101tni un industriju, k\u0101 ar\u012b dot ilgtermi\u0146a ieguld\u012bjumu valsts dro\u0161\u012bb\u0101 un konkur\u0113tsp\u0113j\u0101.<\/p>\n<p class=\"text-align-justify\">Tik\u0161an\u0101s laik\u0101 B. Bra\u017ee uzsv\u0113ra \u2013 CERN ir pasaul\u0113 liel\u0101k\u0101 augstas ener\u0123ijas da\u013ci\u0146u fizikas p\u0113tniec\u012bbas laboratorija, kas sniedz valst\u012bm piek\u013cuvi pasaules l\u012bme\u0146a zin\u0101tnei un tehnolo\u0123iju att\u012bst\u012bbai. <\/p>\n","protected":false},"excerpt":{"rendered":"2026. gada 15. janv\u0101r\u012b \u0101rlietu ministre Baiba Bra\u017ee tik\u0101s ar Eiropas Kodolp\u0113tniec\u012bbas centra (CERN) Padomes prezidentu profesoru Kostu&hellip;\n","protected":false},"author":2,"featured_media":105539,"comment_status":"","ping_status":"","sticky":false,"template":"","format":"standard","meta":{"footnotes":""},"categories":[12],"tags":[23,28,29,32,33,22,30,31,35,39,38,36,37,34,40,20,26,27,24,25,21],"class_list":{"0":"post-105538","1":"post","2":"type-post","3":"status-publish","4":"format-standard","5":"has-post-thumbnail","7":"category-latvija","8":"tag-aktualitates","9":"tag-breaking-news","10":"tag-breakingnews","11":"tag-featured-news","12":"tag-featurednews","13":"tag-headlines","14":"tag-latest-news","15":"tag-latestnews","16":"tag-latvia","17":"tag-latvian","18":"tag-latviesu","19":"tag-latviesu-valoda","20":"tag-latviesuvaloda","21":"tag-latvija","22":"tag-lv","23":"tag-news","24":"tag-popularakas-zinas","25":"tag-popularakaszinas","26":"tag-top-stories","27":"tag-topstories","28":"tag-zinas"},"share_on_mastodon":{"url":"https:\/\/pubeurope.com\/@lv\/115899220889075313","error":""},"_links":{"self":[{"href":"https:\/\/www.europesays.com\/lv\/wp-json\/wp\/v2\/posts\/105538","targetHints":{"allow":["GET"]}}],"collection":[{"href":"https:\/\/www.europesays.com\/lv\/wp-json\/wp\/v2\/posts"}],"about":[{"href":"https:\/\/www.europesays.com\/lv\/wp-json\/wp\/v2\/types\/post"}],"author":[{"embeddable":true,"href":"https:\/\/www.europesays.com\/lv\/wp-json\/wp\/v2\/users\/2"}],"replies":[{"embeddable":true,"href":"https:\/\/www.europesays.com\/lv\/wp-json\/wp\/v2\/comments?post=105538"}],"version-history":[{"count":0,"href":"https:\/\/www.europesays.com\/lv\/wp-json\/wp\/v2\/posts\/105538\/revisions"}],"wp:featuredmedia":[{"embeddable":true,"href":"https:\/\/www.europesays.com\/lv\/wp-json\/wp\/v2\/media\/105539"}],"wp:attachment":[{"href":"https:\/\/www.europesays.com\/lv\/wp-json\/wp\/v2\/media?parent=105538"}],"wp:term":[{"taxonomy":"category","embeddable":true,"href":"https:\/\/www.europesays.com\/lv\/wp-json\/wp\/v2\/categories?post=105538"},{"taxonomy":"post_tag","embeddable":true,"href":"https:\/\/www.europesays.com\/lv\/wp-json\/wp\/v2\/tags?post=105538"}],"curies":[{"name":"wp","href":"https:\/\/api.w.org\/{rel}","templated":true}]}}