{"id":105542,"date":"2026-01-15T12:56:25","date_gmt":"2026-01-15T12:56:25","guid":{"rendered":"https:\/\/www.europesays.com\/lv\/105542\/"},"modified":"2026-01-15T12:56:25","modified_gmt":"2026-01-15T12:56:25","slug":"elina-reitere-sanem-normunda-naumana-gada-balvu-makslas-kritika-par-dzilam-un-sociali-aktualam-kinorecenzijam-lente-lv","status":"publish","type":"post","link":"https:\/\/www.europesays.com\/lv\/105542\/","title":{"rendered":"El\u012bna Reitere sa\u0146em Normunda Nauma\u0146a Gada balvu m\u0101kslas kritik\u0101 par dzi\u013c\u0101m un soci\u0101li aktu\u0101l\u0101m kinorecenzij\u0101m\u00a0\u2014\u00a0Lente.lv"},"content":{"rendered":"<p>El\u012bna Reitere apbalvota par noz\u012bm\u012bgu ieguld\u012bjumu m\u0101kslas kritik\u0101<\/p>\n<p>Par noz\u012bm\u012bgu ieguld\u012bjumu m\u0101kslas kritik\u0101 \u0161ogad Normunda Nauma\u0146a v\u0101rd\u0101 nosaukto Gada balvu sa\u0146\u0113musi kinokriti\u0137e El\u012bna Reitere. Apbalvojums pie\u0161\u0137irts par vi\u0146as public\u0113tajiem rakstiem un recenzij\u0101m, \u012bpa\u0161i izce\u013cot anal\u012bzi par film\u0101m &#8220;Anna LOL&#8221;, &#8220;Lotus&#8221;, &#8220;Dieva suns&#8221; un &#8220;Testaments&#8221;. K\u0101 zi\u0146o av\u012bze Diena, \u0161\u012b ir jau vienpadsmit\u0101 reize, kad tiek pasniegta Normunda Nauma\u0146a Gada balva m\u0101kslas kritik\u0101. Ceremonija, kas paz\u012bstama k\u0101 &#8220;NN nakts&#8221;, notika Latvijas Radio 1. studij\u0101 un tika transl\u0113ta tie\u0161raid\u0113.<\/p>\n<p>\u017d\u016brijas atzin\u012bba par p\u0113tniecisko dzi\u013cumu un soci\u0101lo aktualit\u0101ti<\/p>\n<p>\u017d\u016brija \u012bpa\u0161i nov\u0113rt\u0113jusi El\u012bnas Reiteres sp\u0113ju veikt dzi\u013ci p\u0113tniecisku anal\u012bzi, kas ne tikai bag\u0101tina las\u012bt\u0101ju erud\u012bciju, bet ar\u012b sp\u0113j aktualiz\u0113t s\u0101p\u012bgus soci\u0101lus jaut\u0101jumus m\u0101kslas kritik\u0101. \u017d\u016brijas priek\u0161s\u0113d\u0113t\u0101js Ilm\u0101rs \u0160l\u0101pins uzsv\u0113ra, ka Reiteres darbos apvienotas akad\u0113misk\u0101s zin\u0101\u0161anas un teor\u0113tisk\u0101s atzi\u0146as, analiz\u0113jot m\u0101kslinieciskos pa\u0146\u0113mienus un rado\u0161\u0101s idejas. Vienlaikus kriti\u0137e piev\u0113r\u0161 uzman\u012bbu m\u0101kslas darba autora profesion\u0101lajai \u0113tikai un cilv\u0113ciskajai mor\u0101lei, pau\u017eot laikmet\u012bgu attieksmi un skaidras poz\u012bcijas, kas vi\u0146as darbu padara \u012bpa\u0161i noz\u012bm\u012bgu. Reitere pati ir teikusi: &#8220;Recenzija nekad nav tikai par filmu. T\u0101 vienm\u0113r ir ar\u012b par kriti\u0137i.&#8221; Vi\u0146a savas recenzijas raksturo k\u0101 pieder\u012bgas akad\u0113misk\u0101s kinokritikas laukam, pau\u017eot gandar\u012bjumu par izdevuma &#8220;Kino Raksti&#8221; iesp\u0113ju public\u0113t vi\u0146as specifiskos tekstus.<\/p>\n<p>Par Normunda Nauma\u0146a balvu un &#8220;NN nakts&#8221; ceremoniju<\/p>\n<p>Normunda Nauma\u0146a v\u0101rd\u0101 nosaukto Gada balvu m\u0101kslas kritik\u0101 dibin\u0101ja Normunda Nauma\u0146a biedr\u012bba 2015. gad\u0101, godinot un atbalstot noz\u012bm\u012bgus ieguld\u012bjumus m\u0101kslas kritikas jom\u0101 Latvij\u0101. Balvai ir pie\u0161\u0137irts Nacion\u0101l\u0101s balvas statuss, un t\u0101s norisi atbalsta Kult\u016bras ministrija. \u0160\u012b gada ceremonijas nosaukums bija &#8220;Kritikas j\u0113gas pier\u0101d\u012b\u0161ana visu m\u0101kslu m\u012blot\u0101jam&#8221;. Ceremonijas re\u017eisors bija M\u0101rti\u0146\u0161 Grauds, bet scen\u0101rija autori \u2013 K\u0101rlis V\u0113rdi\u0146\u0161 un Ivars \u0160teinbergs, kur\u0161 ar\u012b bija vakara vad\u012bt\u0101js. Reitere par balvu tika nomin\u0113ta kop\u0101 ar te\u0101tra kriti\u0137i Ati Rozent\u0101lu, literat\u016bras kriti\u0137i Arvi Vigu\u013cu un operas kriti\u0137i Laumu Mell\u0113nu-Bartkevi\u010du. Jaun\u0101 kriti\u0137a balvu sa\u0146\u0113ma m\u016bzikas kriti\u0137is Arno Titovs.<\/p>\n<p>El\u012bnas Reiteres ieguld\u012bjums Latvijas m\u0101kslas kritikas ainav\u0101<\/p>\n<p>El\u012bnas Reiteres recenzijas tiek raksturotas k\u0101 r\u016bp\u012bgi p\u0101rdom\u0101ti refer\u0101ti ar dzi\u013ciem p\u0113tnieciskiem profesion\u0101liem &#8220;p\u0113du nospiedumiem&#8221;, kas orient\u0113ti uz las\u012bt\u0101jiem, kuri v\u0113las iedzi\u013cin\u0101ties un audz\u0113t savu erud\u012bciju. Vi\u0146as raksti sp\u0113c\u012bgi rezon\u0113 ne tikai Latvijas kino aprind\u0101s, bet ar\u012b sp\u0113j aktualiz\u0113t s\u0101p\u012bgu soci\u0101lo problem\u0101tiku, veiksm\u012bgi jaucot robe\u017eas starp publicistiku, p\u0113tniec\u012bbu un kritiku. Tas ne vienm\u0113r atst\u0101j vienaldz\u012bgus pat tos, kas par kino kritiku ikdien\u0101 neinteres\u0113jas. Reitere pati uzsver, ka akad\u0113misko publik\u0101ciju skaits Latvij\u0101 ir ierobe\u017eots, t\u0101p\u0113c vi\u0146a ir pateic\u012bga &#8220;Kino Rakstiem&#8221; par iesp\u0113ju public\u0113t savus specifiskos tekstus.<\/p>\n","protected":false},"excerpt":{"rendered":"El\u012bna Reitere apbalvota par noz\u012bm\u012bgu ieguld\u012bjumu m\u0101kslas kritik\u0101 Par noz\u012bm\u012bgu ieguld\u012bjumu m\u0101kslas kritik\u0101 \u0161ogad Normunda Nauma\u0146a v\u0101rd\u0101 nosaukto&hellip;\n","protected":false},"author":2,"featured_media":105543,"comment_status":"","ping_status":"","sticky":false,"template":"","format":"standard","meta":{"footnotes":""},"categories":[19],"tags":[20540,89,90,11963,35,39,38,36,37,34,40,13059,25007,13058],"class_list":{"0":"post-105542","1":"post","2":"type-post","3":"status-publish","4":"format-standard","5":"has-post-thumbnail","7":"category-izklaide","8":"tag-elina-reitere","9":"tag-entertainment","10":"tag-izklaide","11":"tag-kinokritika","12":"tag-latvia","13":"tag-latvian","14":"tag-latviesu","15":"tag-latviesu-valoda","16":"tag-latviesuvaloda","17":"tag-latvija","18":"tag-lv","19":"tag-makslas-kritika","20":"tag-nn-nakts","21":"tag-normunda-naumana-gada-balva"},"share_on_mastodon":{"url":"https:\/\/pubeurope.com\/@lv\/115899228733555197","error":""},"_links":{"self":[{"href":"https:\/\/www.europesays.com\/lv\/wp-json\/wp\/v2\/posts\/105542","targetHints":{"allow":["GET"]}}],"collection":[{"href":"https:\/\/www.europesays.com\/lv\/wp-json\/wp\/v2\/posts"}],"about":[{"href":"https:\/\/www.europesays.com\/lv\/wp-json\/wp\/v2\/types\/post"}],"author":[{"embeddable":true,"href":"https:\/\/www.europesays.com\/lv\/wp-json\/wp\/v2\/users\/2"}],"replies":[{"embeddable":true,"href":"https:\/\/www.europesays.com\/lv\/wp-json\/wp\/v2\/comments?post=105542"}],"version-history":[{"count":0,"href":"https:\/\/www.europesays.com\/lv\/wp-json\/wp\/v2\/posts\/105542\/revisions"}],"wp:featuredmedia":[{"embeddable":true,"href":"https:\/\/www.europesays.com\/lv\/wp-json\/wp\/v2\/media\/105543"}],"wp:attachment":[{"href":"https:\/\/www.europesays.com\/lv\/wp-json\/wp\/v2\/media?parent=105542"}],"wp:term":[{"taxonomy":"category","embeddable":true,"href":"https:\/\/www.europesays.com\/lv\/wp-json\/wp\/v2\/categories?post=105542"},{"taxonomy":"post_tag","embeddable":true,"href":"https:\/\/www.europesays.com\/lv\/wp-json\/wp\/v2\/tags?post=105542"}],"curies":[{"name":"wp","href":"https:\/\/api.w.org\/{rel}","templated":true}]}}