{"id":105544,"date":"2026-01-15T12:57:07","date_gmt":"2026-01-15T12:57:07","guid":{"rendered":"https:\/\/www.europesays.com\/lv\/105544\/"},"modified":"2026-01-15T12:57:07","modified_gmt":"2026-01-15T12:57:07","slug":"uefa-naciju-ligas-grupu-izloze-notiks-februara-vidu","status":"publish","type":"post","link":"https:\/\/www.europesays.com\/lv\/105544\/","title":{"rendered":"UEFA N\u0101ciju l\u012bgas grupu izloze notiks febru\u0101ra vid\u016b"},"content":{"rendered":"<p>Ja UEFA nemain\u012bs izlozes sist\u0113mu, tad pirmaj\u0101 groz\u0101 b\u016bs N\u0101ciju l\u012bgas pa\u0161reiz\u0113jie \u010dempioni Portug\u0101les futbolisti, k\u0101 ar\u012b A l\u012bgas grupu uzvar\u0113t\u0101ji iepriek\u0161\u0113j\u0101 turn\u012br\u0101 Francija, V\u0101cija un Sp\u0101nija.<\/p>\n<p>A, B un C l\u012bg\u0101s katr\u0101 start\u0113s 16 komandas \u010detr\u0101s grup\u0101s, bet v\u0101j\u0101kaj\u0101 D l\u012bg\u0101 b\u016bs divas grupas \u2013 pa div\u0101m un trim komand\u0101m.<\/p>\n<p>Latvijas izlase pretend\u0113 uz sp\u0113l\u0113\u0161anu C l\u012bg\u0101. Lai taj\u0101 iek\u013c\u016btu, mart\u0101 Latvijas futbolistiem divu sp\u0113\u013cu summ\u0101 b\u016bs j\u0101uzvar Gibralt\u0101ra izlase.<\/p>\n<p>UEFA v\u0113l nav pazi\u0146ojusi, k\u0101da b\u016bs N\u0101ciju l\u012bgas rezult\u0101tu noz\u012bme kvalifik\u0101cijai uz 2028. gada Eiropas \u010dempion\u0101ta fin\u0101lturn\u012bru.<\/p>\n<p>UEFA N\u0101ciju l\u012bgas turn\u012brs l\u012bdz \u0161im norisin\u0101jies \u010detras reizes. Pirmaj\u0101 un p\u0113d\u0113j\u0101 turn\u012br\u0101 uzvar\u0113ja portug\u0101\u013ci, bet v\u0113l pa reizei trofeju izc\u012bn\u012bju\u0161i Francijas un Sp\u0101nijas futbolisti.<\/p>\n<p class=\"tv3-fw-500\">Zi\u0146o par k\u013c\u016bdu rakst\u0101<\/p>\n<p class=\"d-md-block d-none\">Iez\u012bm\u0113 k\u013c\u016bdaino tekstu un spied Ctrl+Enter.<\/p>\n<p class=\"d-md-none d-block\">Iez\u012bm\u0113 k\u013c\u016bdaino tekstu un zi\u0146o par to!<\/p>\n","protected":false},"excerpt":{"rendered":"Ja UEFA nemain\u012bs izlozes sist\u0113mu, tad pirmaj\u0101 groz\u0101 b\u016bs N\u0101ciju l\u012bgas pa\u0161reiz\u0113jie \u010dempioni Portug\u0101les futbolisti, k\u0101 ar\u012b A&hellip;\n","protected":false},"author":2,"featured_media":105545,"comment_status":"","ping_status":"","sticky":false,"template":"","format":"standard","meta":{"footnotes":""},"categories":[17],"tags":[35,39,38,36,37,34,40,67,9835],"class_list":{"0":"post-105544","1":"post","2":"type-post","3":"status-publish","4":"format-standard","5":"has-post-thumbnail","7":"category-sports","8":"tag-latvia","9":"tag-latvian","10":"tag-latviesu","11":"tag-latviesu-valoda","12":"tag-latviesuvaloda","13":"tag-latvija","14":"tag-lv","15":"tag-sports","16":"tag-uefa-naciju-liga"},"share_on_mastodon":{"url":"https:\/\/pubeurope.com\/@lv\/115899232568734001","error":""},"_links":{"self":[{"href":"https:\/\/www.europesays.com\/lv\/wp-json\/wp\/v2\/posts\/105544","targetHints":{"allow":["GET"]}}],"collection":[{"href":"https:\/\/www.europesays.com\/lv\/wp-json\/wp\/v2\/posts"}],"about":[{"href":"https:\/\/www.europesays.com\/lv\/wp-json\/wp\/v2\/types\/post"}],"author":[{"embeddable":true,"href":"https:\/\/www.europesays.com\/lv\/wp-json\/wp\/v2\/users\/2"}],"replies":[{"embeddable":true,"href":"https:\/\/www.europesays.com\/lv\/wp-json\/wp\/v2\/comments?post=105544"}],"version-history":[{"count":0,"href":"https:\/\/www.europesays.com\/lv\/wp-json\/wp\/v2\/posts\/105544\/revisions"}],"wp:featuredmedia":[{"embeddable":true,"href":"https:\/\/www.europesays.com\/lv\/wp-json\/wp\/v2\/media\/105545"}],"wp:attachment":[{"href":"https:\/\/www.europesays.com\/lv\/wp-json\/wp\/v2\/media?parent=105544"}],"wp:term":[{"taxonomy":"category","embeddable":true,"href":"https:\/\/www.europesays.com\/lv\/wp-json\/wp\/v2\/categories?post=105544"},{"taxonomy":"post_tag","embeddable":true,"href":"https:\/\/www.europesays.com\/lv\/wp-json\/wp\/v2\/tags?post=105544"}],"curies":[{"name":"wp","href":"https:\/\/api.w.org\/{rel}","templated":true}]}}