{"id":105546,"date":"2026-01-15T12:59:06","date_gmt":"2026-01-15T12:59:06","guid":{"rendered":"https:\/\/www.europesays.com\/lv\/105546\/"},"modified":"2026-01-15T12:59:06","modified_gmt":"2026-01-15T12:59:06","slug":"asv-ambicijas-attieciba-uz-grenlandi-nav-mainijusas-raksts","status":"publish","type":"post","link":"https:\/\/www.europesays.com\/lv\/105546\/","title":{"rendered":"ASV amb\u012bcijas attiec\u012bb\u0101 uz Grenlandi nav main\u012bju\u0161\u0101s \/ Raksts"},"content":{"rendered":"<p>D\u0101nijas premjerministre Mete Frederiksena ceturtdien pazi\u0146oja, ka tiks izveidota darba grupa, lai apspriestu iesp\u0113jas uzlabot dro\u0161\u012bbu Arktik\u0101, bet uzsv\u0113ra, ka tas nemaina faktu, ka ASV amb\u012bcijas ieg\u016bt Grenlandi paliek nemain\u012bgas.<\/p>\n<p>&#8220;Tas, protams, ir nopietns jaut\u0101jums, un t\u0101p\u0113c m\u0113s turpin\u0101m centienus, lai nepie\u013cautu, ka \u0161\u0101ds scen\u0101rijs k\u013c\u016bst par realit\u0101ti,&#8221; vi\u0146a piebilda.<\/p>\n<p>Lai atbalst\u012btu D\u0101niju, \u0161odien Grenland\u0113 ierad\u0101s Eiropas milit\u0101r\u0101 misija, kuru veido karav\u012bri no Francijas, Zviedrijas, V\u0101cijas un Norv\u0113\u0123ijas.<\/p>\n<p>V\u0101cijas Aizsardz\u012bbas ministrija to nod\u0113v\u0113ja par izl\u016bko\u0161anas misiju, nor\u0101dot, ka m\u0113r\u0137is b\u016bs izp\u0113t\u012bt pamatnosac\u012bjumus iesp\u0113jamam milit\u0101rajam atbalstam D\u0101nijai dro\u0161\u012bbas garant\u0113\u0161an\u0101 re\u0123ion\u0101, \u0146emot v\u0113r\u0101 Krievijas un \u0136\u012bnas draudus Arktik\u0101.<\/p>\n<p>&#8220;No \u0161odienas un turpm\u0101kaj\u0101s dien\u0101s gaid\u0101ma liel\u0101ka NATO karav\u012bru kl\u0101tb\u016btne Grenland\u0113. Paredzams, ka b\u016bs vair\u0101k milit\u0101ro lidojumu un ku\u0123u,&#8221; tre\u0161dien preses konferenc\u0113 pazi\u0146oja Grenlandes vicepremjers Mute Egede, piebilstot, ka Eiropas karav\u012bri Grenland\u0113 piedal\u012bsies manevros.<\/p>\n<p>ASV prezidents Donalds Tramps pazi\u0146ojis, ka ASV nepiecie\u0161ams ieg\u016bt Grenlandi dro\u0161\u012bbas apsv\u0113rumu d\u0113\u013c, jo gad\u012bjum\u0101, ja \u0161\u012b sala nenon\u0101ks Va\u0161ingtonas kontrol\u0113, to p\u0101r\u0146ems \u0136\u012bna vai Krievija.<\/p>\n<p>D\u0101nija noraida Trampa teritori\u0101l\u0101s amb\u012bcijas un pazi\u0146ojusi, ka stiprin\u0101s milit\u0101ro kl\u0101tb\u016btni t\u0101s autonomaj\u0101 teritorij\u0101 Grenland\u0113.<\/p>\n<blockquote>\n<p>Krievijas v\u0113stniec\u012bba Be\u013c\u0123ij\u0101, kur atrodas NATO galven\u0101 m\u012btne, tre\u0161dien pazi\u0146oja, ka NATO sp\u0113ku iera\u0161an\u0101s Grenland\u0113 rada ba\u017eas.<\/p>\n<\/blockquote>\n<p>NATO &#8220;palielina savu milit\u0101ro kl\u0101tb\u016btni \u0161aj\u0101 valst\u012b, aizbildinoties ar pieaugo\u0161iem draudiem no Maskavas un Pekinas puses&#8221;, apgalvoja Krievijas v\u0113stniec\u012bba.<\/p>\n<p>D\u0101nijas \u0101rlietu ministrs Larss Leke Rasmusens tre\u0161dien Va\u0161ington\u0101 preses konferenc\u0113 p\u0113c tik\u0161an\u0101s ar ASV viceprezidentu D\u017eeimsu Deividu Vensu un valsts sekret\u0101ru Marko Rubio raksturoja \u0161\u012bs sarunas k\u0101 atkl\u0101tas un konstrukt\u012bvas, bet atzina, ka ASV un D\u0101nijai ir pavisam at\u0161\u0137ir\u012bgs skat\u012bjums uz Grenlandi.<\/p>\n<p>Reiz\u0113 ar Rasmusenu sarun\u0101s piedal\u012bj\u0101s Grenlandes \u0101rlietu ministre Viviana Mocfelta.<\/p>\n<blockquote>\n<p>&#8220;Mums neizdev\u0101s main\u012bt amerik\u0101\u0146u poz\u012bciju. Ir skaidrs, ka prezidentam [Donaldam Trampam] ir v\u0113lme iekarot Grenlandi,&#8221; \u017eurn\u0101listiem sac\u012bja Rasmusens. &#8220;Un m\u0113s \u013coti, \u013coti skaidri pateic\u0101m, ka tas nav karalistes interes\u0113s,&#8221; vi\u0146\u0161 uzsv\u0113ra.<\/p>\n<\/blockquote>\n<p>Rasmusens ar\u012b uzsv\u0113ra, ka Grenlandes piekrast\u0113 nav \u0136\u012bnas karaku\u0123u. &#8220;Grenland\u0113 nav ar\u012b lielu \u0136\u012bnas invest\u012bciju,&#8221; vi\u0146\u0161 piebilda.<\/p>\n<p>Tramps p\u0113c \u0161\u012bs tik\u0161an\u0101s, kur\u0101 vi\u0146\u0161 nepiedal\u012bj\u0101s, pirmo reizi izteic\u0101s samiernieciski par Grenlandes jaut\u0101jumu, atz\u012bstot D\u0101nijas intereses, ta\u010du vi\u0146\u0161 atkal nor\u0101d\u012bja, ka neizsl\u0113dz nek\u0101das iesp\u0113jas.<\/p>\n<p>&#8220;Man ir \u013coti labas attiec\u012bbas ar D\u0101niju, un m\u0113s redz\u0113sim, k\u0101 tas viss atrisin\u0101sies. Es dom\u0101ju, ka kaut kas izdosies,&#8221; pazi\u0146oja Tramps.<\/p>\n<p>Vi\u0146\u0161 v\u0113lreiz apgalvoja, ka D\u0101nija b\u016btu bezsp\u0113c\u012bga, ja Krievija vai \u0136\u012bna izdom\u0101tu okup\u0113t Grenlandi.<\/p>\n<p>KONTEKSTS:<\/p>\n<p>Grenlande p\u0113c plat\u012bbas ir liel\u0101k\u0101 sala pasaul\u0113, bet uz t\u0101s ir tikai aptuveni\u00a056 000 iedz\u012bvot\u0101ju. T\u0101 pieder D\u0101nijai, bet salai ir pla\u0161as autonomijas ties\u012bbas.<\/p>\n<p>Grenlandes galvaspils\u0113ta N\u016bka \u0123eogr\u0101fiski ir tuv\u0101k \u0145ujorkai nek\u0101 Kopenh\u0101genai, un ASV vald\u012bba jau vair\u0101kk\u0101rt izr\u0101d\u012bjusi interesi par Grenlandes ieg\u0101d\u0101\u0161anos. Grenland\u0113 ir izvietota ASV milit\u0101r\u0101 b\u0101ze.<\/p>\n<p>ASV dr\u012bz p\u0113c Otr\u0101 pasaules kara pied\u0101v\u0101ja nopirkt Grenlandi par 100 miljoniem dol\u0101ru, bet D\u0101nija noraid\u012bja \u0161o pied\u0101v\u0101jumu.<\/p>\n<p>ASV prezidents Donalds Tramps jau sava pirm\u0101 prezident\u016bras termi\u0146a laik\u0101\u00a0<a data-id=\"328990\" data-type=\"article\" href=\"https:\/\/www.lsm.lv\/raksts\/zinas\/arzemes\/mediji-tramps-interesejies-par-grenlandes-iegadi-danija-to-uztver-ka-joku.a328990\/\" class=\"lsm-link\" rel=\"nofollow noopener\" target=\"_blank\">atdz\u012bvin\u0101ja ideju<\/a>\u00a0par Grenlandes pirk\u0161anu, bet tagad p\u0113c atgrie\u0161an\u0101s Balt\u0101 nama saimnieka amat\u0101 vi\u0146\u0161 ar jaunu sparu\u00a0<a data-id=\"582653\" data-type=\"article\" href=\"https:\/\/www.lsm.lv\/raksts\/zinas\/arzemes\/07.01.2025-tramps-pirms-stasanas-amata-signalize-par-ekspansionisma-tieksmem.a582653\/\" class=\"lsm-link\" rel=\"nofollow noopener\" target=\"_blank\">\u0137\u0113ries<\/a>\u00a0pie \u0161\u012bs idejas populariz\u0113\u0161anas.<\/p>\n<p>Starptautisk\u0101s politikas eksperti\u00a0<a data-id=\"582674\" data-type=\"article\" href=\"https:\/\/www.lsm.lv\/raksts\/zinas\/arzemes\/08.01.2025-lsm-skaidro-kapec-tramps-tik-loti-velas-iegadaties-grenlandi.a582674\/\" class=\"lsm-link\" rel=\"nofollow noopener\" target=\"_blank\">sprie\u017e<\/a>, ka ASV interes\u0113 Grenlandes strat\u0113\u0123iski svar\u012bgais izvietojums un pieeja Arktikai, k\u0101 ar\u012b der\u012bgo izrakte\u0146u kr\u0101jumi.<\/p>\n<p>D\u0101nijas un Grenlandes amatpersonas gan\u00a0<a data-id=\"582821\" data-type=\"article\" href=\"https:\/\/www.lsm.lv\/raksts\/zinas\/arzemes\/08.01.2025-grenlandes-deputate-par-trampa-velmi-nopirkt-salu-ne-jau-asv-izlems-musu-nakotni.a582821\/\" class=\"lsm-link\" rel=\"nofollow noopener\" target=\"_blank\">uzsv\u0113ru\u0161as<\/a>, ka Grenlande netiek p\u0101rdota.<\/p>\n<p>2026. gada janv\u0101r\u012b Baltais nams\u00a0<a data-id=\"628859\" data-type=\"article\" href=\"https:\/\/www.lsm.lv\/raksts\/zinas\/arzemes\/06.01.2026-tramps-apsver-vairakus-variantus-grenlandes-iegusanai-neizsledz-militaru-ricibu.a628859\/\" class=\"lsm-link\" rel=\"nofollow noopener\" target=\"_blank\">pav\u0113st\u012bja<\/a>, ka Tramps izskata da\u017e\u0101das iesp\u0113jas, k\u0101 p\u0101r\u0146emt Grenlandi sav\u0101 kontrol\u0113, tai skait\u0101 netiek izsl\u0113gts ar\u012b milit\u0101rs risin\u0101jums. \u0160\u0101ds scen\u0101rijs izrais\u012btu smagu kr\u012bzi NATO, jo gan D\u0101nija, gan ASV ir NATO dal\u012bbvalstis.<\/p>\n<p>                    Valodas k\u013c\u016bda rakst\u0101?<\/p>\n<p class=\"d-none d-md-block\">Iez\u012bm\u0113jiet tekstu un spiediet Ctrl+Enter, lai nos\u016bt\u012btu labojamo teksta fragmentu redaktoram! Par faktu k\u013c\u016bd\u0101m l\u016bdzam zi\u0146ot e-past\u0101 <a href=\"https:\/\/www.lsm.lv\/cdn-cgi\/l\/email-protection\" class=\"__cf_email__\" data-cfemail=\"8cfee9e8ede7efe5e6edcce0ffe1a2e0fa\" rel=\"nofollow noopener\" target=\"_blank\">[email\u00a0protected]<\/a>.<\/p>\n<p class=\"d-md-none\">Iez\u012bm\u0113jiet tekstu un spiediet uz Zi\u0146ot par k\u013c\u016bdu pogas, lai nos\u016bt\u012btu labojamo teksta fragmentu redaktoram!<\/p>\n<p>\n                    Zi\u0146ot par k\u013c\u016bdu\n                <\/p>\n","protected":false},"excerpt":{"rendered":"D\u0101nijas premjerministre Mete Frederiksena ceturtdien pazi\u0146oja, ka tiks izveidota darba grupa, lai apspriestu iesp\u0113jas uzlabot dro\u0161\u012bbu Arktik\u0101, bet&hellip;\n","protected":false},"author":2,"featured_media":105547,"comment_status":"","ping_status":"","sticky":false,"template":"","format":"standard","meta":{"footnotes":""},"categories":[14],"tags":[23,57,28,29,32,33,22,30,31,35,39,38,36,37,34,40,20,26,27,24,25,54,55,56,21,58],"class_list":{"0":"post-105546","1":"post","2":"type-post","3":"status-publish","4":"format-standard","5":"has-post-thumbnail","7":"category-zinas-no-arvalstim","8":"tag-aktualitates","9":"tag-arvalstim","10":"tag-breaking-news","11":"tag-breakingnews","12":"tag-featured-news","13":"tag-featurednews","14":"tag-headlines","15":"tag-latest-news","16":"tag-latestnews","17":"tag-latvia","18":"tag-latvian","19":"tag-latviesu","20":"tag-latviesu-valoda","21":"tag-latviesuvaloda","22":"tag-latvija","23":"tag-lv","24":"tag-news","25":"tag-popularakas-zinas","26":"tag-popularakaszinas","27":"tag-top-stories","28":"tag-topstories","29":"tag-world","30":"tag-world-news","31":"tag-worldnews","32":"tag-zinas","33":"tag-zinas-no-arvalstim"},"share_on_mastodon":{"url":"https:\/\/pubeurope.com\/@lv\/115899240530039396","error":""},"_links":{"self":[{"href":"https:\/\/www.europesays.com\/lv\/wp-json\/wp\/v2\/posts\/105546","targetHints":{"allow":["GET"]}}],"collection":[{"href":"https:\/\/www.europesays.com\/lv\/wp-json\/wp\/v2\/posts"}],"about":[{"href":"https:\/\/www.europesays.com\/lv\/wp-json\/wp\/v2\/types\/post"}],"author":[{"embeddable":true,"href":"https:\/\/www.europesays.com\/lv\/wp-json\/wp\/v2\/users\/2"}],"replies":[{"embeddable":true,"href":"https:\/\/www.europesays.com\/lv\/wp-json\/wp\/v2\/comments?post=105546"}],"version-history":[{"count":0,"href":"https:\/\/www.europesays.com\/lv\/wp-json\/wp\/v2\/posts\/105546\/revisions"}],"wp:featuredmedia":[{"embeddable":true,"href":"https:\/\/www.europesays.com\/lv\/wp-json\/wp\/v2\/media\/105547"}],"wp:attachment":[{"href":"https:\/\/www.europesays.com\/lv\/wp-json\/wp\/v2\/media?parent=105546"}],"wp:term":[{"taxonomy":"category","embeddable":true,"href":"https:\/\/www.europesays.com\/lv\/wp-json\/wp\/v2\/categories?post=105546"},{"taxonomy":"post_tag","embeddable":true,"href":"https:\/\/www.europesays.com\/lv\/wp-json\/wp\/v2\/tags?post=105546"}],"curies":[{"name":"wp","href":"https:\/\/api.w.org\/{rel}","templated":true}]}}