{"id":105561,"date":"2026-01-15T13:11:13","date_gmt":"2026-01-15T13:11:13","guid":{"rendered":"https:\/\/www.europesays.com\/lv\/105561\/"},"modified":"2026-01-15T13:11:13","modified_gmt":"2026-01-15T13:11:13","slug":"mineapole-tukstosiem-proteste-pret-imigracijas-policiju-pec-sievietes-nosausanas-lente-lv","status":"publish","type":"post","link":"https:\/\/www.europesays.com\/lv\/105561\/","title":{"rendered":"Mineapol\u0113 t\u016bksto\u0161iem protest\u0113 pret Imigr\u0101cijas policiju p\u0113c sievietes no\u0161au\u0161anas\u00a0\u2014\u00a0Lente.lv"},"content":{"rendered":"<p>Protesti Mineapol\u0113 pie\u0146em pla\u0161\u0101kus m\u0113rogus<\/p>\n<p>ASV pils\u0113t\u0101 Mineapol\u0113 sestdien t\u016bksto\u0161iem cilv\u0113ku izg\u0101ja demonstr\u0101cij\u0101s, protest\u0113jot pret Imigr\u0101cijas un muitas policiju (ICE). Protesti pils\u0113t\u0101 aizs\u0101k\u0101s p\u0113c tam, kad ICE a\u0123ents tre\u0161dien no\u0161\u0101va 37 gadus veco Ren\u0113 Nikolu Gudu, kura tika no\u0161auta sav\u0101 automa\u0161\u012bn\u0101. K\u0101 zi\u0146o Latvijas Av\u012bze, protesti, pau\u017eot sa\u0161utumu par Gudas nogalin\u0101\u0161anu un nosodot ICE instit\u016bciju, sestdien notiku\u0161i ar\u012b cit\u0101s ASV pils\u0113t\u0101s, tostarp Losand\u017eelos\u0101, \u0145ujork\u0101, Ostin\u0101 un Sietl\u0101.<\/p>\n<p>Cilv\u0113ki sestdienas vakar\u0101 pulc\u0113j\u0101s Mineapol\u0113, lai gan laikapst\u0101k\u013ci bija \u013coti auksti. Mineapoles m\u0113rs D\u017eeikobs Frejs preses konferenc\u0113 pauda atzin\u012bbu mierm\u012bl\u012bgajiem protest\u0113t\u0101jiem, ta\u010du br\u012bdin\u0101ja, ka persona, kas nodar\u012bs kait\u0113jumu \u012bpa\u0161umam vai apdraud\u0113s citus, tiks aiztur\u0113ta. Daudz\u0101s ASV pils\u0113t\u0101s protesti pret ICE ir pl\u0101noti ar\u012b sv\u0113tdien.<\/p>\n<p>Tra\u0123iskais incidents un t\u0101 apst\u0101k\u013ci<\/p>\n<p>Tre\u0161dien ICE oper\u0101cijas gait\u0101 Mineapol\u0113 sav\u0101 automa\u0161\u012bn\u0101 tika no\u0161auta 37 gadus vec\u0101 Ren\u0113 Nikola Guda, tr\u012bs b\u0113rnu m\u0101te un ASV pilsone. Saska\u0146\u0101 ar publiskotajiem videoincidenta materi\u0101liem, Guda ar savu automa\u0161\u012bnu \u0161\u0137ietami blo\u0137\u0113jusi ce\u013cu. Kad pie vi\u0146as pien\u0101ku\u0161i divi ICE a\u0123enti, sieviete nav v\u0113l\u0113jusies iesaist\u012bties sarun\u0101s un m\u0113\u0123in\u0101jusi aizbraukt. \u0160aj\u0101 br\u012bd\u012b viens no a\u0123entiem raid\u012bjis tr\u012bs \u0161\u0101vienus caur vi\u0146as automa\u0161\u012bnas v\u0113jstiklu, kas beig\u0101s izr\u0101d\u012bj\u0101s let\u0101li. Viens no \u0161\u0101vieniem Gudu tr\u0101p\u012bjis galv\u0101. Notiku\u0161\u0101 izmekl\u0113\u0161anu veic Feder\u0101lais izmekl\u0113\u0161anas birojs (FIB).<\/p>\n<p>Pla\u0161\u0101ka kritika un citi incidenti<\/p>\n<p>ASV Imigr\u0101cijas un muitas kontroles dienests (ICE) ir bijis daudzu str\u012bdu objekts, un t\u0101 kritika \u012bpa\u0161i pieauga Donalda Trampa prezident\u016bras laik\u0101. ICE bie\u017ei kritiz\u0113ta par agres\u012bv\u0101m darb\u012bb\u0101m un ba\u017e\u0101m par atbild\u012bbas tr\u016bkumu un pilso\u0146u ties\u012bbu p\u0101rk\u0101pumiem. Paral\u0113li notikumiem Mineapol\u0113, cit\u0101 ASV pils\u0113t\u0101 Portlend\u0101, Oregonas \u0161tat\u0101, ICE a\u0123enti sa\u0161\u0101vu\u0161i v\u0113l divus cilv\u0113kus, kas v\u0113l vair\u0101k saasin\u0101jis spriedzi.<\/p>\n<p>Politisk\u0101s reakcijas un turpm\u0101kie notikumi<\/p>\n<p>Demokr\u0101tu politi\u0137i, tostarp Minesotas gubernators Tims Volcs un Mineapoles m\u0113rs D\u017eeikobs Frejs, ir stingri apstr\u012bd\u0113ju\u0161i ICE amatpersonu r\u012bc\u012bbas attaisnojumu, uzsverot, ka vald\u012bbas darb\u012bb\u0101m ir j\u0101kalpo cilv\u0113kiem, nevis j\u0101rada draudi vi\u0146u dz\u012bv\u012bbai. Vi\u0146i kritiz\u0113 biju\u0161\u0101s Trampa administr\u0101cijas \u012bstenoto imigr\u0101cijas politiku k\u0101 b\u012bstamu un sensacion\u0101listisku. ASV iek\u0161zemes dro\u0161\u012bbas ministre Kristi Noema savuk\u0101rt aizst\u0101v imigr\u0101cijas policijas amatpersonu r\u012bc\u012bbu, aps\u016bdzot demokr\u0101tus vardarb\u012bbas veicin\u0101\u0161an\u0101 pils\u0113t\u0101. Lai nodro\u0161in\u0101tu ICE darbinieku dro\u0161\u012bbu Mineapol\u0113, uz pils\u0113tu tika nos\u016bt\u012bti simtiem feder\u0101lo a\u0123entu.<\/p>\n","protected":false},"excerpt":{"rendered":"Protesti Mineapol\u0113 pie\u0146em pla\u0161\u0101kus m\u0113rogus ASV pils\u0113t\u0101 Mineapol\u0113 sestdien t\u016bksto\u0161iem cilv\u0113ku izg\u0101ja demonstr\u0101cij\u0101s, protest\u0113jot pret Imigr\u0101cijas un muitas&hellip;\n","protected":false},"author":2,"featured_media":105562,"comment_status":"","ping_status":"","sticky":false,"template":"","format":"standard","meta":{"footnotes":""},"categories":[14],"tags":[23,57,25263,28,29,32,33,22,24393,30,31,35,39,38,36,37,34,40,25282,20,26,27,25264,25283,24,25,54,55,56,21,58],"class_list":{"0":"post-105561","1":"post","2":"type-post","3":"status-publish","4":"format-standard","5":"has-post-thumbnail","7":"category-zinas-no-arvalstim","8":"tag-aktualitates","9":"tag-arvalstim","10":"tag-asv-imigracijas-politika","11":"tag-breaking-news","12":"tag-breakingnews","13":"tag-featured-news","14":"tag-featurednews","15":"tag-headlines","16":"tag-ice","17":"tag-latest-news","18":"tag-latestnews","19":"tag-latvia","20":"tag-latvian","21":"tag-latviesu","22":"tag-latviesu-valoda","23":"tag-latviesuvaloda","24":"tag-latvija","25":"tag-lv","26":"tag-mineapoles-protests","27":"tag-news","28":"tag-popularakas-zinas","29":"tag-popularakaszinas","30":"tag-sievietes-nosausana","31":"tag-taisniguma-pieprasijums","32":"tag-top-stories","33":"tag-topstories","34":"tag-world","35":"tag-world-news","36":"tag-worldnews","37":"tag-zinas","38":"tag-zinas-no-arvalstim"},"share_on_mastodon":{"url":"","error":"Validation failed: Text character limit of 500 exceeded"},"_links":{"self":[{"href":"https:\/\/www.europesays.com\/lv\/wp-json\/wp\/v2\/posts\/105561","targetHints":{"allow":["GET"]}}],"collection":[{"href":"https:\/\/www.europesays.com\/lv\/wp-json\/wp\/v2\/posts"}],"about":[{"href":"https:\/\/www.europesays.com\/lv\/wp-json\/wp\/v2\/types\/post"}],"author":[{"embeddable":true,"href":"https:\/\/www.europesays.com\/lv\/wp-json\/wp\/v2\/users\/2"}],"replies":[{"embeddable":true,"href":"https:\/\/www.europesays.com\/lv\/wp-json\/wp\/v2\/comments?post=105561"}],"version-history":[{"count":0,"href":"https:\/\/www.europesays.com\/lv\/wp-json\/wp\/v2\/posts\/105561\/revisions"}],"wp:featuredmedia":[{"embeddable":true,"href":"https:\/\/www.europesays.com\/lv\/wp-json\/wp\/v2\/media\/105562"}],"wp:attachment":[{"href":"https:\/\/www.europesays.com\/lv\/wp-json\/wp\/v2\/media?parent=105561"}],"wp:term":[{"taxonomy":"category","embeddable":true,"href":"https:\/\/www.europesays.com\/lv\/wp-json\/wp\/v2\/categories?post=105561"},{"taxonomy":"post_tag","embeddable":true,"href":"https:\/\/www.europesays.com\/lv\/wp-json\/wp\/v2\/tags?post=105561"}],"curies":[{"name":"wp","href":"https:\/\/api.w.org\/{rel}","templated":true}]}}