{"id":105575,"date":"2026-01-15T13:21:07","date_gmt":"2026-01-15T13:21:07","guid":{"rendered":"https:\/\/www.europesays.com\/lv\/105575\/"},"modified":"2026-01-15T13:21:07","modified_gmt":"2026-01-15T13:21:07","slug":"uefa-cempionu-liga-atgriezas-tv6-jau-janvari-skatitajus-sagaida-grandu-dueli","status":"publish","type":"post","link":"https:\/\/www.europesays.com\/lv\/105575\/","title":{"rendered":"UEFA \u010cempionu l\u012bga atgrie\u017eas TV6 \u2013 jau janv\u0101r\u012b skat\u012bt\u0101jus sagaida grandu due\u013ci"},"content":{"rendered":"<p>TV6 \u0161osezon pied\u0101v\u0101s asto\u0146as sp\u0113les \u2013 divas sp\u0113les l\u012bgas f\u0101z\u0113 20. un 28. janv\u0101r\u012b, k\u0101\u00a0 ar\u012b se\u0161as izsl\u0113g\u0161anas sp\u0113les. Visas sp\u0113l\u0113s notiks 22.00 p\u0113c Latvijas laika.<\/p>\n<p>Gan \u0161\u012bs, gan ar\u012b visas p\u0101r\u0113j\u0101s sezonas sp\u0113les b\u016bs iesp\u0113ja redz\u0113t ar\u012b Go3 telev\u012bzij\u0101 un sekot jaunumiem \u201ctv3.lv\u201d.<\/p>\n<p>\u201cNodro\u0161inot iesp\u0113ju futbola faniem Latvij\u0101 sekot l\u012bdzi UEFA \u010cempionu l\u012bgas kaisl\u012bb\u0101m Go3 telev\u012bzij\u0101, redzam, ka p\u0113d\u0113jos gados skat\u012bt\u0101ju interese turpina pieaugt.<\/p>\n<p>Vien\u0101 no p\u0113d\u0113jo gadu aizraujo\u0161\u0101kaj\u0101m sezon\u0101m v\u0113lamies v\u0113l pla\u0161\u0101kam skat\u012bt\u0101ju lokam sniegt iesp\u0113ju baud\u012bt tik augsta l\u012bme\u0146a futbolu.<\/p>\n<p>T\u0101d\u0113\u013c pirmo reizi kop\u0161 2018. gada lielais futbols atgrie\u017eas ar\u012b kan\u0101l\u0101 TV6,\u201d saka TV3 Group sporta un partnerattiec\u012bbu vad\u012bt\u0101js Baltij\u0101 Raimonds Zeps.<\/p>\n<p class=\"tv3-fw-500\">Zi\u0146o par k\u013c\u016bdu rakst\u0101<\/p>\n<p class=\"d-md-block d-none\">Iez\u012bm\u0113 k\u013c\u016bdaino tekstu un spied Ctrl+Enter.<\/p>\n<p class=\"d-md-none d-block\">Iez\u012bm\u0113 k\u013c\u016bdaino tekstu un zi\u0146o par to!<\/p>\n","protected":false},"excerpt":{"rendered":"TV6 \u0161osezon pied\u0101v\u0101s asto\u0146as sp\u0113les \u2013 divas sp\u0113les l\u012bgas f\u0101z\u0113 20. un 28. janv\u0101r\u012b, k\u0101\u00a0 ar\u012b se\u0161as izsl\u0113g\u0161anas&hellip;\n","protected":false},"author":2,"featured_media":105576,"comment_status":"","ping_status":"","sticky":false,"template":"","format":"standard","meta":{"footnotes":""},"categories":[17],"tags":[35,39,38,36,37,34,40,67,25285],"class_list":{"0":"post-105575","1":"post","2":"type-post","3":"status-publish","4":"format-standard","5":"has-post-thumbnail","7":"category-sports","8":"tag-latvia","9":"tag-latvian","10":"tag-latviesu","11":"tag-latviesu-valoda","12":"tag-latviesuvaloda","13":"tag-latvija","14":"tag-lv","15":"tag-sports","16":"tag-uefauefa-cempionu-liga"},"share_on_mastodon":{"url":"https:\/\/pubeurope.com\/@lv\/115899326982274843","error":""},"_links":{"self":[{"href":"https:\/\/www.europesays.com\/lv\/wp-json\/wp\/v2\/posts\/105575","targetHints":{"allow":["GET"]}}],"collection":[{"href":"https:\/\/www.europesays.com\/lv\/wp-json\/wp\/v2\/posts"}],"about":[{"href":"https:\/\/www.europesays.com\/lv\/wp-json\/wp\/v2\/types\/post"}],"author":[{"embeddable":true,"href":"https:\/\/www.europesays.com\/lv\/wp-json\/wp\/v2\/users\/2"}],"replies":[{"embeddable":true,"href":"https:\/\/www.europesays.com\/lv\/wp-json\/wp\/v2\/comments?post=105575"}],"version-history":[{"count":0,"href":"https:\/\/www.europesays.com\/lv\/wp-json\/wp\/v2\/posts\/105575\/revisions"}],"wp:featuredmedia":[{"embeddable":true,"href":"https:\/\/www.europesays.com\/lv\/wp-json\/wp\/v2\/media\/105576"}],"wp:attachment":[{"href":"https:\/\/www.europesays.com\/lv\/wp-json\/wp\/v2\/media?parent=105575"}],"wp:term":[{"taxonomy":"category","embeddable":true,"href":"https:\/\/www.europesays.com\/lv\/wp-json\/wp\/v2\/categories?post=105575"},{"taxonomy":"post_tag","embeddable":true,"href":"https:\/\/www.europesays.com\/lv\/wp-json\/wp\/v2\/tags?post=105575"}],"curies":[{"name":"wp","href":"https:\/\/api.w.org\/{rel}","templated":true}]}}