{"id":105583,"date":"2026-01-15T13:27:10","date_gmt":"2026-01-15T13:27:10","guid":{"rendered":"https:\/\/www.europesays.com\/lv\/105583\/"},"modified":"2026-01-15T13:27:10","modified_gmt":"2026-01-15T13:27:10","slug":"folkreisa-un-autokrosa-ziemas-kausa-1-posms-noskaidro-pirmos-uzvaretajus-lente-lv","status":"publish","type":"post","link":"https:\/\/www.europesays.com\/lv\/105583\/","title":{"rendered":"folkreisa un autokrosa Ziemas kausa 1. posms noskaidro pirmos uzvar\u0113t\u0101jus\u00a0\u2014\u00a0Lente.lv"},"content":{"rendered":"<p>Aizraujo\u0161s starts jaunajai sezonai<\/p>\n<p>Lieliskas sacens\u012bbas un s\u012bvas c\u012b\u0146as par uzvar\u0101m piedz\u012bvoja gan skat\u012bt\u0101ji, gan sportisti Maka\u0161\u0101nu tras\u0113 Ludz\u0101, kur norisin\u0101j\u0101s folkreisa un autokrosa Ziemas kausa 2026. gada sezonas pirmais posms. \u0160\u012bs sacens\u012bbas iez\u012bm\u0113ja jaun\u0101s automobi\u013cu sporta sezonas ofici\u0101lo atkl\u0101\u0161anu Latvij\u0101, pulc\u0113jot kuplu dal\u012bbnieku un skat\u012bt\u0101ju pulku.<\/p>\n<p>Veter\u0101nu un jauno talantu c\u012b\u0146a<\/p>\n<p>Folkreisa ieskait\u0113 domin\u0113ja pieredz\u0113ju\u0161ie veter\u0101ni, demonstr\u0113jot savu meistar\u012bbu un iztur\u012bbu ziemas apst\u0101k\u013cos. Paral\u0113li tam, autokrosa sacens\u012bb\u0101s uz goda pjedest\u0101la k\u0101pa ar\u012b atpaz\u012bstami v\u0101rdi, apliecinot savu sp\u0113ku un pieredzi.<\/p>\n<p>Folkreisa un autokrosa Ziemas kausa norise<\/p>\n<p>Folkreisa un autokrosa Ziemas kausa izc\u012b\u0146a ir k\u013cuvusi par trad\u012bciju, dodot iesp\u0113ju sportistiem start\u0113t jau janv\u0101ra s\u0101kum\u0101. Pirmais posms Ludz\u0101 notika 2026. gada 10. janv\u0101r\u012b, pulc\u0113jot 52 dal\u012bbniekus. N\u0101kamais posms paredz\u0113ts jau 18. janv\u0101r\u012b Valmier\u0101, Brengu\u013cu autotras\u0113. Lai ieg\u016btu ieskaiti kopv\u0113rt\u0113jum\u0101, sportistiem j\u0101piedal\u0101s vismaz trijos posmos.<\/p>\n<p>Maka\u0161\u0101nu trases noz\u012bme<\/p>\n<p>Maka\u0161\u0101nu trase Ludz\u0101 ir sena un cien\u012bta autosporta norises vieta, kas regul\u0101ri uz\u0146em gan folkreisa, gan autokrosa sacens\u012bbas. \u0160\u012b trase ir piem\u0113rota ziemas apst\u0101k\u013ciem, nodro\u0161inot aizraujo\u0161u pieredzi gan dal\u012bbniekiem, gan skat\u012bt\u0101jiem.<\/p>\n<p>Iepriek\u0161\u0113jo sezonu pieredze<\/p>\n<p>Pag\u0101ju\u0161\u0101s, 2025. gada, Ziemas kausa sezona bija neprognoz\u0113jama laika apst\u0101k\u013cu d\u0113\u013c, tom\u0113r organizatoriem izdev\u0101s nodro\u0161in\u0101t ieskaiti, sar\u012bkojot unik\u0101lu dubultposmu Bausk\u0101. Pag\u0101ju\u0161\u0101 gada uzvar\u0113t\u0101ju vid\u016b bija t\u0101di sportisti k\u0101 Igors Makarovs un Edgars Tralla. \u0160ogad ir paredz\u0113ti l\u012bdz pat pieciem Ziemas kausa posmiem, nodro\u0161inot pla\u0161as iesp\u0113jas sportistiem demonstr\u0113t savu sniegumu.<\/p>\n","protected":false},"excerpt":{"rendered":"Aizraujo\u0161s starts jaunajai sezonai Lieliskas sacens\u012bbas un s\u012bvas c\u012b\u0146as par uzvar\u0101m piedz\u012bvoja gan skat\u012bt\u0101ji, gan sportisti Maka\u0161\u0101nu tras\u0113&hellip;\n","protected":false},"author":2,"featured_media":105584,"comment_status":"","ping_status":"","sticky":false,"template":"","format":"standard","meta":{"footnotes":""},"categories":[17],"tags":[22767,2051,35,39,38,36,37,34,17409,40,25291,67,22768],"class_list":{"0":"post-105583","1":"post","2":"type-post","3":"status-publish","4":"format-standard","5":"has-post-thumbnail","7":"category-sports","8":"tag-autokross","9":"tag-folkreiss","10":"tag-latvia","11":"tag-latvian","12":"tag-latviesu","13":"tag-latviesu-valoda","14":"tag-latviesuvaloda","15":"tag-latvija","16":"tag-ludza","17":"tag-lv","18":"tag-makasanu-trase","19":"tag-sports","20":"tag-ziemas-kauss"},"share_on_mastodon":{"url":"https:\/\/pubeurope.com\/@lv\/115899350602901911","error":""},"_links":{"self":[{"href":"https:\/\/www.europesays.com\/lv\/wp-json\/wp\/v2\/posts\/105583","targetHints":{"allow":["GET"]}}],"collection":[{"href":"https:\/\/www.europesays.com\/lv\/wp-json\/wp\/v2\/posts"}],"about":[{"href":"https:\/\/www.europesays.com\/lv\/wp-json\/wp\/v2\/types\/post"}],"author":[{"embeddable":true,"href":"https:\/\/www.europesays.com\/lv\/wp-json\/wp\/v2\/users\/2"}],"replies":[{"embeddable":true,"href":"https:\/\/www.europesays.com\/lv\/wp-json\/wp\/v2\/comments?post=105583"}],"version-history":[{"count":0,"href":"https:\/\/www.europesays.com\/lv\/wp-json\/wp\/v2\/posts\/105583\/revisions"}],"wp:featuredmedia":[{"embeddable":true,"href":"https:\/\/www.europesays.com\/lv\/wp-json\/wp\/v2\/media\/105584"}],"wp:attachment":[{"href":"https:\/\/www.europesays.com\/lv\/wp-json\/wp\/v2\/media?parent=105583"}],"wp:term":[{"taxonomy":"category","embeddable":true,"href":"https:\/\/www.europesays.com\/lv\/wp-json\/wp\/v2\/categories?post=105583"},{"taxonomy":"post_tag","embeddable":true,"href":"https:\/\/www.europesays.com\/lv\/wp-json\/wp\/v2\/tags?post=105583"}],"curies":[{"name":"wp","href":"https:\/\/api.w.org\/{rel}","templated":true}]}}