{"id":105589,"date":"2026-01-15T13:30:07","date_gmt":"2026-01-15T13:30:07","guid":{"rendered":"https:\/\/www.europesays.com\/lv\/105589\/"},"modified":"2026-01-15T13:30:07","modified_gmt":"2026-01-15T13:30:07","slug":"janvara-barikazu-atceres-pasakumi-jekabpils-novada-briva-daugava","status":"publish","type":"post","link":"https:\/\/www.europesays.com\/lv\/105589\/","title":{"rendered":"Janv\u0101ra barik\u0101\u017eu atceres pas\u0101kumi J\u0113kabpils novad\u0101 \/ Br\u012bv\u0101 Daugava"},"content":{"rendered":"<p>1991. gada janv\u0101ris Latvijas v\u0113stur\u0113 saist\u0101s ar barik\u0101\u017eu laiku \u2013 sabiedr\u012bbai noz\u012bm\u012bgu un likten\u012bgu periodu valsts att\u012bst\u012bb\u0101. Aicin\u0101m ikvienu apmekl\u0113t barik\u0101\u017eu atceres pas\u0101kumus J\u0113kabpils novad\u0101, lai kop\u012bgi godin\u0101tu t\u0101 laika notikumus un cilv\u0113kus, kuru ap\u0146\u0113m\u012bba veidoja m\u016bsu valsts n\u0101kotni.<\/p>\n<ul>&#13;<\/p>\n<li>16. janv\u0101r\u012b plkst. 13.00 pie S\u016bnu pamatskolas norisin\u0101sies barik\u0101\u017eu 35. gadadienas atceres pas\u0101kums.<\/li>\n<p>&#13;<\/p>\n<li>18. janv\u0101r\u012b plkst. 16.00 J\u0113kabpils tautas nama pagalm\u0101 sagaid\u0101ms 1991. gada barik\u0101\u017eu 35. gadadienas atceres ugunskurs \u00abLaiks, kas main\u012bja Latvijas v\u0113sturi\u00bb.<\/li>\n<p>&#13;<\/p>\n<li>19. janv\u0101r\u012b no plkst. 17.00 l\u012bdz 19.00 pie Bir\u017eu tautas nama atceres pas\u0101kums barik\u0101\u017eu laika notikumiem.<\/li>\n<p>&#13;<\/p>\n<li>No 19. l\u012bdz 25. janv\u0101rim S\u0113lpils tautas nam\u0101 fotoizst\u0101de \u00abUgunskuru sasauk\u0161an\u0101s S\u0113lpils pagast\u0101\u00bb;<\/li>\n<p>&#13;\n<\/ul>\n<p>20. janv\u0101r\u012b\u00a0<\/p>\n<ul>&#13;<\/p>\n<li>plkst. 13.00 Dign\u0101jas parka estr\u0101d\u0113 sadzied\u0101\u0161an\u0101s pie barik\u0101\u017eu ugunskura;<\/li>\n<p>&#13;<\/p>\n<li>plkst. 13.00 Vies\u012bt\u0113, atp\u016btas viet\u0101 pie Maz\u0101 ezeri\u0146a, atceres pas\u0101kums \u00abBarik\u0101d\u0113m 35\u00bb pie iekurta ugunskura;<\/li>\n<p>&#13;<\/p>\n<li>plkst. 16.00 pie Elk\u0161\u0146u br\u012bvdabas estr\u0101des atceres pas\u0101kums \u00abBarik\u0101d\u0113m 35\u00bb;<\/li>\n<p>&#13;<\/p>\n<li>plkst. 17.00 pie Rites tautas nama atceres ugunskurs \u00abBarik\u0101d\u0113m 35\u00bb;<\/li>\n<p>&#13;<\/p>\n<li>visas dienas garum\u0101 pie Akn\u012bstes p\u0101rvaldes iedegsies atmi\u0146u ugunskurs barik\u0101\u017eu laika aizst\u0101vjiem;<\/li>\n<p>&#13;<\/p>\n<li>visas dienas garum\u0101 pie G\u0101rsenes tautas nama barik\u0101\u017eu laika notikumu piemi\u0146as ugunskurs.<\/li>\n<p>&#13;<\/p>\n<li>L\u012bdz 23. janv\u0101rim Salas tautas nama 2. st\u0101va mazaj\u0101 z\u0101l\u0113 skat\u0101ma Zemessardzes 56. kaujas nodro\u0161in\u0101juma bataljona fotoizst\u0101de \u00abM\u016bsu zeme \u2013m\u016bsu st\u0101sts\u00bb, savuk\u0101rt 23. janv\u0101r\u012b plkst. 17.00 pie Salas tautas nama un nama 2. st\u0101va mazaj\u0101 z\u0101l\u0113 barik\u0101\u017eu pas\u0101kums \u00abBa\u00adrik\u0101des 35. Atmi\u0146u ugunskurs\u00bb.<\/li>\n<p>&#13;\n<\/ul>\n<p style=\"text-align: right;\">J\u0113kabpils novada Kult\u016bras p\u0101rvalde<\/p>\n","protected":false},"excerpt":{"rendered":"1991. gada janv\u0101ris Latvijas v\u0113stur\u0113 saist\u0101s ar barik\u0101\u017eu laiku \u2013 sabiedr\u012bbai noz\u012bm\u012bgu un likten\u012bgu periodu valsts att\u012bst\u012bb\u0101. Aicin\u0101m&hellip;\n","protected":false},"author":2,"featured_media":105590,"comment_status":"","ping_status":"","sticky":false,"template":"","format":"standard","meta":{"footnotes":""},"categories":[12],"tags":[23,25110,28,29,32,33,22,48,25111,30,31,35,39,38,36,37,34,40,20,26,27,24,25,21],"class_list":{"0":"post-105589","1":"post","2":"type-post","3":"status-publish","4":"format-standard","5":"has-post-thumbnail","7":"category-latvija","8":"tag-aktualitates","9":"tag-avize","10":"tag-breaking-news","11":"tag-breakingnews","12":"tag-featured-news","13":"tag-featurednews","14":"tag-headlines","15":"tag-jekabpils","16":"tag-krustpils","17":"tag-latest-news","18":"tag-latestnews","19":"tag-latvia","20":"tag-latvian","21":"tag-latviesu","22":"tag-latviesu-valoda","23":"tag-latviesuvaloda","24":"tag-latvija","25":"tag-lv","26":"tag-news","27":"tag-popularakas-zinas","28":"tag-popularakaszinas","29":"tag-top-stories","30":"tag-topstories","31":"tag-zinas"},"share_on_mastodon":{"url":"https:\/\/pubeurope.com\/@lv\/115899362362303807","error":""},"_links":{"self":[{"href":"https:\/\/www.europesays.com\/lv\/wp-json\/wp\/v2\/posts\/105589","targetHints":{"allow":["GET"]}}],"collection":[{"href":"https:\/\/www.europesays.com\/lv\/wp-json\/wp\/v2\/posts"}],"about":[{"href":"https:\/\/www.europesays.com\/lv\/wp-json\/wp\/v2\/types\/post"}],"author":[{"embeddable":true,"href":"https:\/\/www.europesays.com\/lv\/wp-json\/wp\/v2\/users\/2"}],"replies":[{"embeddable":true,"href":"https:\/\/www.europesays.com\/lv\/wp-json\/wp\/v2\/comments?post=105589"}],"version-history":[{"count":0,"href":"https:\/\/www.europesays.com\/lv\/wp-json\/wp\/v2\/posts\/105589\/revisions"}],"wp:featuredmedia":[{"embeddable":true,"href":"https:\/\/www.europesays.com\/lv\/wp-json\/wp\/v2\/media\/105590"}],"wp:attachment":[{"href":"https:\/\/www.europesays.com\/lv\/wp-json\/wp\/v2\/media?parent=105589"}],"wp:term":[{"taxonomy":"category","embeddable":true,"href":"https:\/\/www.europesays.com\/lv\/wp-json\/wp\/v2\/categories?post=105589"},{"taxonomy":"post_tag","embeddable":true,"href":"https:\/\/www.europesays.com\/lv\/wp-json\/wp\/v2\/tags?post=105589"}],"curies":[{"name":"wp","href":"https:\/\/api.w.org\/{rel}","templated":true}]}}