{"id":105591,"date":"2026-01-15T13:33:09","date_gmt":"2026-01-15T13:33:09","guid":{"rendered":"https:\/\/www.europesays.com\/lv\/105591\/"},"modified":"2026-01-15T13:33:09","modified_gmt":"2026-01-15T13:33:09","slug":"pedeja-gaita-tiek-pavadita-uljana-semjonova","status":"publish","type":"post","link":"https:\/\/www.europesays.com\/lv\/105591\/","title":{"rendered":"P\u0113d\u0113j\u0101 gait\u0101 tiek pavad\u012bta U\u013cjana Semjonova"},"content":{"rendered":"<p class=\"lead\">\n                                \u0160odien R\u012bg\u0101 notika atvad\u012b\u0161an\u0101s no pag\u0101ju\u0161aj\u0101 ned\u0113\u013c\u0101 m\u016b\u017e\u012bb\u0101 aizg\u0101ju\u0161\u0101s izcil\u0101s Latvijas basketbolistes U\u013cjanas Semjonovas.\n                            <\/p>\n<p>Publisk\u0101 atvad\u012b\u0161an\u0101s no Semjonovas notika R\u012bgas Latvie\u0161u biedr\u012bbas nama Lielaj\u0101 z\u0101l\u0113. Cilv\u0113ku atnestie ziedi tika nog\u0101d\u0101ti kaps\u0113t\u0101.<\/p>\n<p>Semjonova apbed\u012bta R\u012bgas 1. Me\u017ea kapos.<\/p>\n<p><img decoding=\"async\" class=\"img-fluid mb-3\" loading=\"lazy\" src=\"https:\/\/www.europesays.com\/lv\/wp-content\/uploads\/2026\/01\/202601151447396968e1eb040c0.jpg\" alt=\"Atvad\u0101s no basketbolistes U\u013cjanas Semjonovas.\"\/><\/p>\n<p> Atvad\u0101s no basketbolistes U\u013cjanas Semjonovas <\/p>\n<p> R\u012bgas Latvie\u0161u biedr\u012bbas nama Lielaj\u0101 z\u0101l\u0113 notiek atvad\u012b\u0161an\u0101s no m\u016b\u017e\u012bb\u0101 aizg\u0101ju\u0161\u0101s basketbolistes U\u013cjanas Semjonovas. <\/p>\n<p> Atvad\u0101s no basketbolistes U\u013cjanas Semjonovas. <\/p>\n<p>Basketboliste m\u016b\u017e\u012bb\u0101 dev\u0101s 8. janv\u0101r\u012b 73 gadu vecum\u0101.<\/p>\n<p>U\u013cjana Semjonova laika posm\u0101 no 1968. l\u012bdz 1987. gadam bija R\u012bgas TTT komandas un Latvijas izlases l\u012bdere. Vi\u0146as kont\u0101 ir vienpadsmit Eiropas \u010dempionu kausa un Lili\u0101nas Ronketi Eiropas kausa tituli, k\u0101 ar\u012b \u010detras uzvaras Tautu spartaki\u0101d\u0113.<\/p>\n<p>P\u0101rst\u0101vot Padomju Savien\u012bbas izlasi, Semjonova k\u013cuva par divk\u0101rt\u0113ju olimpisko \u010dempioni, tr\u012bsk\u0101rt\u0113ju pasaules \u010dempioni un desmitk\u0101rt\u0113ju Eiropas \u010dempioni. 1993. gad\u0101 vi\u0146a k\u0101 pirm\u0101 Eiropas basketboliste tika uz\u0146emta Pasaules basketbola Slavas z\u0101l\u0113 Springf\u012bld\u0101, 1999. gad\u0101 \u2014 Sievie\u0161u basketbola Slavas z\u0101l\u0113, bet 2007. gad\u0101 \u2014 FIBA Slavas z\u0101l\u0113.<\/p>\n<p>&#8220;Reti kur\u0161 gara auguma sp\u0113l\u0113t\u0101js meta tik prec\u012bzi k\u0101 U\u013ca, gan ar labo, gan kreiso roku, vi\u0146as \u0101\u0137a metienus nevar\u0113ja nosegt, prec\u012bzi meta ar\u012b sodus,&#8221; vi\u0146u atcer\u0101s bijus\u012b komandas biedrene Tam\u0101ra Hendele &#8220;Vi\u0146ai konkurences tolaik nebija. Ja U\u013cas laik\u0101 Latvija b\u016btu br\u012bva valsts, m\u0113s b\u016btu lab\u0101k\u0101s pasaul\u0113.&#8221;\u00a0<\/p>\n<p class=\"paragraph-muted\">Izv\u0113lies savu soct\u012bklu platformu, lai sekotu LASI.LV: <a href=\"https:\/\/www.facebook.com\/portals.lasi.lv\" target=\"_blank\" rel=\"noopener noreferrer nofollow\">Facebook<\/a>, <a href=\"https:\/\/twitter.com\/lasilvportals\" target=\"_blank\" rel=\"noopener noreferrer nofollow\">X<\/a>, <a href=\"https:\/\/bsky.app\/profile\/lasilv.bsky.social\" target=\"_blank\" rel=\"noopener noreferrer nofollow\">Bluesky<\/a>, <a href=\"https:\/\/www.draugiem.lv\/lasilv\/?pg=4\" target=\"_blank\" rel=\"noopener noreferrer nofollow\">Draugiem<\/a>, <a href=\"https:\/\/www.threads.com\/@lasilv_zinas\" rel=\"nofollow noopener\" target=\"_blank\">Threads<\/a> vai ar\u012b <a href=\"https:\/\/www.instagram.com\/lasilv_zinas\/\" target=\"_blank\" rel=\"noopener noreferrer nofollow\">Instagram<\/a>. Pievienojies m\u016bsu las\u012bt\u0101ju pulkam, lai sa\u0146emtu \u012bpa\u0161i tev atlas\u012btu noder\u012bgu, praktisku un aktu\u0101lu saturu.\u00a0<\/p>\n<p style=\"margin-left:auto;\">Pieraksties LASI.LV redaktora v\u0113stkopai <a href=\"https:\/\/lasi.lv\/vestkopa\/lasi-lv-galvena-redaktora-vestkopa\" rel=\"nofollow noopener\" target=\"_blank\">\u0161eit<\/a>.<\/p>\n<p>Pieraksties v\u0113stkopai un divas reizes ned\u0113\u013c\u0101 sa\u0146em padzi\u013cin\u0101tu LASI.LV galven\u0101 redaktora aktu\u0101lo zi\u0146u, kompetentu viedok\u013cu un interesant\u0101ko interviju apkopojumu.<\/p>\n<p>Ko tu sa\u0146emsi:<\/p>\n<ul>\n<li>Daudzveid\u012bgus koment\u0101rus un kompetentus Latvijas Mediju \u017eurn\u0101listu un autoru viedok\u013cus par aktu\u0101lo<\/li>\n<li>Ekspertu koment\u0101rus par da\u017e\u0101diem praktiskiem, noder\u012bgiem tematiem<\/li>\n<li>Aizraujo\u0161us materi\u0101lus par v\u0113sturi, psiholo\u0123iju, kult\u016bru<\/li>\n<li>Gata \u0160\u013c\u016bkas karikat\u016bru<\/li>\n<li>Tav\u0101 e-pasta kast\u012bt\u0113 katru ceturtdienu<\/li>\n<\/ul>\n<p style=\"margin-left:auto;\">\u00a0<\/p>\n<p><script async src=\"https:\/\/platform.twitter.com\/widgets.js\" charset=\"utf-8\"><\/script><script async src=\"\/\/www.instagram.com\/embed.js\"><\/script><\/p>\n","protected":false},"excerpt":{"rendered":"\u0160odien R\u012bg\u0101 notika atvad\u012b\u0161an\u0101s no pag\u0101ju\u0161aj\u0101 ned\u0113\u013c\u0101 m\u016b\u017e\u012bb\u0101 aizg\u0101ju\u0161\u0101s izcil\u0101s Latvijas basketbolistes U\u013cjanas Semjonovas. Publisk\u0101 atvad\u012b\u0161an\u0101s no Semjonovas&hellip;\n","protected":false},"author":2,"featured_media":105592,"comment_status":"","ping_status":"","sticky":false,"template":"","format":"standard","meta":{"footnotes":""},"categories":[17],"tags":[35,39,38,36,37,34,40,67],"class_list":{"0":"post-105591","1":"post","2":"type-post","3":"status-publish","4":"format-standard","5":"has-post-thumbnail","7":"category-sports","8":"tag-latvia","9":"tag-latvian","10":"tag-latviesu","11":"tag-latviesu-valoda","12":"tag-latviesuvaloda","13":"tag-latvija","14":"tag-lv","15":"tag-sports"},"share_on_mastodon":{"url":"https:\/\/pubeurope.com\/@lv\/115899374146336181","error":""},"_links":{"self":[{"href":"https:\/\/www.europesays.com\/lv\/wp-json\/wp\/v2\/posts\/105591","targetHints":{"allow":["GET"]}}],"collection":[{"href":"https:\/\/www.europesays.com\/lv\/wp-json\/wp\/v2\/posts"}],"about":[{"href":"https:\/\/www.europesays.com\/lv\/wp-json\/wp\/v2\/types\/post"}],"author":[{"embeddable":true,"href":"https:\/\/www.europesays.com\/lv\/wp-json\/wp\/v2\/users\/2"}],"replies":[{"embeddable":true,"href":"https:\/\/www.europesays.com\/lv\/wp-json\/wp\/v2\/comments?post=105591"}],"version-history":[{"count":0,"href":"https:\/\/www.europesays.com\/lv\/wp-json\/wp\/v2\/posts\/105591\/revisions"}],"wp:featuredmedia":[{"embeddable":true,"href":"https:\/\/www.europesays.com\/lv\/wp-json\/wp\/v2\/media\/105592"}],"wp:attachment":[{"href":"https:\/\/www.europesays.com\/lv\/wp-json\/wp\/v2\/media?parent=105591"}],"wp:term":[{"taxonomy":"category","embeddable":true,"href":"https:\/\/www.europesays.com\/lv\/wp-json\/wp\/v2\/categories?post=105591"},{"taxonomy":"post_tag","embeddable":true,"href":"https:\/\/www.europesays.com\/lv\/wp-json\/wp\/v2\/tags?post=105591"}],"curies":[{"name":"wp","href":"https:\/\/api.w.org\/{rel}","templated":true}]}}