{"id":105596,"date":"2026-01-15T13:37:07","date_gmt":"2026-01-15T13:37:07","guid":{"rendered":"https:\/\/www.europesays.com\/lv\/105596\/"},"modified":"2026-01-15T13:37:07","modified_gmt":"2026-01-15T13:37:07","slug":"pasaules-kausa-posms-biatlona-stafete-viriesiem-raksts","status":"publish","type":"post","link":"https:\/\/www.europesays.com\/lv\/105596\/","title":{"rendered":"Pasaules kausa posms biatlon\u0101. Stafete v\u012brie\u0161iem \/ Raksts"},"content":{"rendered":"<p>Pasaules kausa posmu biatlon\u0101 ceturtdien R\u016bpolding\u0101, V\u0101cij\u0101, turpina v\u012brie\u0161i 4&#215;7,5 kilometru stafet\u0113, kur start\u0113 ar\u012b Latvijas kvartets. Sac\u012bkstes tie\u0161raid\u0113 var redz\u0113t LTV7 un LSM.lv.<\/p>\n<p>Latvijas \u010detriniek\u0101 posmu veik\u0161anas sec\u012bb\u0101 start\u0113\u00a0Andrejs Rastorgujevs, Ren\u0101rs Birkent\u0101ls, Aleksandrs Patrijuks un Edgars Mise. Startam ir pieteiktas 22 komandas.<\/p>\n<p>Sieviet\u0113m\u00a0stafete\u00a0risin\u0101j\u0101s tre\u0161dien, Latvijas komandai <a href=\"https:\/\/www.lsm.lv\/raksts\/sports\/biatlons\/14.01.2026-pasaules-kausa-biatlona-stafete-damam-latvijas-komanda-tiek-apdzita-par-apli-pirma-uzvara-norvegietem.a629948\/\" class=\"lsm-link\" data-type=\"article\" data-id=\"629948\" rel=\"nofollow noopener\" target=\"_blank\">paliekot 19.\u00a0viet\u0101 <\/a>aiz vis\u0101m s\u0101ncens\u0113m.<\/p>\n<p>Sezonas piekt\u0101 posma turpin\u0101jum\u0101 piektdien sprint\u0101 start\u0113s sievietes, bet sestdien &#8211; v\u012brie\u0161i. Posma nosl\u0113gum\u0101 sv\u0113tdien kungi un d\u0101mas sacent\u012bsies iedz\u012b\u0161anas distanc\u0113.<\/p>\n<p>                    Valodas k\u013c\u016bda rakst\u0101?<\/p>\n<p class=\"d-none d-md-block\">Iez\u012bm\u0113jiet tekstu un spiediet Ctrl+Enter, lai nos\u016bt\u012btu labojamo teksta fragmentu redaktoram! Par faktu k\u013c\u016bd\u0101m l\u016bdzam zi\u0146ot e-past\u0101 <a href=\"https:\/\/www.lsm.lv\/cdn-cgi\/l\/email-protection\" class=\"__cf_email__\" data-cfemail=\"592b3c3d38323a30333819352a3477352f\" rel=\"nofollow noopener\" target=\"_blank\">[email\u00a0protected]<\/a>.<\/p>\n<p class=\"d-md-none\">Iez\u012bm\u0113jiet tekstu un spiediet uz Zi\u0146ot par k\u013c\u016bdu pogas, lai nos\u016bt\u012btu labojamo teksta fragmentu redaktoram!<\/p>\n<p>\n                    Zi\u0146ot par k\u013c\u016bdu\n                <\/p>\n","protected":false},"excerpt":{"rendered":"Pasaules kausa posmu biatlon\u0101 ceturtdien R\u016bpolding\u0101, V\u0101cij\u0101, turpina v\u012brie\u0161i 4&#215;7,5 kilometru stafet\u0113, kur start\u0113 ar\u012b Latvijas kvartets. Sac\u012bkstes&hellip;\n","protected":false},"author":2,"featured_media":105597,"comment_status":"","ping_status":"","sticky":false,"template":"","format":"standard","meta":{"footnotes":""},"categories":[5],"tags":[23,28,29,32,33,22,30,31,35,39,38,36,37,34,40,20,26,27,24,25,21],"class_list":{"0":"post-105596","1":"post","2":"type-post","3":"status-publish","4":"format-standard","5":"has-post-thumbnail","7":"category-aktualitates","8":"tag-aktualitates","9":"tag-breaking-news","10":"tag-breakingnews","11":"tag-featured-news","12":"tag-featurednews","13":"tag-headlines","14":"tag-latest-news","15":"tag-latestnews","16":"tag-latvia","17":"tag-latvian","18":"tag-latviesu","19":"tag-latviesu-valoda","20":"tag-latviesuvaloda","21":"tag-latvija","22":"tag-lv","23":"tag-news","24":"tag-popularakas-zinas","25":"tag-popularakaszinas","26":"tag-top-stories","27":"tag-topstories","28":"tag-zinas"},"share_on_mastodon":{"url":"https:\/\/pubeurope.com\/@lv\/115899389872971121","error":""},"_links":{"self":[{"href":"https:\/\/www.europesays.com\/lv\/wp-json\/wp\/v2\/posts\/105596","targetHints":{"allow":["GET"]}}],"collection":[{"href":"https:\/\/www.europesays.com\/lv\/wp-json\/wp\/v2\/posts"}],"about":[{"href":"https:\/\/www.europesays.com\/lv\/wp-json\/wp\/v2\/types\/post"}],"author":[{"embeddable":true,"href":"https:\/\/www.europesays.com\/lv\/wp-json\/wp\/v2\/users\/2"}],"replies":[{"embeddable":true,"href":"https:\/\/www.europesays.com\/lv\/wp-json\/wp\/v2\/comments?post=105596"}],"version-history":[{"count":0,"href":"https:\/\/www.europesays.com\/lv\/wp-json\/wp\/v2\/posts\/105596\/revisions"}],"wp:featuredmedia":[{"embeddable":true,"href":"https:\/\/www.europesays.com\/lv\/wp-json\/wp\/v2\/media\/105597"}],"wp:attachment":[{"href":"https:\/\/www.europesays.com\/lv\/wp-json\/wp\/v2\/media?parent=105596"}],"wp:term":[{"taxonomy":"category","embeddable":true,"href":"https:\/\/www.europesays.com\/lv\/wp-json\/wp\/v2\/categories?post=105596"},{"taxonomy":"post_tag","embeddable":true,"href":"https:\/\/www.europesays.com\/lv\/wp-json\/wp\/v2\/tags?post=105596"}],"curies":[{"name":"wp","href":"https:\/\/api.w.org\/{rel}","templated":true}]}}