{"id":105600,"date":"2026-01-15T13:41:07","date_gmt":"2026-01-15T13:41:07","guid":{"rendered":"https:\/\/www.europesays.com\/lv\/105600\/"},"modified":"2026-01-15T13:41:07","modified_gmt":"2026-01-15T13:41:07","slug":"asv-ambicijas-uz-grenlandi-paliek-nemainigas","status":"publish","type":"post","link":"https:\/\/www.europesays.com\/lv\/105600\/","title":{"rendered":"ASV amb\u012bcijas uz Grenlandi paliek nemain\u012bgas"},"content":{"rendered":"<p class=\"descr\">D\u0101nijas premjerministre Mete Frederiksena ceturtdien pazi\u0146oja, ka tiks izveidota darba grupa, lai apspriestu iesp\u0113jas uzlabot dro\u0161\u012bbu Arktik\u0101, bet uzsv\u0113ra, ka tas nemaina faktu, ka ASV amb\u012bcijas ieg\u016bt Grenlandi paliek nemain\u012bgas.<\/p>\n<p>&#8220;Tas, protams, ir nopietns jaut\u0101jums, un t\u0101p\u0113c m\u0113s turpin\u0101m centienus, lai nepie\u013cautu, ka \u0161\u0101ds scen\u0101rijs k\u013c\u016bst par realit\u0101ti,&#8221; <a href=\"https:\/\/nra.lv\/birka\/mete-frederiksena\/\" target=\"_blank\" rel=\"noopener nofollow\">vi\u0146a<\/a> piebilda.<\/p>\n<p>Lai atbalst\u012btu D\u0101niju, \u0161odien <a href=\"https:\/\/nra.lv\/birka\/grenlande\/\" target=\"_blank\" rel=\"noopener nofollow\">Grenland\u0113<\/a> ierad\u0101s Eiropas milit\u0101r\u0101 misija, kuru veido karav\u012bri no Francijas, Zviedrijas, V\u0101cijas un Norv\u0113\u0123ijas.<\/p>\n<p>V\u0101cijas Aizsardz\u012bbas ministrija to nod\u0113v\u0113ja par izl\u016bko\u0161anas misiju, nor\u0101dot, ka m\u0113r\u0137is b\u016bs izp\u0113t\u012bt pamatnosac\u012bjumus iesp\u0113jamam milit\u0101rajam atbalstam D\u0101nijai dro\u0161\u012bbas garant\u0113\u0161an\u0101 re\u0123ion\u0101, \u0146emot v\u0113r\u0101 Krievijas un \u0136\u012bnas <a href=\"https:\/\/nra.lv\/birka\/draudi\/\" target=\"_blank\" rel=\"noopener nofollow\">draudus<\/a> Arktik\u0101.<\/p>\n<p>&#8220;No \u0161odienas un turpm\u0101kaj\u0101s dien\u0101s gaid\u0101ma liel\u0101ka <a href=\"https:\/\/nra.lv\/birka\/nato\/\" target=\"_blank\" rel=\"noopener nofollow\">NATO<\/a> karav\u012bru kl\u0101tb\u016btne Grenland\u0113. Paredzams, ka b\u016bs vair\u0101k milit\u0101ro lidojumu un ku\u0123u,&#8221; tre\u0161dien preses konferenc\u0113 pazi\u0146oja Grenlandes vicepremjers Mute Egede, piebilstot, ka Eiropas karav\u012bri Grenland\u0113 piedal\u012bsies manevros.<\/p>\n<p>ASV prezidents <a href=\"https:\/\/nra.lv\/birka\/donalds-tramps\/\" target=\"_blank\" rel=\"noopener nofollow\">Donalds Tramps<\/a> pazi\u0146ojis, ka ASV nepiecie\u0161ams ieg\u016bt Grenlandi dro\u0161\u012bbas apsv\u0113rumu d\u0113\u013c, jo gad\u012bjum\u0101, ja \u0161\u012b sala nenon\u0101ks Va\u0161ingtonas kontrol\u0113, to p\u0101r\u0146ems \u0136\u012bna vai Krievija.<\/p>\n<p>D\u0101nija noraida Trampa teritori\u0101l\u0101s <a href=\"https:\/\/nra.lv\/birka\/ambicijas\/\" target=\"_blank\" rel=\"noopener nofollow\">amb\u012bcijas<\/a> un pazi\u0146ojusi, ka stiprin\u0101s milit\u0101ro kl\u0101tb\u016btni t\u0101s autonomaj\u0101 teritorij\u0101 Grenland\u0113.<\/p>\n<p><a href=\"https:\/\/nra.lv\/birka\/krievija\/\" target=\"_blank\" rel=\"noopener nofollow\">Krievijas<\/a> v\u0113stniec\u012bba Be\u013c\u0123ij\u0101, kur atrodas NATO galven\u0101 m\u012btne, tre\u0161dien pazi\u0146oja, ka NATO sp\u0113ku iera\u0161an\u0101s Grenland\u0113 rada ba\u017eas. NATO &#8220;palielina savu milit\u0101ro kl\u0101tb\u016btni \u0161aj\u0101 valst\u012b, aizbildinoties ar pieaugo\u0161iem draudiem no Maskavas un Pekinas puses&#8221;, apgalvoja Krievijas v\u0113stniec\u012bba.<\/p>\n<p>D\u0101nijas \u0101rlietu ministrs Larss Leke Rasmusens tre\u0161dien Va\u0161ington\u0101 preses konferenc\u0113 p\u0113c tik\u0161an\u0101s ar <a href=\"https:\/\/nra.lv\/birka\/asv\/\" target=\"_blank\" rel=\"noopener nofollow\">ASV<\/a> viceprezidentu D\u017eeimsu Deividu Vensu un valsts sekret\u0101ru Marko Rubio raksturoja \u0161\u012bs sarunas k\u0101 atkl\u0101tas un konstrukt\u012bvas, bet atzina, ka ASV un D\u0101nijai ir pavisam at\u0161\u0137ir\u012bgs skat\u012bjums uz Grenlandi.<\/p>\n<p>Reiz\u0113 ar Rasmusenu sarun\u0101s piedal\u012bj\u0101s Grenlandes \u0101rlietu ministre Viviana Mocfelta.<\/p>\n<p>&#8220;Mums neizdev\u0101s main\u012bt amerik\u0101\u0146u poz\u012bciju. Ir skaidrs, ka prezidentam [Donaldam Trampam] ir v\u0113lme iekarot Grenlandi,&#8221; \u017eurn\u0101listiem sac\u012bja Rasmusens. &#8220;Un m\u0113s \u013coti, \u013coti skaidri pateic\u0101m, ka tas nav karalistes interes\u0113s,&#8221; vi\u0146\u0161 uzsv\u0113ra.<\/p>\n<p>Rasmusens ar\u012b uzsv\u0113ra, ka Grenlandes piekrast\u0113 nav \u0136\u012bnas karaku\u0123u. &#8220;Grenland\u0113 nav ar\u012b lielu <a href=\"https:\/\/nra.lv\/pasaule\/429753-latvijas-specdienesti-turpmak-rupigi-jaizverte-kinas-investicijas.htm\" data-item-link=\"true\" data-item-id=\"429753\" rel=\"nofollow noopener\" target=\"_blank\">\u0136\u012bnas invest\u012bciju<\/a>,&#8221; vi\u0146\u0161 piebilda.<\/p>\n<p>Tramps p\u0113c \u0161\u012bs tik\u0161an\u0101s, kur\u0101 vi\u0146\u0161 nepiedal\u012bj\u0101s, pirmo reizi izteic\u0101s samiernieciski par Grenlandes jaut\u0101jumu, atz\u012bstot D\u0101nijas intereses, ta\u010du vi\u0146\u0161 atkal nor\u0101d\u012bja, ka neizsl\u0113dz nek\u0101das iesp\u0113jas.<\/p>\n<p>&#8220;Man ir \u013coti labas attiec\u012bbas ar D\u0101niju, un m\u0113s redz\u0113sim, k\u0101 tas viss atrisin\u0101sies. Es dom\u0101ju, ka kaut kas izdosies,&#8221; pazi\u0146oja Tramps.<\/p>\n<p>Vi\u0146\u0161 v\u0113lreiz apgalvoja, ka D\u0101nija b\u016btu bezsp\u0113c\u012bga, ja Krievija vai \u0136\u012bna izdom\u0101tu okup\u0113t Grenlandi.<\/p>\n<p>\t\t\t\t\t\tinfo<\/p>\n<p>Uzzini pirmais<br \/>kas interesants noticis Latvij\u0101 un pasaul\u0113,<br \/>pievienojoties mums <a href=\"https:\/\/t.me\/neatkariga\" rel=\"nofollow\">Telegram<\/a> vai <a href=\"https:\/\/whatsapp.com\/channel\/0029VaMLFUH5K3zLU5s4wm3y\" rel=\"nofollow noopener\" target=\"_blank\">Whatsapp<\/a> kan\u0101l\u0101<\/p>\n","protected":false},"excerpt":{"rendered":"D\u0101nijas premjerministre Mete Frederiksena ceturtdien pazi\u0146oja, ka tiks izveidota darba grupa, lai apspriestu iesp\u0113jas uzlabot dro\u0161\u012bbu Arktik\u0101, bet&hellip;\n","protected":false},"author":2,"featured_media":105601,"comment_status":"","ping_status":"","sticky":false,"template":"","format":"standard","meta":{"footnotes":""},"categories":[14],"tags":[23,57,28,29,32,33,22,30,31,35,39,38,36,37,34,40,20,26,27,24,25,54,55,56,21,58],"class_list":{"0":"post-105600","1":"post","2":"type-post","3":"status-publish","4":"format-standard","5":"has-post-thumbnail","7":"category-zinas-no-arvalstim","8":"tag-aktualitates","9":"tag-arvalstim","10":"tag-breaking-news","11":"tag-breakingnews","12":"tag-featured-news","13":"tag-featurednews","14":"tag-headlines","15":"tag-latest-news","16":"tag-latestnews","17":"tag-latvia","18":"tag-latvian","19":"tag-latviesu","20":"tag-latviesu-valoda","21":"tag-latviesuvaloda","22":"tag-latvija","23":"tag-lv","24":"tag-news","25":"tag-popularakas-zinas","26":"tag-popularakaszinas","27":"tag-top-stories","28":"tag-topstories","29":"tag-world","30":"tag-world-news","31":"tag-worldnews","32":"tag-zinas","33":"tag-zinas-no-arvalstim"},"share_on_mastodon":{"url":"https:\/\/pubeurope.com\/@lv\/115899405803926592","error":""},"_links":{"self":[{"href":"https:\/\/www.europesays.com\/lv\/wp-json\/wp\/v2\/posts\/105600","targetHints":{"allow":["GET"]}}],"collection":[{"href":"https:\/\/www.europesays.com\/lv\/wp-json\/wp\/v2\/posts"}],"about":[{"href":"https:\/\/www.europesays.com\/lv\/wp-json\/wp\/v2\/types\/post"}],"author":[{"embeddable":true,"href":"https:\/\/www.europesays.com\/lv\/wp-json\/wp\/v2\/users\/2"}],"replies":[{"embeddable":true,"href":"https:\/\/www.europesays.com\/lv\/wp-json\/wp\/v2\/comments?post=105600"}],"version-history":[{"count":0,"href":"https:\/\/www.europesays.com\/lv\/wp-json\/wp\/v2\/posts\/105600\/revisions"}],"wp:featuredmedia":[{"embeddable":true,"href":"https:\/\/www.europesays.com\/lv\/wp-json\/wp\/v2\/media\/105601"}],"wp:attachment":[{"href":"https:\/\/www.europesays.com\/lv\/wp-json\/wp\/v2\/media?parent=105600"}],"wp:term":[{"taxonomy":"category","embeddable":true,"href":"https:\/\/www.europesays.com\/lv\/wp-json\/wp\/v2\/categories?post=105600"},{"taxonomy":"post_tag","embeddable":true,"href":"https:\/\/www.europesays.com\/lv\/wp-json\/wp\/v2\/tags?post=105600"}],"curies":[{"name":"wp","href":"https:\/\/api.w.org\/{rel}","templated":true}]}}