{"id":105602,"date":"2026-01-15T13:42:10","date_gmt":"2026-01-15T13:42:10","guid":{"rendered":"https:\/\/www.europesays.com\/lv\/105602\/"},"modified":"2026-01-15T13:42:10","modified_gmt":"2026-01-15T13:42:10","slug":"latvija-un-zviedrija-parakstis-cela-karti-aizsardzibas-sadarbibas-stiprinasanai","status":"publish","type":"post","link":"https:\/\/www.europesays.com\/lv\/105602\/","title":{"rendered":"Latvija un Zviedrija parakst\u012bs ce\u013ca karti aizsardz\u012bbas sadarb\u012bbas stiprin\u0101\u0161anai"},"content":{"rendered":"<p class=\"text-align-justify\">Piektdien, 16. janv\u0101r\u012b, viz\u012bt\u0113 Latvij\u0101 ierad\u012bsies Zviedrijas aizsardz\u012bbas ministrs P\u0101ls Jonsons (P\u00e5l Jonson), lai tiktos ar aizsardz\u012bbas ministru Andri Spr\u016bdu. \u00a0Aizsardz\u012bbas ministrij\u0101 notiks abu ministru divpus\u0113j\u0101 tik\u0161an\u0101s, k\u0101 ar\u012b tiks parakst\u012bta ce\u013ca karte aizsardz\u012bbas sadarb\u012bbas stiprin\u0101\u0161anai starp Latviju un Zviedriju.<\/p>\n<p class=\"text-align-justify\">\u201cDro\u0161\u012bbas situ\u0101cija m\u016bsu re\u0123ion\u0101 prasa cie\u0161u, koordin\u0113tu un praktisku sabiedroto sadarb\u012bbu. Latviju un Zviedriju vieno kop\u012bga izpratne par dro\u0161\u012bbas apdraud\u0113jumiem un atbild\u012bba stiprin\u0101t attur\u0113\u0161anas sp\u0113jas Baltijas j\u016bras re\u0123ion\u0101. Parakst\u0101m\u0101 ce\u013ca karte sniegs skaidru ietvaru \u0161\u012bs sadarb\u012bbas praktiskai \u012bsteno\u0161anai,\u201d nor\u0101da A. Spr\u016bds.<\/p>\n<p class=\"text-align-justify\">Balstoties uz nodomu v\u0113stuli, ko Latvija un Zviedrija parakst\u012bja p\u0113rn\u0101 gada febru\u0101r\u012b, ce\u013ca karte paredz padzi\u013cin\u0101t sadarb\u012bbu gais\u0101, j\u016br\u0101 un uz sauszemes. Abas valstis vienoju\u0161\u0101s sadarboties vair\u0101k\u0101s priorit\u0101r\u0101s jom\u0101s, kuras regul\u0101ri tiks p\u0101rskat\u012btas Aizsardz\u012bbas ministriju l\u012bme\u0146a san\u0101ksm\u0113s, apsprie\u017eot dro\u0161\u012bbas un aizsardz\u012bbas politikas jaut\u0101jumus.<\/p>\n<p class=\"text-align-justify\">Vienlaikus ar ce\u013ca kartes parakst\u012b\u0161anu abu valstu Bru\u0146otajiem sp\u0113kiem tiks uzdots izstr\u0101d\u0101t kop\u012bgu aktivit\u0101\u0161u pl\u0101nu, lai nodro\u0161in\u0101tu milit\u0101r\u0101s sadarb\u012bbas praktisku ievie\u0161anu.<\/p>\n<p class=\"text-align-justify\">Ce\u013ca karte apliecina Latvijas un Zviedrijas kop\u012bg\u0101s intereses re\u0123ion\u0101l\u0101s aizsardz\u012bbas un dro\u0161\u012bbas stiprin\u0101\u0161an\u0101, balstoties uz kop\u012bg\u0101m v\u0113rt\u012bb\u0101m un nelok\u0101mu ap\u0146em\u0161anos iev\u0113rot starptautiskaj\u0101s ties\u012bb\u0101s balst\u012btu k\u0101rt\u012bbu. Latviju un Zviedriju vieno cie\u0161a sadarb\u012bba NATO ietvaros un kop\u012bga atbild\u012bba par dro\u0161\u012bbu Baltijas j\u016bras re\u0123ion\u0101.<\/p>\n<p class=\"text-align-justify\">Pla\u0161sazi\u0146as l\u012bdzek\u013cu p\u0101rst\u0101vju iev\u0113r\u012bbai!<\/p>\n<p class=\"text-align-justify\">Aicin\u0101m pla\u0161sazi\u0146as l\u012bdzek\u013cu p\u0101rst\u0101vjus 16. janv\u0101r\u012b plkst. 11.25 atspogu\u013cot Latvijas un Zviedrijas ce\u013ca kartes parakst\u012b\u0161anu, k\u0101 ar\u012b uzdot ministriem interes\u0113jo\u0161os jaut\u0101jumus.<\/p>\n<p class=\"text-align-justify\">Lai atspogu\u013cotu pas\u0101kuma norisi, dal\u012bba pla\u0161sazi\u0146as l\u012bdzek\u013cu p\u0101rst\u0101vjiem ir j\u0101piesaka l\u012bdz 15. janv\u0101ra plkst. 17.00, rakstot uz e-pastu <a href=\"https:\/\/www.mod.gov.lv\/lv\/zinas\/mailto:prese@mod.gov.lv\" rel=\"nofollow noopener\" target=\"_blank\">prese@mod.gov.lv<\/a>. Pieteikum\u0101 j\u0101nor\u0101da p\u0101rst\u0101v\u0113tais medijs, v\u0101rds, uzv\u0101rds un personas kods. Mediju p\u0101rst\u0101vjiem l\u012bdzi j\u0101b\u016bt personu apliecino\u0161am dokumentam (pasei vai ID kartei). \u00a0Inform\u0113jam, ka personas dati tiks uzglab\u0101ti l\u012bdz pas\u0101kuma nosl\u0113gumam 16. janv\u0101r\u012b.\u00a0<\/p>\n<p class=\"text-align-justify\">Inform\u0101ciju sagatavoja:\u00a0<br \/>AM Milit\u0101ri publisko attiec\u012bbu departamenta<br \/>Preses noda\u013ca<br \/>T\u0101lrunis: 67335129<br \/>E-pasts: <a href=\"https:\/\/www.mod.gov.lv\/lv\/zinas\/mailto:prese@mod.gov.lv\" rel=\"nofollow noopener\" target=\"_blank\">prese@mod.gov.lv<\/a><\/p>\n","protected":false},"excerpt":{"rendered":"Piektdien, 16. janv\u0101r\u012b, viz\u012bt\u0113 Latvij\u0101 ierad\u012bsies Zviedrijas aizsardz\u012bbas ministrs P\u0101ls Jonsons (P\u00e5l Jonson), lai tiktos ar aizsardz\u012bbas ministru&hellip;\n","protected":false},"author":2,"featured_media":103102,"comment_status":"","ping_status":"","sticky":false,"template":"","format":"standard","meta":{"footnotes":""},"categories":[12],"tags":[23,28,29,32,33,22,30,31,35,39,38,36,37,34,40,20,26,27,24,25,21],"class_list":{"0":"post-105602","1":"post","2":"type-post","3":"status-publish","4":"format-standard","5":"has-post-thumbnail","7":"category-latvija","8":"tag-aktualitates","9":"tag-breaking-news","10":"tag-breakingnews","11":"tag-featured-news","12":"tag-featurednews","13":"tag-headlines","14":"tag-latest-news","15":"tag-latestnews","16":"tag-latvia","17":"tag-latvian","18":"tag-latviesu","19":"tag-latviesu-valoda","20":"tag-latviesuvaloda","21":"tag-latvija","22":"tag-lv","23":"tag-news","24":"tag-popularakas-zinas","25":"tag-popularakaszinas","26":"tag-top-stories","27":"tag-topstories","28":"tag-zinas"},"share_on_mastodon":{"url":"https:\/\/pubeurope.com\/@lv\/115899409675722302","error":""},"_links":{"self":[{"href":"https:\/\/www.europesays.com\/lv\/wp-json\/wp\/v2\/posts\/105602","targetHints":{"allow":["GET"]}}],"collection":[{"href":"https:\/\/www.europesays.com\/lv\/wp-json\/wp\/v2\/posts"}],"about":[{"href":"https:\/\/www.europesays.com\/lv\/wp-json\/wp\/v2\/types\/post"}],"author":[{"embeddable":true,"href":"https:\/\/www.europesays.com\/lv\/wp-json\/wp\/v2\/users\/2"}],"replies":[{"embeddable":true,"href":"https:\/\/www.europesays.com\/lv\/wp-json\/wp\/v2\/comments?post=105602"}],"version-history":[{"count":0,"href":"https:\/\/www.europesays.com\/lv\/wp-json\/wp\/v2\/posts\/105602\/revisions"}],"wp:featuredmedia":[{"embeddable":true,"href":"https:\/\/www.europesays.com\/lv\/wp-json\/wp\/v2\/media\/103102"}],"wp:attachment":[{"href":"https:\/\/www.europesays.com\/lv\/wp-json\/wp\/v2\/media?parent=105602"}],"wp:term":[{"taxonomy":"category","embeddable":true,"href":"https:\/\/www.europesays.com\/lv\/wp-json\/wp\/v2\/categories?post=105602"},{"taxonomy":"post_tag","embeddable":true,"href":"https:\/\/www.europesays.com\/lv\/wp-json\/wp\/v2\/tags?post=105602"}],"curies":[{"name":"wp","href":"https:\/\/api.w.org\/{rel}","templated":true}]}}