{"id":105603,"date":"2026-01-15T13:43:09","date_gmt":"2026-01-15T13:43:09","guid":{"rendered":"https:\/\/www.europesays.com\/lv\/105603\/"},"modified":"2026-01-15T13:43:09","modified_gmt":"2026-01-15T13:43:09","slug":"vike-freiberga-bridina-par-krapniekiem-interneta","status":"publish","type":"post","link":"https:\/\/www.europesays.com\/lv\/105603\/","title":{"rendered":"V\u012b\u0137e-Freiberga br\u012bdina par kr\u0101pniekiem internet\u0101"},"content":{"rendered":"<p class=\"descr\">Bijus\u012b Valsts prezidente Vaira V\u012b\u0137e-Freiberga br\u012bdina, ka k\u0101ds, izmantojot vi\u0146as miru\u0161\u0101 v\u012bra Imanta Freiberga v\u0101rdu, m\u0113\u0123ina iedz\u012bvoties uz citu nelaimes.<\/p>\n<p>\t\t\t\t\t\t\t\t\t\t\t\t\t\t\t\t    &#8220;P\u0113d\u0113j\u0101s dien\u0101s soci\u0101lajos t\u012bklos par\u0101d\u012bju\u0161ies viltus ieraksti un rekl\u0101mas, kas izmanto <a href=\"https:\/\/nra.lv\/birka\/imants-freibergs\/\" target=\"_blank\" rel=\"noopener nofollow\">Imanta Freiberga<\/a> v\u0101rdu un fotogr\u0101fijas, lai maldin\u0101tu cilv\u0113kus un izkr\u0101ptu l\u012bdzek\u013cus.   <\/p>\n<p>\u0160ie ieraksti ir nepatiesi, m\u016bsu \u0123imenei ar tiem nav nek\u0101das saist\u012bbas, un l\u016bdzam tos neizplat\u012bt un neveikt nek\u0101dus maks\u0101jumus.<\/p>\n<p>    L\u016bdzam par \u0161iem kr\u0101pnieciskajiem ierakstiem zi\u0146ot Facebook un blo\u0137\u0113t profilus, kas tos izplata. Paldies par sapratni un atbalstu \u0161aj\u0101 laik\u0101,&#8221; raksta <a href=\"https:\/\/nra.lv\/birka\/vaira-vike-freiberga\/\" target=\"_blank\" rel=\"noopener nofollow\">V. V\u012b\u0137e-Freiberga. <\/a>     <\/p>\n<p>Jau zi\u0146ots, ka <a href=\"https:\/\/nra.lv\/latvija\/510432-vaira-vike-freiberga-pazino-par-vira-imanta-freiberga-navi.htm\" data-item-link=\"true\" data-item-id=\"510432\" rel=\"nofollow noopener\" target=\"_blank\">1. janv\u0101r\u012b miris biju\u0161\u0101s Valsts prezidentes Vairas V\u012b\u0137es-Freibergas v\u012brs Imants Freibergs.<\/a><\/p>\n","protected":false},"excerpt":{"rendered":"Bijus\u012b Valsts prezidente Vaira V\u012b\u0137e-Freiberga br\u012bdina, ka k\u0101ds, izmantojot vi\u0146as miru\u0161\u0101 v\u012bra Imanta Freiberga v\u0101rdu, m\u0113\u0123ina iedz\u012bvoties uz&hellip;\n","protected":false},"author":2,"featured_media":105604,"comment_status":"","ping_status":"","sticky":false,"template":"","format":"standard","meta":{"footnotes":""},"categories":[5],"tags":[23,28,29,32,33,22,30,31,35,39,38,36,37,34,40,20,26,27,24,25,21],"class_list":{"0":"post-105603","1":"post","2":"type-post","3":"status-publish","4":"format-standard","5":"has-post-thumbnail","7":"category-aktualitates","8":"tag-aktualitates","9":"tag-breaking-news","10":"tag-breakingnews","11":"tag-featured-news","12":"tag-featurednews","13":"tag-headlines","14":"tag-latest-news","15":"tag-latestnews","16":"tag-latvia","17":"tag-latvian","18":"tag-latviesu","19":"tag-latviesu-valoda","20":"tag-latviesuvaloda","21":"tag-latvija","22":"tag-lv","23":"tag-news","24":"tag-popularakas-zinas","25":"tag-popularakaszinas","26":"tag-top-stories","27":"tag-topstories","28":"tag-zinas"},"share_on_mastodon":{"url":"https:\/\/pubeurope.com\/@lv\/115899413533805270","error":""},"_links":{"self":[{"href":"https:\/\/www.europesays.com\/lv\/wp-json\/wp\/v2\/posts\/105603","targetHints":{"allow":["GET"]}}],"collection":[{"href":"https:\/\/www.europesays.com\/lv\/wp-json\/wp\/v2\/posts"}],"about":[{"href":"https:\/\/www.europesays.com\/lv\/wp-json\/wp\/v2\/types\/post"}],"author":[{"embeddable":true,"href":"https:\/\/www.europesays.com\/lv\/wp-json\/wp\/v2\/users\/2"}],"replies":[{"embeddable":true,"href":"https:\/\/www.europesays.com\/lv\/wp-json\/wp\/v2\/comments?post=105603"}],"version-history":[{"count":0,"href":"https:\/\/www.europesays.com\/lv\/wp-json\/wp\/v2\/posts\/105603\/revisions"}],"wp:featuredmedia":[{"embeddable":true,"href":"https:\/\/www.europesays.com\/lv\/wp-json\/wp\/v2\/media\/105604"}],"wp:attachment":[{"href":"https:\/\/www.europesays.com\/lv\/wp-json\/wp\/v2\/media?parent=105603"}],"wp:term":[{"taxonomy":"category","embeddable":true,"href":"https:\/\/www.europesays.com\/lv\/wp-json\/wp\/v2\/categories?post=105603"},{"taxonomy":"post_tag","embeddable":true,"href":"https:\/\/www.europesays.com\/lv\/wp-json\/wp\/v2\/tags?post=105603"}],"curies":[{"name":"wp","href":"https:\/\/api.w.org\/{rel}","templated":true}]}}