{"id":105609,"date":"2026-01-15T13:51:10","date_gmt":"2026-01-15T13:51:10","guid":{"rendered":"https:\/\/www.europesays.com\/lv\/105609\/"},"modified":"2026-01-15T13:51:10","modified_gmt":"2026-01-15T13:51:10","slug":"cina-pret-zili-bija-lidziga-bet-ne-stridiga-esmu-dross-par-savu-uzvaru-cinas-sports-sportacentrs-com","status":"publish","type":"post","link":"https:\/\/www.europesays.com\/lv\/105609\/","title":{"rendered":"&#8220;C\u012b\u0146a pret Z\u012bli bija l\u012bdz\u012bga, bet ne str\u012bd\u012bga. Esmu dro\u0161s par savu uzvaru&#8221; \u2013 C\u012b\u0146as sports \u2013 Sportacentrs.com"},"content":{"rendered":"<p>\u201cIr pag\u0101ju\u0161as jau vair\u0101kas dienas kop\u0161 liel\u0101k\u0101 c\u012b\u0146u \u0161ova Latvij\u0101, ta\u010du diskusijas ap manu c\u012b\u0146u joproj\u0101m nerimst. Es \u0161o situ\u0101ciju nekoment\u0113ju, at\u0161\u0137ir\u012bb\u0101 no otras puses, kura jau ir pateikusi un uzrakst\u012bjusi p\u0101r\u0101k daudz,\u201d v\u0113st\u012bts Zaura D\u017eavadova pazi\u0146ojum\u0101 par ned\u0113\u013cas nogal\u0113 aizvad\u012bto c\u012b\u0146u \u0161ovu \u201cBazara 0 Fight Club 3\u201d.<\/p>\n<p>C\u012b\u0146u \u0161ov\u0101 tika noorganiz\u0113ta \u0161obr\u012bd lab\u0101k\u0101 iesp\u0113jam\u0101 Latvijas kikboksa c\u012b\u0146a, tiekoties Zauram D\u017eavadovam un Kristapam Z\u012blem. D\u017eavadovs uzvar\u0113ja p\u0113c tiesne\u0161u l\u0113muma, turkl\u0101t c\u012b\u0146\u0101 tika aizvad\u012bts papildus raunds, kas \u0161\u0101da l\u012bme\u0146a c\u012b\u0146\u0101s ir neierasta par\u0101d\u012bba. Z\u012ble <a href=\"https:\/\/sportacentrs.com\/cinas_sports\/citi\/11012026-zile_par_nozagto_cinu_nav_jau_pirma_reize\" rel=\"nofollow noopener\" target=\"_blank\">p\u0113c c\u012b\u0146as<\/a> pauda neapmierin\u0101t\u012bbu ar tiesne\u0161u l\u0113mumu un nor\u0101d\u012bja uz c\u012b\u0146as organiz\u0113t\u0101ju labaj\u0101m attiec\u012bb\u0101m ar D\u017eavadovu, sakot, ka \u0161aj\u0101 c\u012b\u0146\u0101 bija peln\u012bjis uzvaru.<\/p>\n<p>Zaurs \u0161im apgalvojumam nepiekr\u012bt: \u201cV\u0113los skaidri paust savu nost\u0101ju: es un mana komanda esam absol\u016bti p\u0101rliecin\u0101ti par savu uzvaru.\u201d<\/p>\n<p>\u201cC\u012b\u0146a bija l\u012bdz\u012bga, bet ne str\u012bd\u012bga. C\u012b\u0146\u0101 es izdar\u012bju pietiekami, lai man paceltu roku k\u0101 uzvar\u0113t\u0101jam. Es biju agresors, g\u0101ju uz priek\u0161u un izdar\u012bju spiedienu, blo\u0137\u0113ju un pie\u0146\u0113mu pretinieka sitienus aizsardz\u012bb\u0101, tr\u0101p\u012bju prec\u012bzus un akcent\u0113tus sitienus, neklin\u010doju un nebremz\u0113ju c\u012b\u0146u. Tas nebija mans lab\u0101kais sniegums, ta\u010du es izdar\u012bju pietiekami, lai peln\u012bti k\u013c\u016btu par \u0161\u012bs c\u012b\u0146as uzvar\u0113t\u0101ju,\u201d nor\u0101d\u012bja D\u017eavadovs.<\/p>\n<p>\u201cEs noskat\u012bjos c\u012b\u0146as ierakstu vair\u0101kas reizes un neredz\u0113ju, ar k\u0101diem argumentiem es var\u0113tu b\u016bt zaud\u0113jis \u0161o c\u012b\u0146u. Esmu pietiekami pa\u0161kritisks, un, ja es patie\u0161\u0101m b\u016btu uzvar\u0113jis nepeln\u012bti un mans pretinieks taj\u0101 vakar\u0101 b\u016btu bijis lab\u0101ks, es to ar godu atz\u012btu,\u201d izteic\u0101s D\u017eavadovs, aicinot c\u012b\u0146u \u0161ova organiz\u0113t\u0101jus \u0161\u012bs c\u012b\u0146as video ierakstu public\u0113t soci\u0101lajos t\u012bklos piln\u0101 garum\u0101, lai cilv\u0113ki var\u0113tu pa\u0161i nov\u0113rt\u0113t, kas tur \u012bsti notika.<\/p>\n<p>T\u0101pat D\u017eavadovs izteica aicin\u0101jumu aizvad\u012bt revan\u0161a c\u012b\u0146u pret Z\u012bli: \u201cLai nevienam nepaliktu jaut\u0101jumu vai pretenziju, es ar lielu prieku v\u0113l\u0113tos aizvad\u012bt v\u0113l vienu c\u012b\u0146u, ta\u010du \u0161oreiz tai noteikti j\u0101b\u016bt piecu raundu garum\u0101.\u201d<\/p>\n<p>\u201cK\u0101 teica mans treneris Igors Tka\u010denko: \u201cNevajadz\u0113ja novest c\u012b\u0146u l\u012bdz tiesne\u0161u l\u0113mumam!\u201d Un es jums apliecinu \u2014 otraj\u0101 c\u012b\u0146\u0101 tie\u0161i t\u0101ds ar\u012b b\u016bs m\u0113r\u0137is. Neatkar\u012bgi no emocij\u0101m un str\u012bdiem \u2014 mana cie\u0146a Kristapam un pateic\u012bba par c\u012b\u0146u!\u201d savu pazi\u0146ojuma nosl\u0113dza D\u017eavadovs, azerbaid\u017e\u0101nis, kur\u0161 pirms da\u017eiem gadiem ofici\u0101li k\u013cuva par Latvijas pilsoni un jau vair\u0101kus gadus p\u0101rst\u0101v Latvijas karogu.<\/p>\n","protected":false},"excerpt":{"rendered":"\u201cIr pag\u0101ju\u0161as jau vair\u0101kas dienas kop\u0161 liel\u0101k\u0101 c\u012b\u0146u \u0161ova Latvij\u0101, ta\u010du diskusijas ap manu c\u012b\u0146u joproj\u0101m nerimst. Es&hellip;\n","protected":false},"author":2,"featured_media":105610,"comment_status":"","ping_status":"","sticky":false,"template":"","format":"standard","meta":{"footnotes":""},"categories":[17],"tags":[2235,35,39,38,36,37,34,40,67],"class_list":{"0":"post-105609","1":"post","2":"type-post","3":"status-publish","4":"format-standard","5":"has-post-thumbnail","7":"category-sports","8":"tag-cinas-sports","9":"tag-latvia","10":"tag-latvian","11":"tag-latviesu","12":"tag-latviesu-valoda","13":"tag-latviesuvaloda","14":"tag-latvija","15":"tag-lv","16":"tag-sports"},"share_on_mastodon":{"url":"https:\/\/pubeurope.com\/@lv\/115899444949731907","error":""},"_links":{"self":[{"href":"https:\/\/www.europesays.com\/lv\/wp-json\/wp\/v2\/posts\/105609","targetHints":{"allow":["GET"]}}],"collection":[{"href":"https:\/\/www.europesays.com\/lv\/wp-json\/wp\/v2\/posts"}],"about":[{"href":"https:\/\/www.europesays.com\/lv\/wp-json\/wp\/v2\/types\/post"}],"author":[{"embeddable":true,"href":"https:\/\/www.europesays.com\/lv\/wp-json\/wp\/v2\/users\/2"}],"replies":[{"embeddable":true,"href":"https:\/\/www.europesays.com\/lv\/wp-json\/wp\/v2\/comments?post=105609"}],"version-history":[{"count":0,"href":"https:\/\/www.europesays.com\/lv\/wp-json\/wp\/v2\/posts\/105609\/revisions"}],"wp:featuredmedia":[{"embeddable":true,"href":"https:\/\/www.europesays.com\/lv\/wp-json\/wp\/v2\/media\/105610"}],"wp:attachment":[{"href":"https:\/\/www.europesays.com\/lv\/wp-json\/wp\/v2\/media?parent=105609"}],"wp:term":[{"taxonomy":"category","embeddable":true,"href":"https:\/\/www.europesays.com\/lv\/wp-json\/wp\/v2\/categories?post=105609"},{"taxonomy":"post_tag","embeddable":true,"href":"https:\/\/www.europesays.com\/lv\/wp-json\/wp\/v2\/tags?post=105609"}],"curies":[{"name":"wp","href":"https:\/\/api.w.org\/{rel}","templated":true}]}}