{"id":105611,"date":"2026-01-15T13:53:14","date_gmt":"2026-01-15T13:53:14","guid":{"rendered":"https:\/\/www.europesays.com\/lv\/105611\/"},"modified":"2026-01-15T13:53:14","modified_gmt":"2026-01-15T13:53:14","slug":"tramps-apgalvo-ka-irana-esot-partraukta-protestetaju-nogalinasana","status":"publish","type":"post","link":"https:\/\/www.europesays.com\/lv\/105611\/","title":{"rendered":"Tramps apgalvo, ka Ir\u0101n\u0101 esot p\u0101rtraukta protest\u0113t\u0101ju nogalin\u0101\u0161ana"},"content":{"rendered":"<p><a href=\"https:\/\/www.tvnet.lv\/term\/555410\/asv\" class=\"topicLink\" target=\"_blank\" rel=\"nofollow noopener\">ASV<\/a> prezidents p\u0113d\u0113j\u0101s dien\u0101s sol\u012bjis ir\u0101\u0146u protest\u0113t\u0101jiem, ka &#8220;pal\u012bdz\u012bba ir ce\u013c\u0101&#8221; un ka vi\u0146a administr\u0101cija &#8220;attiec\u012bgi r\u012bkosies&#8221;, lai rea\u0123\u0113tu uz Ir\u0101nas vald\u012bbas r\u012bc\u012bbu. Ta\u010du Tramps nav paskaidrojis, k\u0101 ASV var\u0113tu rea\u0123\u0113t, un nav skaidrs, vai vi\u0146a p\u0113d\u0113jie izteikumi liecina par to, ka ASV tom\u0113r neiejauksies.<\/p>\n<p>&#8220;Un nav nek\u0101du pl\u0101nu n\u0101vessodu izpildei,&#8221; vi\u0146\u0161 piebilda, nor\u0101dot, ka to uzzin\u0101jis no ticamiem avotiem.<\/p>\n<p>Prezidents otrdien apspried\u0101s ar savu nacion\u0101l\u0101s dro\u0161\u012bbas komandu par turpm\u0101kajiem so\u013ciem attiec\u012bb\u0101 uz Ir\u0101nu. ASV viceprezidents D\u017eeimss Deivids Venss un valsts sekret\u0101rs Marko Rubio un augst\u0101k\u0101s Balt\u0101 nama Nacion\u0101l\u0101s dro\u0161\u012bbas padomes amatpersonas pag\u0101ju\u0161aj\u0101 piektdien\u0101 s\u0101ka izv\u0113rt\u0113t, k\u0101das ir ASV iesp\u0113jas, s\u0101kot ar diplom\u0101tisku pieeju un beidzot ar milit\u0101riem triecieniem.<\/p>\n","protected":false},"excerpt":{"rendered":"ASV prezidents p\u0113d\u0113j\u0101s dien\u0101s sol\u012bjis ir\u0101\u0146u protest\u0113t\u0101jiem, ka &#8220;pal\u012bdz\u012bba ir ce\u013c\u0101&#8221; un ka vi\u0146a administr\u0101cija &#8220;attiec\u012bgi r\u012bkosies&#8221;, lai&hellip;\n","protected":false},"author":2,"featured_media":105612,"comment_status":"","ping_status":"","sticky":false,"template":"","format":"standard","meta":{"footnotes":""},"categories":[14],"tags":[23,57,292,28,29,542,32,33,22,2562,30,31,35,39,38,36,37,34,40,20,26,27,23835,24,25,54,55,56,21,58],"class_list":{"0":"post-105611","1":"post","2":"type-post","3":"status-publish","4":"format-standard","5":"has-post-thumbnail","7":"category-zinas-no-arvalstim","8":"tag-aktualitates","9":"tag-arvalstim","10":"tag-asv","11":"tag-breaking-news","12":"tag-breakingnews","13":"tag-donalds-tramps","14":"tag-featured-news","15":"tag-featurednews","16":"tag-headlines","17":"tag-irana","18":"tag-latest-news","19":"tag-latestnews","20":"tag-latvia","21":"tag-latvian","22":"tag-latviesu","23":"tag-latviesu-valoda","24":"tag-latviesuvaloda","25":"tag-latvija","26":"tag-lv","27":"tag-news","28":"tag-popularakas-zinas","29":"tag-popularakaszinas","30":"tag-saspilejums-asv-un-iranas-attiecibas","31":"tag-top-stories","32":"tag-topstories","33":"tag-world","34":"tag-world-news","35":"tag-worldnews","36":"tag-zinas","37":"tag-zinas-no-arvalstim"},"share_on_mastodon":{"url":"https:\/\/pubeurope.com\/@lv\/115899452884116569","error":""},"_links":{"self":[{"href":"https:\/\/www.europesays.com\/lv\/wp-json\/wp\/v2\/posts\/105611","targetHints":{"allow":["GET"]}}],"collection":[{"href":"https:\/\/www.europesays.com\/lv\/wp-json\/wp\/v2\/posts"}],"about":[{"href":"https:\/\/www.europesays.com\/lv\/wp-json\/wp\/v2\/types\/post"}],"author":[{"embeddable":true,"href":"https:\/\/www.europesays.com\/lv\/wp-json\/wp\/v2\/users\/2"}],"replies":[{"embeddable":true,"href":"https:\/\/www.europesays.com\/lv\/wp-json\/wp\/v2\/comments?post=105611"}],"version-history":[{"count":0,"href":"https:\/\/www.europesays.com\/lv\/wp-json\/wp\/v2\/posts\/105611\/revisions"}],"wp:featuredmedia":[{"embeddable":true,"href":"https:\/\/www.europesays.com\/lv\/wp-json\/wp\/v2\/media\/105612"}],"wp:attachment":[{"href":"https:\/\/www.europesays.com\/lv\/wp-json\/wp\/v2\/media?parent=105611"}],"wp:term":[{"taxonomy":"category","embeddable":true,"href":"https:\/\/www.europesays.com\/lv\/wp-json\/wp\/v2\/categories?post=105611"},{"taxonomy":"post_tag","embeddable":true,"href":"https:\/\/www.europesays.com\/lv\/wp-json\/wp\/v2\/tags?post=105611"}],"curies":[{"name":"wp","href":"https:\/\/api.w.org\/{rel}","templated":true}]}}