{"id":105613,"date":"2026-01-15T13:54:08","date_gmt":"2026-01-15T13:54:08","guid":{"rendered":"https:\/\/www.europesays.com\/lv\/105613\/"},"modified":"2026-01-15T13:54:08","modified_gmt":"2026-01-15T13:54:08","slug":"foto-ziema-rada-brinumus-parpasauligs-skaistums-baudams-vidzemes-jurmala","status":"publish","type":"post","link":"https:\/\/www.europesays.com\/lv\/105613\/","title":{"rendered":"FOTO. Ziema rada br\u012bnumus \u2013 p\u0101rpasaul\u012bgs skaistums baud\u0101ms Vidzemes J\u016brmal\u0101"},"content":{"rendered":"<p>            Vidzemes piekraste ziem\u0101 2026<\/p>\n<p>13:09, 15. janv\u0101ris 2026<\/p>\n<p>\u201c14.janv\u0101ra neparast\u0101s un skaist\u0101s ziemas ledus rotas. Neaprakst\u0101ms skaistums vis\u0101 piekrast\u0113, bet \u012bpa\u0161i skaisti Zvejniekciem\u0101,\u201d t\u0101 par nov\u0113roto m\u016bsu pa\u0161u Latvijas piekrast\u0113, Vidzemes j\u016brmal\u0101 pie Zvejniekciema, raksta skaisto fotogr\u0101fiju saimniece Gita Memm\u0113na.<\/p>\n<p>        Las\u012bt\u0101kie<br \/>\n        <a data-imagesrc=\"{&quot;300&quot;:&quot;https:\\\/\\\/lastatic.ams3.cdn.digitaloceanspaces.com\\\/2024\\\/04\\\/LET_24762978-1-300x199.jpg&quot;,&quot;768&quot;:&quot;https:\\\/\\\/lastatic.ams3.cdn.digitaloceanspaces.com\\\/2024\\\/04\\\/LET_24762978-1-768x510.jpg&quot;,&quot;200&quot;:&quot;https:\\\/\\\/lastatic.ams3.cdn.digitaloceanspaces.com\\\/2024\\\/04\\\/LET_24762978-1-200x133.jpg&quot;,&quot;400&quot;:&quot;https:\\\/\\\/lastatic.ams3.cdn.digitaloceanspaces.com\\\/2024\\\/04\\\/LET_24762978-1-400x266.jpg&quot;,&quot;500&quot;:&quot;https:\\\/\\\/lastatic.ams3.cdn.digitaloceanspaces.com\\\/2024\\\/04\\\/LET_24762978-1-500x332.jpg&quot;,&quot;800&quot;:&quot;https:\\\/\\\/lastatic.ams3.cdn.digitaloceanspaces.com\\\/2024\\\/04\\\/LET_24762978-1-800x531.jpg&quot;,&quot;1000&quot;:&quot;https:\\\/\\\/lastatic.ams3.cdn.digitaloceanspaces.com\\\/2024\\\/04\\\/LET_24762978-1.jpg&quot;}\" data-focuspoint=\"{&quot;x&quot;:&quot;47.38156399614123&quot;,&quot;y&quot;:&quot;33.25313680149975&quot;}\" data-p=\"2494626\" href=\"https:\/\/www.la.lv\/karmiska-vilkme-uz-lindam-pilseta-baumo-ka-hosams-abu-meri-ir-ar-jau-treso-lindu\" class=\"content-item lazy-load\" wp_automatic_readability=\"26.5\" rel=\"nofollow noopener\" target=\"_blank\"><\/p>\n<p>                                <img decoding=\"async\" src=\"\" alt=\"\" style=\"object-position: 47.38156399614123% 33.25313680149975%\" data-imageid=\"\"\/><\/p>\n<p>                                Kokteilis<\/p>\n<p>\n                                                \u201cKarmiska vilkme uz Lind\u0101m\u201d \u2013 pils\u0113t\u0101 baumo, ka Hosams Abu Meri ir ar jau tre\u0161o Lindu\n                            <\/p>\n<p><\/a><a data-imagesrc=\"{&quot;300&quot;:&quot;https:\\\/\\\/lastatic.ams3.cdn.digitaloceanspaces.com\\\/2026\\\/01\\\/FotoJet-5-300x200.jpg&quot;,&quot;1024&quot;:&quot;https:\\\/\\\/lastatic.ams3.cdn.digitaloceanspaces.com\\\/2026\\\/01\\\/FotoJet-5-1024x683.jpg&quot;,&quot;1536&quot;:&quot;https:\\\/\\\/lastatic.ams3.cdn.digitaloceanspaces.com\\\/2026\\\/01\\\/FotoJet-5-1536x1024.jpg&quot;,&quot;500&quot;:&quot;https:\\\/\\\/lastatic.ams3.cdn.digitaloceanspaces.com\\\/2026\\\/01\\\/FotoJet-5-500x333.jpg&quot;,&quot;800&quot;:&quot;https:\\\/\\\/lastatic.ams3.cdn.digitaloceanspaces.com\\\/2026\\\/01\\\/FotoJet-5-800x533.jpg&quot;,&quot;1800&quot;:&quot;https:\\\/\\\/lastatic.ams3.cdn.digitaloceanspaces.com\\\/2026\\\/01\\\/FotoJet-5.jpg&quot;}\" data-focuspoint=\"&quot;&quot;\" data-p=\"2491277\" href=\"https:\/\/www.la.lv\/vecums-nav-spriedums-5-pazimes-kas-liecina-ka-jus-novecojat-loti-veiksmigi\" class=\"content-item lazy-load\" wp_automatic_readability=\"27\" rel=\"nofollow noopener\" target=\"_blank\"><\/p>\n<p>                                <img decoding=\"async\" src=\"\" alt=\"\" style=\"\" data-imageid=\"\"\/><\/p>\n<p>\n                                                Vecums nav spriedums: 5 paz\u012bmes, kas liecina, ka j\u016bs novecojat \u013coti veiksm\u012bgi\n                            <\/p>\n<p><\/a><a data-imagesrc=\"{&quot;300&quot;:&quot;https:\\\/\\\/lastatic.ams3.cdn.digitaloceanspaces.com\\\/2026\\\/01\\\/afp_36n63th-300x200.jpg&quot;,&quot;1024&quot;:&quot;https:\\\/\\\/lastatic.ams3.cdn.digitaloceanspaces.com\\\/2026\\\/01\\\/afp_36n63th-1024x683.jpg&quot;,&quot;1536&quot;:&quot;https:\\\/\\\/lastatic.ams3.cdn.digitaloceanspaces.com\\\/2026\\\/01\\\/afp_36n63th-1536x1024.jpg&quot;,&quot;500&quot;:&quot;https:\\\/\\\/lastatic.ams3.cdn.digitaloceanspaces.com\\\/2026\\\/01\\\/afp_36n63th-500x333.jpg&quot;,&quot;800&quot;:&quot;https:\\\/\\\/lastatic.ams3.cdn.digitaloceanspaces.com\\\/2026\\\/01\\\/afp_36n63th-800x533.jpg&quot;,&quot;2560&quot;:&quot;https:\\\/\\\/lastatic.ams3.cdn.digitaloceanspaces.com\\\/2026\\\/01\\\/afp_36n63th-scaled.jpg&quot;}\" data-focuspoint=\"&quot;&quot;\" data-p=\"2492733\" href=\"https:\/\/www.la.lv\/tas-nav-normali-bet-ta-tas-ir-slaidins-atklaj-pratam-neaptveramas-lietas-kas-notiek-ar-rietumu-sankcijam-pret-krievijas-militaro-rupniecibu\" class=\"content-item lazy-load\" wp_automatic_readability=\"27.5\" rel=\"nofollow noopener\" target=\"_blank\"><\/p>\n<p>                                <img decoding=\"async\" src=\"\" alt=\"\" style=\"\" data-imageid=\"\"\/><\/p>\n<p>                                TV24<\/p>\n<p>                                            \u201cTas nav norm\u0101li, bet t\u0101 tas ir!\u201d Slaidi\u0146\u0161 atkl\u0101j pr\u0101tam neaptveramas lietas, kas notiek ar Rietumu sankcij\u0101m pret Krievijas milit\u0101ro r\u016bpniec\u012bbu\n                            <\/p>\n<p><\/a><br \/>\n        <a class=\"read-more\" href=\"https:\/\/www.la.lv\/top\" rel=\"nofollow noopener\" target=\"_blank\">Las\u012bt citas zi\u0146as<\/a><\/p>\n<p>\u0160is Faceook konts ir rad\u012bts, k\u0101 br\u012bvpr\u0101t\u012bga iniciat\u012bva dal\u012bties ar Latvijas piekrastes dabas skaistumu un caur to veicin\u0101t cie\u0146pilnu attieksmi pret dabu un Zemi.  <\/p>\n<p>K\u0101 savas idejas pamatdomu LA.lv skaidroja fotogr\u0101fe, \u201ccilv\u0113ki \u0161eit n\u0101k atp\u016bsties un iedvesmoties, un man prieks par to, un gandar\u012bjums br\u012bv\u0101 laik\u0101 darboties.\u201d<\/p>\n<p>    CITI \u0160OBR\u012aD LASA<\/p>\n<p>Ned\u0113\u013cas nogale gaid\u0101ma dzestra un saulaina<\/p>\n<p> \u0160\u012bs ned\u0113\u013cas nogal\u0113 Latvij\u0101 gaid\u0101ms p\u0101rsvar\u0101 saulains laiks, gaisa temperat\u016bra saglab\u0101sies zema, prognoz\u0113 sinopti\u0137i.<\/p>\n<p>Ceturtdien un piektdien Latgal\u0113 sp\u012bd\u0113s saule, citviet valst\u012b b\u016bs daudz m\u0101ko\u0146u un viet\u0101m mazliet snigs, bet sestdien un sv\u0113tdien saulains laiks iesp\u0113jams vis\u0101 Latvij\u0101. P\u016bt\u012bs l\u0113ns l\u012bdz m\u0113rens dienvidu, dienvidaustrumu v\u0113j\u0161.<\/p>\n<p>Tuv\u0101kaj\u0101s nakt\u012bs daudzviet Latgal\u0113, k\u0101 ar\u012b viet\u0101m Vidzem\u0113 gaisa temperat\u016bra pazemin\u0101sies l\u012bdz aptuveni -20 gr\u0101diem, p\u0101r\u0113j\u0101 valst\u012b sals b\u016bs maz\u0101ks. Maksim\u0101l\u0101 gaisa temperat\u016bra dienas laik\u0101 galvenok\u0101rt b\u016bs -4..-9 gr\u0101di, par da\u017eiem gr\u0101diem liel\u0101ks aukstums saglab\u0101sies viet\u0101m austrumu novados.<\/p>\n<p>Sagaid\u0101ms, ka n\u0101kamned\u0113\u013c b\u016bs maz nokri\u0161\u0146u un gaisa temperat\u016bra sv\u0101rst\u012bsies starp vieglu un stipru salu. Saska\u0146\u0101 ar Eiropas Vid\u0113ja termi\u0146a laika progno\u017eu centra datiem janv\u0101ra p\u0113d\u0113j\u0101s divas ned\u0113\u013cas Latvij\u0101 gaid\u0101mas 6-9 gr\u0101dus aukst\u0101kas par normu.<\/p>\n<p>T\u0113mas<\/p>\n<p>    SAIST\u012aTIE RAKSTI<\/p>\n","protected":false},"excerpt":{"rendered":"Vidzemes piekraste ziem\u0101 2026 13:09, 15. janv\u0101ris 2026 \u201c14.janv\u0101ra neparast\u0101s un skaist\u0101s ziemas ledus rotas. Neaprakst\u0101ms skaistums vis\u0101&hellip;\n","protected":false},"author":2,"featured_media":105614,"comment_status":"","ping_status":"","sticky":false,"template":"","format":"standard","meta":{"footnotes":""},"categories":[12],"tags":[23,28,29,32,33,22,30,31,35,39,38,36,37,34,40,20,26,27,24,25,21],"class_list":{"0":"post-105613","1":"post","2":"type-post","3":"status-publish","4":"format-standard","5":"has-post-thumbnail","7":"category-latvija","8":"tag-aktualitates","9":"tag-breaking-news","10":"tag-breakingnews","11":"tag-featured-news","12":"tag-featurednews","13":"tag-headlines","14":"tag-latest-news","15":"tag-latestnews","16":"tag-latvia","17":"tag-latvian","18":"tag-latviesu","19":"tag-latviesu-valoda","20":"tag-latviesuvaloda","21":"tag-latvija","22":"tag-lv","23":"tag-news","24":"tag-popularakas-zinas","25":"tag-popularakaszinas","26":"tag-top-stories","27":"tag-topstories","28":"tag-zinas"},"share_on_mastodon":{"url":"https:\/\/pubeurope.com\/@lv\/115899456748646046","error":""},"_links":{"self":[{"href":"https:\/\/www.europesays.com\/lv\/wp-json\/wp\/v2\/posts\/105613","targetHints":{"allow":["GET"]}}],"collection":[{"href":"https:\/\/www.europesays.com\/lv\/wp-json\/wp\/v2\/posts"}],"about":[{"href":"https:\/\/www.europesays.com\/lv\/wp-json\/wp\/v2\/types\/post"}],"author":[{"embeddable":true,"href":"https:\/\/www.europesays.com\/lv\/wp-json\/wp\/v2\/users\/2"}],"replies":[{"embeddable":true,"href":"https:\/\/www.europesays.com\/lv\/wp-json\/wp\/v2\/comments?post=105613"}],"version-history":[{"count":0,"href":"https:\/\/www.europesays.com\/lv\/wp-json\/wp\/v2\/posts\/105613\/revisions"}],"wp:featuredmedia":[{"embeddable":true,"href":"https:\/\/www.europesays.com\/lv\/wp-json\/wp\/v2\/media\/105614"}],"wp:attachment":[{"href":"https:\/\/www.europesays.com\/lv\/wp-json\/wp\/v2\/media?parent=105613"}],"wp:term":[{"taxonomy":"category","embeddable":true,"href":"https:\/\/www.europesays.com\/lv\/wp-json\/wp\/v2\/categories?post=105613"},{"taxonomy":"post_tag","embeddable":true,"href":"https:\/\/www.europesays.com\/lv\/wp-json\/wp\/v2\/tags?post=105613"}],"curies":[{"name":"wp","href":"https:\/\/api.w.org\/{rel}","templated":true}]}}