{"id":105619,"date":"2026-01-15T14:00:07","date_gmt":"2026-01-15T14:00:07","guid":{"rendered":"https:\/\/www.europesays.com\/lv\/105619\/"},"modified":"2026-01-15T14:00:07","modified_gmt":"2026-01-15T14:00:07","slug":"latvija-var-klut-par-vienigo-valsti-eiropa-bez-finansejuma-inovativiem-onkologijas-medikamentiem","status":"publish","type":"post","link":"https:\/\/www.europesays.com\/lv\/105619\/","title":{"rendered":"Latvija var k\u013c\u016bt par vien\u012bgo valsti Eirop\u0101 bez finans\u0113juma inovat\u012bviem onkolo\u0123ijas medikamentiem"},"content":{"rendered":"<p>P\u0101rb\u016bvei pie\u0161\u0137irtais finans\u0113jums noz\u012bm\u0113, ka pacientu un medi\u0137u cer\u012bbas, k\u0101 ar\u012b atbild\u012bgo instit\u016bciju sol\u012bjumi p\u0101rtop re\u0101los darbos, nor\u0101d\u012bja P\u010dolkins.<\/p>\n<p>Vi\u0146\u0161 skaidroja, ka p\u0101rb\u016bves rezult\u0101t\u0101 telpas ar savu mikroklimatu neatkar\u012bgi no laikapst\u0101k\u013ciem, ar modernu ventil\u0101cijas sist\u0113mu un infekciju izol\u0101ciju, k\u0101 ar\u012b pras\u012bb\u0101m atbilsto\u0161a, gai\u0161a un komfortabla vide \u013caus nodro\u0161in\u0101t augstv\u0113rt\u012bg\u0101ku apr\u016bpi pacientiem un vienlaikus rad\u012bs iev\u0113rojami pat\u012bkam\u0101kus darba apst\u0101k\u013cus person\u0101lam.<\/p>\n<p>Austrumu slimn\u012bcas valdes loceklis Kaspars Pl\u016bme sac\u012bja, ka LOC p\u0101rb\u016bve ir viens no sare\u017e\u0123\u012bt\u0101kajiem un atbild\u012bg\u0101kajiem b\u016bvniec\u012bbas projektiem vesel\u012bbas apr\u016bp\u0113 p\u0113d\u0113jo gadu laik\u0101. Projekta komplic\u0113t\u012bbu nosaka ne tikai pats p\u0101rb\u016bves process, bet ar\u012b liela m\u0113roga p\u0101rcel\u0161an\u0101s, jo &#8211; lai centru var\u0113tu p\u0101rb\u016bv\u0113t, pacienti, noda\u013cas un oper\u0101ciju z\u0101les ir j\u0101p\u0101rvieto uz dro\u0161\u0101m un komfortabl\u0101m telp\u0101m, nodro\u0161inot \u0101rst\u0113\u0161anas un apr\u016bpes nep\u0101rtraukt\u012bbu.<\/p>\n<p>LOC p\u0101rb\u016bves period\u0101 noda\u013c\u0101m un pacientiem b\u016bs dro\u0161i pagaidu apst\u0101k\u013ci pag\u0101ju\u0161ogad atjaunotaj\u0101s un moderniz\u0113taj\u0101s stacion\u0101ra &#8220;Gai\u013cezers&#8221; 9. korpusa telp\u0101s, turpinot sniegt visus pakalpojumus &#8211; konsult\u0101cijas, izmekl\u0113jumus, \u0137\u012bmijterapiju, staru terapiju un \u0101rst\u0113\u0161anu stacion\u0101ros. Uz stacion\u0101ra &#8220;Gai\u013cezers&#8221; oper\u0101ciju bloku tiks p\u0101rceltas visas onkolo\u0123isk\u0101s oper\u0101cijas.<\/p>\n<p>Gatavojoties LOC p\u0101rb\u016bvei, janv\u0101r\u012b p\u0101rcel\u0161an\u0101s uz atjaunotaj\u0101m telp\u0101m stacion\u0101r\u0101 &#8220;Gai\u013cezers&#8221; paredz\u0113ta trim noda\u013c\u0101m &#8211; 14. Asinsvadu \u0137irur\u0123ijas noda\u013cai, 16. Neirolo\u0123ijas noda\u013cai un 3A Onkolo\u0123ijas galvas un kakla \u0137irur\u0123ijas noda\u013cai.<\/p>\n<p>LOC vid\u0113ji dien\u0101 stacion\u0101ri tiek \u0101rst\u0113ti 335 pacienti, un kop\u0113jais nodarbin\u0101to skaits p\u0101rsniedz 900 cilv\u0113ku, kuri visi b\u016bs iesaist\u012bti \u0161ajos p\u0101rmai\u0146u procesos. Paredzams, ka LOC noda\u013cu p\u0101rcel\u0161an\u0101s process ilgs aptuveni se\u0161us m\u0113ne\u0161us, p\u0101rb\u016bves darbi tiks uzs\u0101kti 2026. gada otraj\u0101 pus\u0113, savuk\u0101rt LOC p\u0101rb\u016bves darbus pl\u0101nots pabeigt 2028. gada pirmaj\u0101 pus\u0113.<\/p>\n<p>Telpu nodo\u0161ana ekspluat\u0101cij\u0101 pl\u0101nota pak\u0101peniski, inform\u0113 slimn\u012bc\u0101. Vispirms tiks pabeigti darbi oper\u0101ciju blok\u0101 un intens\u012bv\u0101s terapijas noda\u013c\u0101 un p\u0113c tam &#8211; stacion\u0101ra noda\u013cu telp\u0101s.<\/p>\n","protected":false},"excerpt":{"rendered":"P\u0101rb\u016bvei pie\u0161\u0137irtais finans\u0113jums noz\u012bm\u0113, ka pacientu un medi\u0137u cer\u012bbas, k\u0101 ar\u012b atbild\u012bgo instit\u016bciju sol\u012bjumi p\u0101rtop re\u0101los darbos, nor\u0101d\u012bja&hellip;\n","protected":false},"author":2,"featured_media":105620,"comment_status":"","ping_status":"","sticky":false,"template":"","format":"standard","meta":{"footnotes":""},"categories":[12],"tags":[23,28,29,32,33,22,30,31,35,39,38,36,37,34,17090,40,19510,20,3140,26,27,14035,24,25,21],"class_list":{"0":"post-105619","1":"post","2":"type-post","3":"status-publish","4":"format-standard","5":"has-post-thumbnail","7":"category-latvija","8":"tag-aktualitates","9":"tag-breaking-news","10":"tag-breakingnews","11":"tag-featured-news","12":"tag-featurednews","13":"tag-headlines","14":"tag-latest-news","15":"tag-latestnews","16":"tag-latvia","17":"tag-latvian","18":"tag-latviesu","19":"tag-latviesu-valoda","20":"tag-latviesuvaloda","21":"tag-latvija","22":"tag-latvijas-onkologijas-centrs","23":"tag-lv","24":"tag-medikamenti","25":"tag-news","26":"tag-onkologija","27":"tag-popularakas-zinas","28":"tag-popularakaszinas","29":"tag-rakus","30":"tag-top-stories","31":"tag-topstories","32":"tag-zinas"},"share_on_mastodon":{"url":"https:\/\/pubeurope.com\/@lv\/115899480426148255","error":""},"_links":{"self":[{"href":"https:\/\/www.europesays.com\/lv\/wp-json\/wp\/v2\/posts\/105619","targetHints":{"allow":["GET"]}}],"collection":[{"href":"https:\/\/www.europesays.com\/lv\/wp-json\/wp\/v2\/posts"}],"about":[{"href":"https:\/\/www.europesays.com\/lv\/wp-json\/wp\/v2\/types\/post"}],"author":[{"embeddable":true,"href":"https:\/\/www.europesays.com\/lv\/wp-json\/wp\/v2\/users\/2"}],"replies":[{"embeddable":true,"href":"https:\/\/www.europesays.com\/lv\/wp-json\/wp\/v2\/comments?post=105619"}],"version-history":[{"count":0,"href":"https:\/\/www.europesays.com\/lv\/wp-json\/wp\/v2\/posts\/105619\/revisions"}],"wp:featuredmedia":[{"embeddable":true,"href":"https:\/\/www.europesays.com\/lv\/wp-json\/wp\/v2\/media\/105620"}],"wp:attachment":[{"href":"https:\/\/www.europesays.com\/lv\/wp-json\/wp\/v2\/media?parent=105619"}],"wp:term":[{"taxonomy":"category","embeddable":true,"href":"https:\/\/www.europesays.com\/lv\/wp-json\/wp\/v2\/categories?post=105619"},{"taxonomy":"post_tag","embeddable":true,"href":"https:\/\/www.europesays.com\/lv\/wp-json\/wp\/v2\/tags?post=105619"}],"curies":[{"name":"wp","href":"https:\/\/api.w.org\/{rel}","templated":true}]}}