{"id":105624,"date":"2026-01-15T14:05:17","date_gmt":"2026-01-15T14:05:17","guid":{"rendered":"https:\/\/www.europesays.com\/lv\/105624\/"},"modified":"2026-01-15T14:05:17","modified_gmt":"2026-01-15T14:05:17","slug":"ford-rupnica-micigana-videjo-pirkstu-paradijis-protestetajam-lente-lv","status":"publish","type":"post","link":"https:\/\/www.europesays.com\/lv\/105624\/","title":{"rendered":"&#8220;Ford&#8221; r\u016bpn\u012bc\u0101 Mi\u010digan\u0101 vid\u0113jo pirkstu par\u0101d\u012bjis protest\u0113t\u0101jam\u00a0\u2014\u00a0Lente.lv"},"content":{"rendered":"<p>Tramps iesaist\u0101s str\u012bd\u0101 ar protest\u0113t\u0101ju Mi\u010digan\u0101<\/p>\n<p>ASV prezidents Donalds Tramps apmekl\u0113juma laik\u0101 k\u0101d\u0101 &#8220;Ford&#8221; r\u016bpn\u012bc\u0101 Mi\u010diganas \u0161tat\u0101 iesaist\u012bjies str\u012bd\u0101 ar k\u0101du protest\u0113t\u0101ju, kur\u0161 vi\u0146u publiski nosaucis par &#8220;pedofilu aizst\u0101vi&#8221;. K\u0101 inform\u0113 port\u0101ls jauns.lv, Tramps atbild\u0113jis ar vid\u0113j\u0101 pirksta demonstr\u0101ciju un mutisku lamuv\u0101rdu lieto\u0161anu, ko fiks\u0113jusi kamera. Balt\u0101 nama p\u0101rst\u0101vji gan nor\u0101d\u012bju\u0161i, ka prezidenta reakcija bijusi &#8220;atbilsto\u0161a&#8221; un &#8220;nep\u0101rprotama&#8221; atbilde uz &#8220;traka indiv\u012bda&#8221; izrais\u012bto dusmu. <\/p>\n<p>Incidents &#8220;Ford&#8221; F-150 r\u016bpn\u012bc\u0101<\/p>\n<p>Notikums risin\u0101jies &#8220;Ford&#8221; F-150 pikapu ra\u017eo\u0161anas r\u016bpn\u012bc\u0101 Dearborn\u0101, Mi\u010diganas \u0161tat\u0101. Kam\u0113r Tramps devies ekskursij\u0101 pa r\u016bpn\u012bcu, k\u0101ds str\u0101dnieks no apak\u0161\u0113j\u0101 st\u0101va ska\u013ci izsaucies uz prezidentu, nosaucot vi\u0146u par &#8220;pedofilu aizst\u0101vi&#8221;. Video materi\u0101l\u0101 redzams, k\u0101 Tramps uz br\u012bdi apst\u0101jas, pagrie\u017eas pret str\u0101dnieku, ar skaidru neapmierin\u0101t\u012bbu sej\u0101 izrun\u0101 v\u0101rdus, kas atbilst &#8220;f&#8212; you&#8221; (ej d&#8230;s), un par\u0101da vid\u0113jo pirkstu. P\u0113c tam vi\u0146\u0161 pam\u0101jis ar roku un turpin\u0101jis ce\u013cu. <\/p>\n<p>Ofici\u0101la reakcija un str\u0101dnieka identit\u0101te<\/p>\n<p>Balt\u0101 nama preses sekret\u0101ra vietnieks St\u012bvens \u010congs apstiprin\u0101jis video autentiskumu, skaidrojot, ka prezidenta r\u012bc\u012bba bijusi &#8220;atbilsto\u0161a un nep\u0101rprotama&#8221; atbilde uz &#8220;traka indiv\u012bda&#8221;, kur\u0161 &#8220;piln\u012bg\u0101 dusmu izvirdum\u0101 kliedzis&#8221; lamuv\u0101rdus. V\u0113l\u0101k tika identific\u0113ts, ka str\u0101dnieks, kur\u0161 izsaucas uz Trampu, ir T.D\u017e. Sabula, 40 gadus vecs &#8220;United Auto Workers Local 600&#8221; biedrs. Sabula intervij\u0101 izteicies, ka vi\u0146am nav nek\u0101du no\u017e\u0113lu par savu r\u012bc\u012bbu, lai gan vi\u0146\u0161 uztraucas par savu darbu, baidoties no politiskas atrieb\u012bbas. P\u0113c incidenta Sabula tika atst\u0101din\u0101ts no darba bez apmaksas, ta\u010du par vi\u0146u izveidota &#8220;GoFundMe&#8221; kampa\u0146a, lai pal\u012bdz\u0113tu segt zaud\u0113tos ien\u0101kumus. <\/p>\n<p>Pla\u0161a rezonanse un saist\u012bba ar Ep\u0161teina lietu<\/p>\n<p>Incidents izrais\u012bjis pla\u0161u rezonansi soci\u0101lajos medijos, kur daudzi izsaka kritiku par prezidenta neadekv\u0101to uzved\u012bbu, uzdodot jaut\u0101jumus par ASV prezidenta piem\u0113rot\u012bbu \u0161\u0101dai r\u012bc\u012bbai. Da\u017ei koment\u0113t\u0101ji nor\u0101da uz iesp\u0113jamu saist\u012bbu ar Trampa administr\u0101cijas r\u012bc\u012bbu D\u017eefrija Ep\u0161teina liet\u0101, kur\u0161 bija noties\u0101ts par nepilngad\u012bgo meite\u0146u tirdzniec\u012bbu un bija Trampa pazi\u0146a. Lai gan Tramps s\u0101kotn\u0113ji bija aicin\u0101jis publiskot ar Ep\u0161teinu saist\u012btos dokumentus, vi\u0146a Tieslietu ministrija nesp\u0113ja izpild\u012bt termi\u0146u \u0161o dokumentu piln\u012bgai atkl\u0101\u0161anai. &#8220;Ford&#8221; izpilddirektors Bils &#8220;Ford&#8221; jaun\u0101kais, kura vect\u0113vs ir uz\u0146\u0113muma dibin\u0101t\u0101js Henrijs Fords, nosaucis incidentu par &#8220;neveiklu&#8221; un paudis savu ne\u0113rt\u012bbu. <\/p>\n","protected":false},"excerpt":{"rendered":"Tramps iesaist\u0101s str\u012bd\u0101 ar protest\u0113t\u0101ju Mi\u010digan\u0101 ASV prezidents Donalds Tramps apmekl\u0113juma laik\u0101 k\u0101d\u0101 &#8220;Ford&#8221; r\u016bpn\u012bc\u0101 Mi\u010diganas \u0161tat\u0101 iesaist\u012bjies&hellip;\n","protected":false},"author":2,"featured_media":105625,"comment_status":"","ping_status":"","sticky":false,"template":"","format":"standard","meta":{"footnotes":""},"categories":[14],"tags":[23,57,28,29,542,32,33,4224,22,30,31,35,39,38,36,37,34,40,25293,20,26,27,25294,264,24,25,54,55,56,21,58],"class_list":{"0":"post-105624","1":"post","2":"type-post","3":"status-publish","4":"format-standard","5":"has-post-thumbnail","7":"category-zinas-no-arvalstim","8":"tag-aktualitates","9":"tag-arvalstim","10":"tag-breaking-news","11":"tag-breakingnews","12":"tag-donalds-tramps","13":"tag-featured-news","14":"tag-featurednews","15":"tag-ford","16":"tag-headlines","17":"tag-latest-news","18":"tag-latestnews","19":"tag-latvia","20":"tag-latvian","21":"tag-latviesu","22":"tag-latviesu-valoda","23":"tag-latviesuvaloda","24":"tag-latvija","25":"tag-lv","26":"tag-micigana","27":"tag-news","28":"tag-popularakas-zinas","29":"tag-popularakaszinas","30":"tag-protestetajs","31":"tag-skandals","32":"tag-top-stories","33":"tag-topstories","34":"tag-world","35":"tag-world-news","36":"tag-worldnews","37":"tag-zinas","38":"tag-zinas-no-arvalstim"},"share_on_mastodon":{"url":"https:\/\/pubeurope.com\/@lv\/115899500025323060","error":""},"_links":{"self":[{"href":"https:\/\/www.europesays.com\/lv\/wp-json\/wp\/v2\/posts\/105624","targetHints":{"allow":["GET"]}}],"collection":[{"href":"https:\/\/www.europesays.com\/lv\/wp-json\/wp\/v2\/posts"}],"about":[{"href":"https:\/\/www.europesays.com\/lv\/wp-json\/wp\/v2\/types\/post"}],"author":[{"embeddable":true,"href":"https:\/\/www.europesays.com\/lv\/wp-json\/wp\/v2\/users\/2"}],"replies":[{"embeddable":true,"href":"https:\/\/www.europesays.com\/lv\/wp-json\/wp\/v2\/comments?post=105624"}],"version-history":[{"count":0,"href":"https:\/\/www.europesays.com\/lv\/wp-json\/wp\/v2\/posts\/105624\/revisions"}],"wp:featuredmedia":[{"embeddable":true,"href":"https:\/\/www.europesays.com\/lv\/wp-json\/wp\/v2\/media\/105625"}],"wp:attachment":[{"href":"https:\/\/www.europesays.com\/lv\/wp-json\/wp\/v2\/media?parent=105624"}],"wp:term":[{"taxonomy":"category","embeddable":true,"href":"https:\/\/www.europesays.com\/lv\/wp-json\/wp\/v2\/categories?post=105624"},{"taxonomy":"post_tag","embeddable":true,"href":"https:\/\/www.europesays.com\/lv\/wp-json\/wp\/v2\/tags?post=105624"}],"curies":[{"name":"wp","href":"https:\/\/api.w.org\/{rel}","templated":true}]}}