{"id":105626,"date":"2026-01-15T14:06:10","date_gmt":"2026-01-15T14:06:10","guid":{"rendered":"https:\/\/www.europesays.com\/lv\/105626\/"},"modified":"2026-01-15T14:06:10","modified_gmt":"2026-01-15T14:06:10","slug":"foto-%e2%9f%a9-izmeklejot-liela-meroga-cigaresu-kontrabandas-lietu-policija-atklaj-vel-vienu-nelegalu-razotni","status":"publish","type":"post","link":"https:\/\/www.europesays.com\/lv\/105626\/","title":{"rendered":"FOTO \u27e9 Izmekl\u0113jot liela m\u0113roga cigare\u0161u kontrabandas lietu, policija atkl\u0101j v\u0113l vienu neleg\u0101lu ra\u017eotni"},"content":{"rendered":"<p class=\"Standard\">Turpinot izmekl\u0113\u0161anu, 2025. gada 9. decembr\u012b Valsts policijas un Valsts robe\u017esardzes amatpersonas divos krimin\u0101lprocesos veica vair\u0101kas sankcion\u0113tas krat\u012b\u0161anas Latgales re\u0123ion\u0101 un R\u012bgas re\u0123ion\u0101, kuru laik\u0101 atkl\u0101ta ar\u012b neleg\u0101lo cigare\u0161u ra\u017eotne ar taj\u0101 izveidotu profesion\u0101lu cigare\u0161u ra\u017eo\u0161anas l\u012bniju.<\/p>\n<p class=\"Standard\">Kopum\u0101 krat\u012b\u0161anu laik\u0101 iz\u0146emti 35 miljoni da\u017e\u0101du marku cigare\u0161u \u2013 &#8220;Minsk&#8221;, &#8220;Rothmans&#8221;, &#8220;Premjer&#8221;, &#8220;Queen Mentol&#8221; un &#8220;Queen Superslims&#8221;, iz\u0146emta ar\u012b sasmalcin\u0101ta tabaka 1625 kilogramu apm\u0113r\u0101, da\u017e\u0101das cigare\u0161u ra\u017eo\u0161anas izejvielas, tostarp filtri, pap\u012brs, cigare\u0161u paci\u0146u un bloku sagataves, k\u0101 ar\u012b Krievijas Feder\u0101cijas un Baltkrievijas akc\u012bzes markas. Procesu\u0101lo darb\u012bbu laik\u0101 Valsts policija aiztur\u0113ja se\u0161us v\u012brie\u0161us, no kuriem viena persona jau figur\u0113ja iepriek\u0161 s\u0101ktaj\u0101 krimin\u0101lproces\u0101 saist\u012bb\u0101 ar neleg\u0101lo cigare\u0161u ra\u017eo\u0161anu un kontrabandu.<\/p>\n<p class=\"Standard\">2025. gada 10. decembr\u012b Valsts robe\u017esardzes amatpersonas sniedza v\u0113l vienu inform\u0101ciju Valsts policijas Latgales re\u0123iona p\u0101rvaldes Krimin\u0101lpolicijas biroja amatperson\u0101m par iesp\u0113jamo tabakas izstr\u0101d\u0101jumu nelikum\u012bgu izgatavo\u0161anas (ra\u017eo\u0161anas), uzglab\u0101\u0161anas vietu Latgales re\u0123ion\u0101, un nekav\u0113joties sa\u0146\u0113ma l\u0113mumu par krat\u012b\u0161anas izdar\u012b\u0161anu neatliekam\u012bbas k\u0101rt\u012bb\u0101, kur Valsts robe\u017esardzes amatpersonas, veicot krat\u012b\u0161anu, konstat\u0113ja un iz\u0146\u0113ma lielu apjomu ar da\u017e\u0101du cigare\u0161u ra\u017eo\u0161anas izejviel\u0101m, tostarp filtriem, pap\u012bru, cigare\u0161u paci\u0146u un bloku sagatav\u0113m un Krievijas Feder\u0101cijas un Baltkrievijas akc\u012bzes mark\u0101m. T\u0101pat konstat\u0113tas divas kravas automa\u0161\u012bnu piekabes, vien\u0101 no t\u0101m pasl\u0113pt\u0101 veid\u0101 atrad\u0101s cigare\u0161u ra\u017eo\u0161anas iek\u0101rta.<\/p>\n","protected":false},"excerpt":{"rendered":"Turpinot izmekl\u0113\u0161anu, 2025. gada 9. decembr\u012b Valsts policijas un Valsts robe\u017esardzes amatpersonas divos krimin\u0101lprocesos veica vair\u0101kas sankcion\u0113tas krat\u012b\u0161anas&hellip;\n","protected":false},"author":2,"featured_media":105627,"comment_status":"","ping_status":"","sticky":false,"template":"","format":"standard","meta":{"footnotes":""},"categories":[12],"tags":[23,28,29,32,33,22,1817,30,31,321,35,39,38,36,37,34,40,20,26,27,24,25,138,5203,21],"class_list":{"0":"post-105626","1":"post","2":"type-post","3":"status-publish","4":"format-standard","5":"has-post-thumbnail","7":"category-latvija","8":"tag-aktualitates","9":"tag-breaking-news","10":"tag-breakingnews","11":"tag-featured-news","12":"tag-featurednews","13":"tag-headlines","14":"tag-kontrabandas-cigaretes","15":"tag-latest-news","16":"tag-latestnews","17":"tag-latgale","18":"tag-latvia","19":"tag-latvian","20":"tag-latviesu","21":"tag-latviesu-valoda","22":"tag-latviesuvaloda","23":"tag-latvija","24":"tag-lv","25":"tag-news","26":"tag-popularakas-zinas","27":"tag-popularakaszinas","28":"tag-top-stories","29":"tag-topstories","30":"tag-valsts-policija","31":"tag-valsts-robezsardze","32":"tag-zinas"},"share_on_mastodon":{"url":"https:\/\/pubeurope.com\/@lv\/115899503973452677","error":""},"_links":{"self":[{"href":"https:\/\/www.europesays.com\/lv\/wp-json\/wp\/v2\/posts\/105626","targetHints":{"allow":["GET"]}}],"collection":[{"href":"https:\/\/www.europesays.com\/lv\/wp-json\/wp\/v2\/posts"}],"about":[{"href":"https:\/\/www.europesays.com\/lv\/wp-json\/wp\/v2\/types\/post"}],"author":[{"embeddable":true,"href":"https:\/\/www.europesays.com\/lv\/wp-json\/wp\/v2\/users\/2"}],"replies":[{"embeddable":true,"href":"https:\/\/www.europesays.com\/lv\/wp-json\/wp\/v2\/comments?post=105626"}],"version-history":[{"count":0,"href":"https:\/\/www.europesays.com\/lv\/wp-json\/wp\/v2\/posts\/105626\/revisions"}],"wp:featuredmedia":[{"embeddable":true,"href":"https:\/\/www.europesays.com\/lv\/wp-json\/wp\/v2\/media\/105627"}],"wp:attachment":[{"href":"https:\/\/www.europesays.com\/lv\/wp-json\/wp\/v2\/media?parent=105626"}],"wp:term":[{"taxonomy":"category","embeddable":true,"href":"https:\/\/www.europesays.com\/lv\/wp-json\/wp\/v2\/categories?post=105626"},{"taxonomy":"post_tag","embeddable":true,"href":"https:\/\/www.europesays.com\/lv\/wp-json\/wp\/v2\/tags?post=105626"}],"curies":[{"name":"wp","href":"https:\/\/api.w.org\/{rel}","templated":true}]}}