{"id":105628,"date":"2026-01-15T14:07:08","date_gmt":"2026-01-15T14:07:08","guid":{"rendered":"https:\/\/www.europesays.com\/lv\/105628\/"},"modified":"2026-01-15T14:07:08","modified_gmt":"2026-01-15T14:07:08","slug":"lps-valde-aicina-ministru-prezidenti-nekavejoties-atcelt-rikojumus-par-bauskas-un-preilu-novada-teritoriju-planojumu-apturesanu","status":"publish","type":"post","link":"https:\/\/www.europesays.com\/lv\/105628\/","title":{"rendered":"LPS valde aicina Ministru prezidenti nekav\u0113joties atcelt r\u012bkojumus par Bauskas un Prei\u013cu novada teritoriju pl\u0101nojumu aptur\u0113\u0161anu"},"content":{"rendered":"<p>Latvijas Pa\u0161vald\u012bbu savien\u012bbas (LPS) valde aicina Ministru prezidenti Eviku Sili\u0146u nekav\u0113joties atcelt vied\u0101s administr\u0101cijas un re\u0123ion\u0101l\u0101s att\u012bst\u012bbas ministra r\u012bkojumus par Bauskas un Prei\u013cu novada teritoriju pl\u0101nojumu aptur\u0113\u0161anu, kas rada noz\u012bm\u012bgas sekas un negat\u012bvu ietekmi uz vis\u0101m Latvijas pa\u0161vald\u012bb\u0101m. \u00a0<\/p>\n<p>Vienlaikus LPS valde aicina premjeri steidzami sasaukt san\u0101ksmi ar vied\u0101s administr\u0101cijas un re\u0123ion\u0101l\u0101s att\u012bst\u012bbas ministra, klimata un ener\u0123\u0113tikas ministra un LPS p\u0101rst\u0101vju dal\u012bbu, lai rastu risin\u0101jumu saist\u012bb\u0101 ar pa\u0161vald\u012bbu teritoriju pl\u0101nojumiem. Divu ned\u0113\u013cu laik\u0101 pa\u0161vald\u012bb\u0101m j\u0101pie\u0146em l\u0113mumi par turpm\u0101ko r\u012bc\u012bbu, t\u0101p\u0113c steidzami nepiecie\u0161ams vis\u0101m iesaist\u012btaj\u0101m pus\u0113m skaidrs risin\u0101jums.<\/p>\n<p>J\u0101\u0146em v\u0113r\u0101, ka Vied\u0101s administr\u0101cijas un re\u0123ion\u0101l\u0101s att\u012bst\u012bbas ministrijas (VARAM) ilgsto\u0161a vadl\u012bniju un krit\u0113riju neizstr\u0101d\u0101\u0161ana par vienotas pieejas ievie\u0161anai v\u0113ja parku integr\u0113\u0161anai izstr\u0101des stadij\u0101 eso\u0161ajos teritorijas pl\u0101nojumos ir\u00a0 viens no galvenajiem c\u0113lo\u0146iem, k\u0101d\u0113\u013c ir aptur\u0113ti min\u0113tie pl\u0101nojumi. L\u012bdz ar to nav skaidrs, k\u0101 VARAM ir v\u0113rt\u0113jusi un pie\u0146\u0113musi l\u0113mumu izdot \u0161\u0101dus r\u012bkojumus, kuri ir pretrun\u0101 ar citiem normat\u012bvajiem aktiem, kas pa\u0161vald\u012bbai j\u0101iev\u0113ro, izstr\u0101d\u0101jot teritorijas pl\u0101nojumus. LPS p\u0113rn aicin\u0101ja atbild\u012bgos ministrus steidzami tikties, bet joproj\u0101m tas nav noticis un nav ar\u012b inform\u0101cijas par iepriek\u0161 min\u0113to jaut\u0101jumu virz\u012bbu.<\/p>\n<p>Atbilsto\u0161i sp\u0113k\u0101 eso\u0161ajam regul\u0113jumam, pa\u0161vald\u012bbas var noteikt teritorijas, kur\u0101s v\u0113ja elektrostaciju b\u016bvniec\u012bba ir aizliegta, lai sabalans\u0113tu un rastu kompromisu starp da\u017e\u0101d\u0101m ieinteres\u0113t\u0101m un iesaist\u012btaj\u0101m pus\u0113m, r\u016bp\u0113joties par viet\u0113jo kopienu un t\u0101s interes\u0113m, vajadz\u012bb\u0101m, piem\u0113ram, ainavu, kult\u016brv\u0113sturiskajiem pieminek\u013ciem u. c.<\/p>\n<p>LPS valde uzsver, ka atbilsto\u0161i visp\u0101r\u012bgajiem teritorijas pl\u0101no\u0161anas, izmanto\u0161anas un apb\u016bves noteikumiem pa\u0161vald\u012bbai ir dots dele\u0123\u0113jums Teritorijas pl\u0101nojum\u0101 vai lok\u0101lpl\u0101nojum\u0101 noteikt teritorijas, kur\u0101s v\u0113ja elektrostaciju b\u016bvniec\u012bba ir aizliegta. Ar\u012b atbilsto\u0161i Pa\u0161vald\u012bbu likumam teritorijas att\u012bst\u012bbas pl\u0101no\u0161ana ir pa\u0161vald\u012bbas kompetence un atbild\u012bba. Turkl\u0101t ministra r\u012bkojumi ir pretrun\u0101 Eiropas viet\u0113jo pa\u0161vald\u012bbu hartas 4. panta ceturtajai da\u013cai, kur\u0101 noteikts, ka pa\u0161vald\u012bb\u0101m pie\u0161\u0137irt\u0101s pilnvaras ir piln\u012bgas un ekskluz\u012bvas un cita, centr\u0101l\u0101 vai re\u0123ion\u0101l\u0101 vara, nedr\u012bkst t\u0101s apstr\u012bd\u0113t vai ierobe\u017eot, iz\u0146emot gad\u012bjumus, kad tas paredz\u0113ts likum\u0101.<\/p>\n<p>\u0160obr\u012bd tiek virz\u012bti groz\u012bjumi likum\u0101 Par ietekmes uz vidi nov\u0113rt\u0113jum\u0101, kas paredz, ka turpm\u0101k pa\u0161vald\u012bbas vairs nepie\u0146ems gala akceptu par paredz\u0113to darb\u012bbu, to veiks kompetent\u0101 instit\u016bcija. Savuk\u0101rt ietekmes uz vidi procesu var\u0113s uzs\u0101kt tikai gad\u012bjumos, kad tas atbilst teritorijas pl\u0101nojumam. L\u012bdz ar to politiskais l\u0113mums j\u0101pie\u0146em teritorijas pl\u0101no\u0161anas dokumentu izstr\u0101des proces\u0101, kad, piedaloties sabiedr\u012bbai un balstoties uz strat\u0113\u0123isk\u0101s ietekmes uz vidi nov\u0113rt\u0113juma procesu, dome apstiprina teritorij\u0101 pie\u013caujamo izmanto\u0161anu.\u00a0 Pa\u0161vald\u012bbai ir autonom\u0101s ties\u012bbas lemt par savas teritorijas att\u012bst\u012bbas jaut\u0101jumiem, t\u0101pat konceptu\u0101li iz\u0161\u0137irties par teritorijas izmanto\u0161anas aspektiem, kas veicams teritorijas pl\u0101no\u0161anas proces\u0101. Teritorijas pl\u0101nojuma aptur\u0113\u0161ana at\u0146em pa\u0161vald\u012bbai \u0161\u012bs iepriek\u0161 min\u0113t\u0101s ties\u012bbas, liedzot lemt par teritorijas izmanto\u0161anu.<\/p>\n<p><a href=\"https:\/\/www.lps.lv\/uploads\/docs_module\/LPS_vestule_Ministru_prezidentei_1.pdf\" target=\"_blank\" class=\"fails\" rel=\"nofollow noopener\">Latvijas Pa\u0161vald\u012bbu savien\u012bbas v\u0113stule Ministru prezidentei Evikai Sili\u0146ai<\/a><\/p>\n<p>          <img decoding=\"async\" src=\"https:\/\/www.europesays.com\/lv\/wp-content\/uploads\/2026\/01\/1768467666_223_logo-lv.png\" alt=\"\"\/><\/p>\n<p>                  \u0160\u012b inform\u0101cija ir publisks pazi\u0146ojums un neatspogu\u013co LV port\u0101la viedokli. Par t\u0101s saturu atbild ies\u016bt\u012bt\u0101js. <a data-popup=\"rules\">Public\u0113\u0161anas noteikumi<\/a><\/p>\n","protected":false},"excerpt":{"rendered":"Latvijas Pa\u0161vald\u012bbu savien\u012bbas (LPS) valde aicina Ministru prezidenti Eviku Sili\u0146u nekav\u0113joties atcelt vied\u0101s administr\u0101cijas un re\u0123ion\u0101l\u0101s att\u012bst\u012bbas ministra&hellip;\n","protected":false},"author":2,"featured_media":105629,"comment_status":"","ping_status":"","sticky":false,"template":"","format":"standard","meta":{"footnotes":""},"categories":[5],"tags":[23,28,29,32,33,22,30,31,35,39,38,36,37,34,40,20,26,27,24,25,21],"class_list":{"0":"post-105628","1":"post","2":"type-post","3":"status-publish","4":"format-standard","5":"has-post-thumbnail","7":"category-aktualitates","8":"tag-aktualitates","9":"tag-breaking-news","10":"tag-breakingnews","11":"tag-featured-news","12":"tag-featurednews","13":"tag-headlines","14":"tag-latest-news","15":"tag-latestnews","16":"tag-latvia","17":"tag-latvian","18":"tag-latviesu","19":"tag-latviesu-valoda","20":"tag-latviesuvaloda","21":"tag-latvija","22":"tag-lv","23":"tag-news","24":"tag-popularakas-zinas","25":"tag-popularakaszinas","26":"tag-top-stories","27":"tag-topstories","28":"tag-zinas"},"share_on_mastodon":{"url":"https:\/\/pubeurope.com\/@lv\/115899507894059660","error":""},"_links":{"self":[{"href":"https:\/\/www.europesays.com\/lv\/wp-json\/wp\/v2\/posts\/105628","targetHints":{"allow":["GET"]}}],"collection":[{"href":"https:\/\/www.europesays.com\/lv\/wp-json\/wp\/v2\/posts"}],"about":[{"href":"https:\/\/www.europesays.com\/lv\/wp-json\/wp\/v2\/types\/post"}],"author":[{"embeddable":true,"href":"https:\/\/www.europesays.com\/lv\/wp-json\/wp\/v2\/users\/2"}],"replies":[{"embeddable":true,"href":"https:\/\/www.europesays.com\/lv\/wp-json\/wp\/v2\/comments?post=105628"}],"version-history":[{"count":0,"href":"https:\/\/www.europesays.com\/lv\/wp-json\/wp\/v2\/posts\/105628\/revisions"}],"wp:featuredmedia":[{"embeddable":true,"href":"https:\/\/www.europesays.com\/lv\/wp-json\/wp\/v2\/media\/105629"}],"wp:attachment":[{"href":"https:\/\/www.europesays.com\/lv\/wp-json\/wp\/v2\/media?parent=105628"}],"wp:term":[{"taxonomy":"category","embeddable":true,"href":"https:\/\/www.europesays.com\/lv\/wp-json\/wp\/v2\/categories?post=105628"},{"taxonomy":"post_tag","embeddable":true,"href":"https:\/\/www.europesays.com\/lv\/wp-json\/wp\/v2\/tags?post=105628"}],"curies":[{"name":"wp","href":"https:\/\/api.w.org\/{rel}","templated":true}]}}