{"id":105638,"date":"2026-01-15T14:18:14","date_gmt":"2026-01-15T14:18:14","guid":{"rendered":"https:\/\/www.europesays.com\/lv\/105638\/"},"modified":"2026-01-15T14:18:14","modified_gmt":"2026-01-15T14:18:14","slug":"skoleni-uzzinaja-par-dazadam-profesijam","status":"publish","type":"post","link":"https:\/\/www.europesays.com\/lv\/105638\/","title":{"rendered":"Skol\u0113ni uzzin\u0101ja par da\u017e\u0101d\u0101m profesij\u0101m"},"content":{"rendered":"<p>Jau tre\u0161o reizi Daugavpil\u012b notika karjeras izgl\u012bt\u012bbas pas\u0101kums \u201cProfesiju gadatirgus\u201d, kura m\u0113r\u0137is ir inform\u0113t skol\u0113nus par profesij\u0101m, kuras vi\u0146i var\u0113tu apg\u016bt. \u0160ogad pas\u0101kum\u0101 piedal\u012bj\u0101s 18 darba dev\u0113ji un vair\u0101k nek\u0101 t\u016bkstotis jaunie\u0161u.<\/p>\n<p>Ceturtdien, 8. janv\u0101r\u012b, Kult\u016bras pil\u012b norisin\u0101j\u0101s ikgad\u0113jais \u201cProfesiju gadatirgus\u201d, kur\u0101 savus stendus prezent\u0113ja 18 uz\u0146\u0113mumi, kas darbojas gan Daugavpil\u012b, gan \u0101rpus pils\u0113tas. Vair\u0101kas stundas uz\u0146\u0113mumu p\u0101rst\u0101vji, tostarp da\u017e\u0101di dienesti &#8212; Valsts robe\u017esardze, Zemessardze, Valsts Ugunsdz\u0113s\u012bbas un gl\u0101b\u0161anas dienests un Valsts policija &#8212; iepaz\u012bstin\u0101ja jaunie\u0161us ar savu darbu.<\/p>\n<p>    <img decoding=\"async\" src=\"https:\/\/www.europesays.com\/lv\/wp-content\/uploads\/2026\/01\/3cf6c69c57c75430b64e6754452769b80ec9136d.jpg\" alt=\"\" class=\"img-responsive\"\/><\/p>\n<p>\u201c\u0160\u012b pas\u0101kuma, ko r\u012bkojam jau tre\u0161o reizi, m\u0113r\u0137is ir iepaz\u012bstin\u0101t darba dev\u0113jus ar jaunie\u0161iem, lai jaunajai paaudzei jau b\u016btu priek\u0161stats par konkr\u0113tu profesiju, ko pied\u0101v\u0101 darba dev\u0113js, un par to, kas nepiecie\u0161ams, lai \u0161o profesiju apg\u016btu. Savuk\u0101rt darba dev\u0113ji iepaz\u012bstas ar jaunie\u0161iem, uzzina vi\u0146u v\u0113lmes un vajadz\u012bbas, idejas un s\u0101k veidot sadarb\u012bbu. T\u0101d\u0113j\u0101di m\u0113s kop\u0101 dom\u0101jam par n\u0101kotni. Jaunie\u0161us interes\u0113 \u0161\u012b t\u0113ma. Vi\u0146i bie\u017ei dom\u0101 par to, ar ko nodarbosies n\u0101kotn\u0113, kad k\u013c\u016bs pieaugu\u0161i. M\u0113s vi\u0146iem pal\u012bdzam, lai \u0161o izv\u0113li padar\u012btu apzin\u0101t\u0101ku un saprotam\u0101ku. Un, ja m\u0113s nevaram doties uz uz\u0146\u0113mumu, tad uz\u0146\u0113mums var atn\u0101kt pie mums, lai iepaz\u012bstin\u0101tu ar da\u017e\u0101d\u0101m profesij\u0101m \u2014 vai tas b\u016btu ener\u0123\u0113ti\u0137is, in\u017eenieris vai jebkura cita profesija,\u201d \u017eurn\u0101listiem past\u0101st\u012bja Izgl\u012bt\u012bbas, jaunatnes un sporta p\u0101rvaldes karjeras konsultante Santa \u010ceir\u0101ne. Vienlaikus vi\u0146a uzsv\u0113ra, ka katr\u0101 skol\u0101 ir karjeras speci\u0101lists, kur\u0161 var pal\u012bdz\u0113t skol\u0113niem tikt skaidr\u012bb\u0101 ar to, kas konkr\u0113tu jaunieti interes\u0113, un pal\u012bdz\u0113t izv\u0113l\u0113ties tie\u0161i to profesiju, kuru vi\u0146\u0161 v\u0113l\u0113tos apg\u016bt.<\/p>\n<p>Pas\u0101kum\u0101 piedal\u012bj\u0101s da\u017e\u0101du nozaru uz\u0146\u0113mumi, iest\u0101des un organiz\u0101cijas, kuru p\u0101rst\u0101vjiem skol\u0113ni var\u0113ja uzdot svar\u012bgus jaut\u0101jumus, piem\u0113ram, uzzin\u0101t, k\u0101di speci\u0101listi uz\u0146\u0113mumos b\u016bs piepras\u012bti, k\u0101d\u0101m prasm\u0113m un iema\u0146\u0101m j\u0101piem\u012bt darbiniekiem, k\u0101 ar\u012b k\u0101das darba vietas un profesion\u0101l\u0101s izaugsmes iesp\u0113jas tiks pied\u0101v\u0101tas. Jaunie\u0161i ar lielu interesi un aizraut\u012bbu izjaut\u0101ja speci\u0101listus, kuri p\u0101rst\u0101v\u0113ja valsts aizsardz\u012bbas un milit\u0101ro, elektronikas un ener\u0123\u0113tikas, IT jomu, p\u0101rtikas r\u016bpniec\u012bbu, viesn\u012bcu un t\u016brisma biznesu, \u017eurn\u0101listiku un medijus, kult\u016bras, medic\u012bnas, finan\u0161u un uz\u0146\u0113m\u0113jdarb\u012bbas jomu.<\/p>\n<p>    <img decoding=\"async\" src=\"https:\/\/www.europesays.com\/lv\/wp-content\/uploads\/2026\/01\/bbbecc55bb88d2cfbf66dd4f5ea69f422e789dad.jpg\" alt=\"\" class=\"img-responsive\"\/><\/p>\n<p>\u201cProfesiju gadatirgu\u201d apmekl\u0113ja vair\u0101k nek\u0101 1050 visp\u0101r\u0113j\u0101s un profesion\u0101l\u0101s izgl\u012bt\u012bbas iest\u0101\u017eu audz\u0113k\u0146i, kuri laiku pavad\u012bja lietder\u012bgi, ieg\u016bstot aktu\u0101lu inform\u0101ciju par prakses un nodarbin\u0101t\u012bbas iesp\u0113j\u0101m vasaras br\u012bvlaik\u0101. Gan jaunie\u0161i, gan darba dev\u0113ji atzina, ka \u0161\u0101di pas\u0101kumi ir lieliska iesp\u0113ja veidot savstarp\u0113ju dialogu un ieg\u016bt priek\u0161statu par aktu\u0101laj\u0101m tendenc\u0113m un iesp\u0113j\u0101m darba tirg\u016b.<\/p>\n<p>\u201cMums ir \u013coti svar\u012bgi, lai b\u0113rni izdara izv\u0113li. Bet, lai izdar\u012btu izv\u0113li, vi\u0146iem ir j\u0101zina, no k\u0101 izv\u0113l\u0113ties. Pirmk\u0101rt, m\u016bsu pas\u0101kumos piedal\u0101s t\u0101s iest\u0101des un uz\u0146\u0113mumi, kas str\u0101d\u0101 Latgal\u0113 un ir ieinteres\u0113ti, lai viet\u0113jie b\u0113rni ieg\u016btu profesiju un str\u0101d\u0101tu tie\u0161i dzimtaj\u0101 re\u0123ion\u0101. Ta\u010du m\u016bsu pas\u0101kumu m\u0113dz apmekl\u0113t ar\u012b viesi no t\u0101lienes, piem\u0113ram, no Liep\u0101jas un Ventspils. Mums ir svar\u012bgi, lai b\u0113rns b\u016btu maksim\u0101li inform\u0113ts, lai vi\u0146am rastos interese. Mums ir svar\u012bgi, lai vi\u0146\u0161 saprastu, kur\u0101 jom\u0101 v\u0113l\u0113tos sevi realiz\u0113t. Kad ir \u0161\u0101da izv\u0113les daudzveid\u012bba, tad ar\u012b notiek sastap\u0161an\u0101s ar savu profesiju, kurai tiks velt\u012bts viss m\u016b\u017es,\u201d sac\u012bja Izgl\u012bt\u012bbas, jaunatnes un sporta p\u0101rvaldes vad\u012bt\u0101ja Marina Isupova.<\/p>\n<p>    <img decoding=\"async\" src=\"https:\/\/www.europesays.com\/lv\/wp-content\/uploads\/2026\/01\/9f77d0c7db7c16760c83ff5b39ff417687fea230.jpg\" alt=\"\" class=\"img-responsive\"\/><\/p>\n<p>Tom\u0113r ar to speci\u0101listu darbs nebeidzas. Papildu tam, ka skol\u0101s str\u0101d\u0101 karjeras konsultanti, uz kuru pal\u012bdz\u012bbu var pa\u013cauties ikviens skol\u0113ns, m\u0101c\u012bbu gada beig\u0101s Izgl\u012bt\u012bbas, jaunatnes un sporta p\u0101rvalde tradicion\u0101li r\u012bko pas\u0101kumus, uz kuriem tiek aicin\u0101ti Latvijas profesion\u0101l\u0101s izgl\u012bt\u012bbas iest\u0101\u017eu &#8212; tehnikumu, profesion\u0101lo skolu un augstskolu p\u0101rst\u0101vji. L\u012bdz ar to jaunie\u0161iem rodas v\u0113l viena lieliska iesp\u0113ja izlemt, kur vi\u0146i v\u0113las iest\u0101ties, k\u0101das iesp\u0113jas tiek pied\u0101v\u0101tas un attiec\u012bgi &#8212; izv\u0113l\u0113ties profesiju.<\/p>\n","protected":false},"excerpt":{"rendered":"Jau tre\u0161o reizi Daugavpil\u012b notika karjeras izgl\u012bt\u012bbas pas\u0101kums \u201cProfesiju gadatirgus\u201d, kura m\u0113r\u0137is ir inform\u0113t skol\u0113nus par profesij\u0101m, kuras&hellip;\n","protected":false},"author":2,"featured_media":105639,"comment_status":"","ping_status":"","sticky":false,"template":"","format":"standard","meta":{"footnotes":""},"categories":[12],"tags":[23,28,29,32,33,22,30,31,35,39,38,36,37,34,40,20,26,27,24,25,21],"class_list":{"0":"post-105638","1":"post","2":"type-post","3":"status-publish","4":"format-standard","5":"has-post-thumbnail","7":"category-latvija","8":"tag-aktualitates","9":"tag-breaking-news","10":"tag-breakingnews","11":"tag-featured-news","12":"tag-featurednews","13":"tag-headlines","14":"tag-latest-news","15":"tag-latestnews","16":"tag-latvia","17":"tag-latvian","18":"tag-latviesu","19":"tag-latviesu-valoda","20":"tag-latviesuvaloda","21":"tag-latvija","22":"tag-lv","23":"tag-news","24":"tag-popularakas-zinas","25":"tag-popularakaszinas","26":"tag-top-stories","27":"tag-topstories","28":"tag-zinas"},"share_on_mastodon":{"url":"https:\/\/pubeurope.com\/@lv\/115899551158351680","error":""},"_links":{"self":[{"href":"https:\/\/www.europesays.com\/lv\/wp-json\/wp\/v2\/posts\/105638","targetHints":{"allow":["GET"]}}],"collection":[{"href":"https:\/\/www.europesays.com\/lv\/wp-json\/wp\/v2\/posts"}],"about":[{"href":"https:\/\/www.europesays.com\/lv\/wp-json\/wp\/v2\/types\/post"}],"author":[{"embeddable":true,"href":"https:\/\/www.europesays.com\/lv\/wp-json\/wp\/v2\/users\/2"}],"replies":[{"embeddable":true,"href":"https:\/\/www.europesays.com\/lv\/wp-json\/wp\/v2\/comments?post=105638"}],"version-history":[{"count":0,"href":"https:\/\/www.europesays.com\/lv\/wp-json\/wp\/v2\/posts\/105638\/revisions"}],"wp:featuredmedia":[{"embeddable":true,"href":"https:\/\/www.europesays.com\/lv\/wp-json\/wp\/v2\/media\/105639"}],"wp:attachment":[{"href":"https:\/\/www.europesays.com\/lv\/wp-json\/wp\/v2\/media?parent=105638"}],"wp:term":[{"taxonomy":"category","embeddable":true,"href":"https:\/\/www.europesays.com\/lv\/wp-json\/wp\/v2\/categories?post=105638"},{"taxonomy":"post_tag","embeddable":true,"href":"https:\/\/www.europesays.com\/lv\/wp-json\/wp\/v2\/tags?post=105638"}],"curies":[{"name":"wp","href":"https:\/\/api.w.org\/{rel}","templated":true}]}}