{"id":105640,"date":"2026-01-15T14:19:07","date_gmt":"2026-01-15T14:19:07","guid":{"rendered":"https:\/\/www.europesays.com\/lv\/105640\/"},"modified":"2026-01-15T14:19:07","modified_gmt":"2026-01-15T14:19:07","slug":"20-bauskas-ielas-spradziena-cietuso-iedzivotaju-ludz-rigas-pasvaldibai-pagaidu-majokli-lente-lv","status":"publish","type":"post","link":"https:\/\/www.europesays.com\/lv\/105640\/","title":{"rendered":"20 Bauskas ielas spr\u0101dzien\u0101 cietu\u0161o iedz\u012bvot\u0101ju l\u016bdz R\u012bgas pa\u0161vald\u012bbai pagaidu m\u0101jokli\u00a0\u2014\u00a0Lente.lv"},"content":{"rendered":"<p>Pa\u0161vald\u012bba sa\u0146em iesniegumus par pagaidu izmitin\u0101\u0161anu<\/p>\n<p>R\u012bgas pa\u0161vald\u012bba sa\u0146\u0113musi 20 iesniegumus no Bauskas iel\u0101 15 eso\u0161aj\u0101 daudzdz\u012bvok\u013cu nam\u0101 notiku\u0161\u0101 g\u0101zes spr\u0101dziena upuriem, kuri l\u016bdz nodro\u0161in\u0101t vi\u0146iem pagaidu dz\u012bvesvietas. \u0160\u012b inform\u0101cija tika sniegta R\u012bgas domes M\u0101jok\u013cu un vides komitejas deput\u0101tiem. Saska\u0146\u0101 ar sp\u0113k\u0101 eso\u0161ajiem saisto\u0161ajiem noteikumiem, \u0161\u0101du atbalstu var sa\u0146emt personas, kas deklar\u0113ju\u0161as savu dz\u012bvesvietu R\u012bg\u0101 un kur\u0101m pa\u0161vald\u012bb\u0101 nepieder cita dz\u012bvo\u0161anai piem\u0113rota nekustam\u0101 \u012bpa\u0161uma.<\/p>\n<p>Atbalsta krit\u0113riji un iesp\u0113jam\u0101 izmitin\u0101\u0161ana<\/p>\n<p>Komitej\u0101 tika atz\u012bm\u0113ts, ka vismaz tr\u012bs gad\u012bjumos spr\u0101dzien\u0101 cietu\u0161ajiem pieder citi \u012bpa\u0161umi, kas potenci\u0101li var\u0113tu tikt izmantoti dz\u012bvo\u0161anai. Tom\u0113r deput\u0101ts Ein\u0101rs Cilinskis (NA) uzsv\u0113ra nepiecie\u0161am\u012bbu r\u016bp\u012bgi izv\u0113rt\u0113t \u0161o \u012bpa\u0161umu faktisko piem\u0113rot\u012bbu, lai nenon\u0101ktu situ\u0101cij\u0101, kur\u0101 \u012bpa\u0161ums form\u0101li past\u0101v, bet cilv\u0113kam nav iesp\u0113jas taj\u0101 dz\u012bvot objekt\u012bvu apst\u0101k\u013cu d\u0113\u013c. Spr\u0101dzien\u0101 cietu\u0161ajiem pl\u0101nots pied\u0101v\u0101t pagaidu m\u012btnes \u016anijas iel\u0101 49, kur iepriek\u0161 tika izmitin\u0101ti Ukrainas b\u0113g\u013ci. \u0160\u012bs telpas ir remont\u0113tas, apr\u012bkotas ar m\u0113bel\u0113m, virtuves zon\u0101m un sadz\u012bves tehniku, piem\u0113ram, ve\u013cas ma\u0161\u012bn\u0101m un \u017e\u0101v\u0113t\u0101jiem.<\/p>\n<p>Izmitin\u0101\u0161anas nosac\u012bjumi un turpm\u0101kie so\u013ci<\/p>\n<p>Iedz\u012bvot\u0101jiem tiks pied\u0101v\u0101ta iesp\u0113ja apskat\u012bt pied\u0101v\u0101t\u0101s telpas un pie\u0146emt l\u0113mumu par izmitin\u0101\u0161anu. Ja vi\u0146i piekrit\u012bs, ar vi\u0146iem tiks nosl\u0113gts l\u012bgums uz vienu gadu. Vienlaikus tiek gatavoti groz\u012bjumi saisto\u0161ajos noteikumos, lai pagarin\u0101tu pagaidu dz\u012bvesvietas nodro\u0161in\u0101\u0161anas termi\u0146u l\u012bdz diviem gadiem. K\u0101 inform\u0113 Latvijas Sabiedriskie Mediji, joproj\u0101m nav skaidr\u012bbas par spr\u0101dzien\u0101 cietu\u0161\u0101s m\u0101jas apsardzes nodro\u0161in\u0101\u0161anu n\u0101kotn\u0113 \u2013 pa\u0161laik to veic Pa\u0161vald\u012bbas policija, ta\u010du nav pie\u0146emts l\u0113mums par turpin\u0101jumu vai atbild\u012bbas uz\u0146em\u0161anos no dz\u012bvok\u013cu \u012bpa\u0161nieku puses.<\/p>\n<p>Spr\u0101dziena sekas un l\u012bdz\u0161in\u0113j\u0101 pal\u012bdz\u012bba<\/p>\n<p>Atg\u0101din\u0101m, ka 2. janv\u0101r\u012b piecst\u0101vu dz\u012bvojam\u0101 m\u0101j\u0101 Tor\u0146akaln\u0101, Bauskas iel\u0101, notika g\u0101zes spr\u0101dziens neleg\u0101li boj\u0101ta g\u0101zes vada d\u0113\u013c. Spr\u0101dziena rezult\u0101t\u0101 sagruva \u0113kas aug\u0161\u0113jie st\u0101vi un jumts, tika evaku\u0113ti iedz\u012bvot\u0101ji, vair\u0101ki cilv\u0113ki guvu\u0161i traumas, bet divi g\u0101ja boj\u0101. L\u012bdz 14. janv\u0101rim R\u012bgas Soci\u0101laj\u0101 dienest\u0101 bija sa\u0146emti 74 iesniegumi par kr\u012bzes pabalsta pie\u0161\u0137ir\u0161anu, no kuriem 67 m\u0101jsaimniec\u012bb\u0101m pie\u0161\u0137irts atbalsts vair\u0101k nek\u0101 73 000 eiro apm\u0113r\u0101. Da\u017eiem iesniegumiem pabalsts atteikts, jo personas jau sa\u0146\u0113mu\u0161as atbalstu k\u0101 \u012brnieki.<\/p>\n","protected":false},"excerpt":{"rendered":"Pa\u0161vald\u012bba sa\u0146em iesniegumus par pagaidu izmitin\u0101\u0161anu R\u012bgas pa\u0161vald\u012bba sa\u0146\u0113musi 20 iesniegumus no Bauskas iel\u0101 15 eso\u0161aj\u0101 daudzdz\u012bvok\u013cu nam\u0101&hellip;\n","protected":false},"author":2,"featured_media":105641,"comment_status":"","ping_status":"","sticky":false,"template":"","format":"standard","meta":{"footnotes":""},"categories":[5],"tags":[23,23494,28,29,25296,32,33,22,30,31,35,39,38,36,37,34,40,20,25295,26,27,10909,5981,24,25,21],"class_list":{"0":"post-105640","1":"post","2":"type-post","3":"status-publish","4":"format-standard","5":"has-post-thumbnail","7":"category-aktualitates","8":"tag-aktualitates","9":"tag-bauskas-iela","10":"tag-breaking-news","11":"tag-breakingnews","12":"tag-dzivesvietas-nodrosinasana","13":"tag-featured-news","14":"tag-featurednews","15":"tag-headlines","16":"tag-latest-news","17":"tag-latestnews","18":"tag-latvia","19":"tag-latvian","20":"tag-latviesu","21":"tag-latviesu-valoda","22":"tag-latviesuvaloda","23":"tag-latvija","24":"tag-lv","25":"tag-news","26":"tag-pagaidu-majoklis","27":"tag-popularakas-zinas","28":"tag-popularakaszinas","29":"tag-rigas-pasvaldiba","30":"tag-spradziens","31":"tag-top-stories","32":"tag-topstories","33":"tag-zinas"},"share_on_mastodon":{"url":"https:\/\/pubeurope.com\/@lv\/115899555145072962","error":""},"_links":{"self":[{"href":"https:\/\/www.europesays.com\/lv\/wp-json\/wp\/v2\/posts\/105640","targetHints":{"allow":["GET"]}}],"collection":[{"href":"https:\/\/www.europesays.com\/lv\/wp-json\/wp\/v2\/posts"}],"about":[{"href":"https:\/\/www.europesays.com\/lv\/wp-json\/wp\/v2\/types\/post"}],"author":[{"embeddable":true,"href":"https:\/\/www.europesays.com\/lv\/wp-json\/wp\/v2\/users\/2"}],"replies":[{"embeddable":true,"href":"https:\/\/www.europesays.com\/lv\/wp-json\/wp\/v2\/comments?post=105640"}],"version-history":[{"count":0,"href":"https:\/\/www.europesays.com\/lv\/wp-json\/wp\/v2\/posts\/105640\/revisions"}],"wp:featuredmedia":[{"embeddable":true,"href":"https:\/\/www.europesays.com\/lv\/wp-json\/wp\/v2\/media\/105641"}],"wp:attachment":[{"href":"https:\/\/www.europesays.com\/lv\/wp-json\/wp\/v2\/media?parent=105640"}],"wp:term":[{"taxonomy":"category","embeddable":true,"href":"https:\/\/www.europesays.com\/lv\/wp-json\/wp\/v2\/categories?post=105640"},{"taxonomy":"post_tag","embeddable":true,"href":"https:\/\/www.europesays.com\/lv\/wp-json\/wp\/v2\/tags?post=105640"}],"curies":[{"name":"wp","href":"https:\/\/api.w.org\/{rel}","templated":true}]}}