{"id":105646,"date":"2026-01-15T14:30:14","date_gmt":"2026-01-15T14:30:14","guid":{"rendered":"https:\/\/www.europesays.com\/lv\/105646\/"},"modified":"2026-01-15T14:30:14","modified_gmt":"2026-01-15T14:30:14","slug":"video-%e2%9f%a9-kada-ir-jauniesu-dzive-riga-jaunais-skroderis-alisters-klust-par-galveno-varoni-vacijas-medija-sizeta","status":"publish","type":"post","link":"https:\/\/www.europesays.com\/lv\/105646\/","title":{"rendered":"VIDEO \u27e9 K\u0101da ir jaunie\u0161u dz\u012bve R\u012bg\u0101? Jaunais skroderis Alisters k\u013c\u016bst par galveno varoni V\u0101cijas medija si\u017eet\u0101"},"content":{"rendered":"<p>&#8220;R\u012bg\u0101 ir tik daudz koku, parku, senas arhitekt\u016bras. <a href=\"https:\/\/www.apollo.lv\/term\/89749\/riga\" class=\"topicLink\" target=\"_blank\" rel=\"nofollow noopener\">R\u012bga<\/a> ir br\u012bni\u0161\u0137\u012bga vieta, kur\u0101 dz\u012bvot,&#8221; saka Alisters. &#8220;Deutsche Welle&#8221; vi\u0146\u0161 past\u0101sta, k\u0101 tas ir &#8211; b\u016bt pusaudzim R\u012bg\u0101. Lai par\u0101d\u012btu, k\u0101 dz\u012bvo \u012bsti r\u012bdzinieki, vi\u0146\u0161 \u017eurn\u0101listus ieaicina dz\u012bvokl\u012b, kur\u0101 dz\u012bvo kop\u0101 ar mammu, aizved uz m\u0101kslas skolu un iepaz\u012bstina ar saviem draugiem.<\/p>\n<p>Alistera sirdslieta ir \u0161\u016b\u0161ana. Vi\u0146\u0161 \u0161uj pats savu ap\u0123\u0113rbu, iedvesmojoties no pag\u0101ju\u0161\u0101 gadsimta 20. un 30. gadu stila. Si\u017eet\u0101 vi\u0146\u0161 past\u0101sta par uzvalku un bik\u0161u tap\u0161anas procesu un saviem iedvesmas avotiem. Vair\u0101k par Alistera nodarbo\u0161anos un ikdienu lasiet intervij\u0101 TVNET+.<\/p>\n<p>&#8220;Deutsche Welle&#8221; vi\u0146\u0161 atkl\u0101j v\u0113l vienu savu nodarbo\u0161anos: tautas dejas. &#8220;Tagad do\u0161os uz tautas deju m\u0113\u0123in\u0101jumu. T\u0101 ir \u013coti popul\u0101ra nodarbo\u0161an\u0101s Latvij\u0101. Nu, j\u016bs t\u016bl\u012bt redz\u0113siet,&#8221; saka Alisters.<\/p>\n<p>Vair\u0101k skaties si\u017eet\u0101!<\/p>\n","protected":false},"excerpt":{"rendered":"&#8220;R\u012bg\u0101 ir tik daudz koku, parku, senas arhitekt\u016bras. R\u012bga ir br\u012bni\u0161\u0137\u012bga vieta, kur\u0101 dz\u012bvot,&#8221; saka Alisters. &#8220;Deutsche Welle&#8221;&hellip;\n","protected":false},"author":2,"featured_media":105647,"comment_status":"","ping_status":"","sticky":false,"template":"","format":"standard","meta":{"footnotes":""},"categories":[5],"tags":[23,28,29,32,33,22,705,30,31,35,39,38,36,37,34,40,20,26,27,172,24,25,299,21],"class_list":{"0":"post-105646","1":"post","2":"type-post","3":"status-publish","4":"format-standard","5":"has-post-thumbnail","7":"category-aktualitates","8":"tag-aktualitates","9":"tag-breaking-news","10":"tag-breakingnews","11":"tag-featured-news","12":"tag-featurednews","13":"tag-headlines","14":"tag-jauniesi","15":"tag-latest-news","16":"tag-latestnews","17":"tag-latvia","18":"tag-latvian","19":"tag-latviesu","20":"tag-latviesu-valoda","21":"tag-latviesuvaloda","22":"tag-latvija","23":"tag-lv","24":"tag-news","25":"tag-popularakas-zinas","26":"tag-popularakaszinas","27":"tag-riga","28":"tag-top-stories","29":"tag-topstories","30":"tag-vacija","31":"tag-zinas"},"share_on_mastodon":{"url":"https:\/\/pubeurope.com\/@lv\/115899598369253091","error":""},"_links":{"self":[{"href":"https:\/\/www.europesays.com\/lv\/wp-json\/wp\/v2\/posts\/105646","targetHints":{"allow":["GET"]}}],"collection":[{"href":"https:\/\/www.europesays.com\/lv\/wp-json\/wp\/v2\/posts"}],"about":[{"href":"https:\/\/www.europesays.com\/lv\/wp-json\/wp\/v2\/types\/post"}],"author":[{"embeddable":true,"href":"https:\/\/www.europesays.com\/lv\/wp-json\/wp\/v2\/users\/2"}],"replies":[{"embeddable":true,"href":"https:\/\/www.europesays.com\/lv\/wp-json\/wp\/v2\/comments?post=105646"}],"version-history":[{"count":0,"href":"https:\/\/www.europesays.com\/lv\/wp-json\/wp\/v2\/posts\/105646\/revisions"}],"wp:featuredmedia":[{"embeddable":true,"href":"https:\/\/www.europesays.com\/lv\/wp-json\/wp\/v2\/media\/105647"}],"wp:attachment":[{"href":"https:\/\/www.europesays.com\/lv\/wp-json\/wp\/v2\/media?parent=105646"}],"wp:term":[{"taxonomy":"category","embeddable":true,"href":"https:\/\/www.europesays.com\/lv\/wp-json\/wp\/v2\/categories?post=105646"},{"taxonomy":"post_tag","embeddable":true,"href":"https:\/\/www.europesays.com\/lv\/wp-json\/wp\/v2\/tags?post=105646"}],"curies":[{"name":"wp","href":"https:\/\/api.w.org\/{rel}","templated":true}]}}