{"id":105653,"date":"2026-01-15T14:35:16","date_gmt":"2026-01-15T14:35:16","guid":{"rendered":"https:\/\/www.europesays.com\/lv\/105653\/"},"modified":"2026-01-15T14:35:16","modified_gmt":"2026-01-15T14:35:16","slug":"lielaka-dala-aptaujato-es-fondu-ieguldijumus-latvija-verte-ka-sekmigus","status":"publish","type":"post","link":"https:\/\/www.europesays.com\/lv\/105653\/","title":{"rendered":"Liel\u0101k\u0101 da\u013ca aptauj\u0101to ES fondu ieguld\u012bjumus Latvij\u0101 v\u0113rt\u0113 k\u0101 sekm\u012bgus"},"content":{"rendered":"<p>Liel\u0101k\u0101 da\u013ca jeb divas tre\u0161da\u013cas (66%) aptauj\u0101to Latvijas iedz\u012bvot\u0101ju Eiropas Savien\u012bbas (ES) fondu finans\u0113juma ieguld\u012b\u0161anu Latvij\u0101 v\u0113rt\u0113 k\u0101 sekm\u012bgu, t\u0101 secin\u0101ts jaun\u0101kaj\u0101 tirgus un soci\u0101lo p\u0113t\u012bjumu a\u0123ent\u016bras \u201cLatvijas Fakti\u201d veiktaj\u0101 p\u0113t\u012bjum\u0101 par iedz\u012bvot\u0101ju inform\u0113t\u012bbu un izpratni par ES fondiem 2025. gad\u0101. Sal\u012bdzin\u0101jum\u0101 ar iepriek\u0161\u0113jiem gadiem v\u0113rojams neliels, bet notur\u012bgs pieaugums \u2013 2024. gad\u0101 ES fondu ieguld\u012bjumus k\u0101 sekm\u012bgus v\u0113rt\u0113ja 65% aptauj\u0101to, savuk\u0101rt 2023. gad\u0101 62% respondentu.<\/p>\n<p>P\u0113t\u012bjuma dati apliecina, ka sabiedr\u012bbas inform\u0113t\u012bba par ES fondiem Latvij\u0101 ir augsta un stabila \u2013 gandr\u012bz visi aptauj\u0101tie ir inform\u0113ti (94%), ka Latvijai ir pieejami ES fondu l\u012bdzek\u013ci, un \u0161is r\u0101d\u012bt\u0101js virs 90% robe\u017eas saglab\u0101jas jau kop\u0161 2010. gada.<\/p>\n<p>Tr\u012bs ceturtda\u013cas jeb 74% aptaujas dal\u012bbnieku uzskata, ka ES fondu invest\u012bcijas pozit\u012bvi ietekm\u0113 Latvijas tautsaimniec\u012bbas un sabiedr\u012bbas att\u012bst\u012bbu. \u0160\u0101ds v\u0113rt\u0113jums saglab\u0101jas l\u012bdz\u012bg\u0101 l\u012bmen\u012b ar\u012b iepriek\u0161\u0113jos divos gados. Re\u0123ionu griezum\u0101 pozit\u012bv\u0101ks ES fondu ietekmes v\u0113rt\u0113jums v\u0113rojams Latgal\u0113, kur to atz\u012bst 88%, kam\u0113r R\u012bg\u0101 (75%) \u0161is r\u0101d\u012bt\u0101js ir zem\u0101ks, kas nor\u0101da uz fondu invest\u012bciju paman\u0101m\u012bbu un noz\u012bm\u012bbu re\u0123ion\u0101laj\u0101 att\u012bst\u012bb\u0101. P\u0113t\u012bjuma dati ar\u012b liecina, ka pozit\u012bv\u0101ks skat\u012bjums uz ES fondu ieguld\u012bjumiem bie\u017e\u0101k rakstur\u012bgs tiem iedz\u012bvot\u0101jiem, kuri kopum\u0101 nav negat\u012bvi noska\u0146oti par situ\u0101ciju valst\u012b un sav\u0101 dz\u012bv\u0113 \u2013 \u0161aj\u0101 respondentu grup\u0101 pozit\u012bvais ES fondu ietekmes v\u0113rt\u0113jums (89%) sasniedz \u012bpa\u0161i augstu l\u012bmeni.<\/p>\n<p>\u201cFakts, ka divas tre\u0161da\u013cas iedz\u012bvot\u0101ju ES fondu ieguld\u012bjumus Latvij\u0101 nemain\u012bgi v\u0113rt\u0113 k\u0101 sekm\u012bgus, apliecina, ka invest\u012bcijas ir m\u0113r\u0137tiec\u012bgas un sabiedr\u012bbai saprotamas. Vienlaikus p\u0113t\u012bjuma rezult\u0101ti sniedz atgriezenisko saiti, kas \u013cauj v\u0113l prec\u012bz\u0101k fokus\u0113t ieguld\u012bjumus, \u012bpa\u0161i uzs\u0101kot darbu pie jaun\u0101 2028.\u20132034.\u00a0gada perioda pl\u0101no\u0161anas. T\u0101pat ar\u012b dod impulsu stiprin\u0101t komunik\u0101ciju par ieguvumiem, ko Latvijas iedz\u012bvot\u0101ji jau \u0161obr\u012bd var izjust no 2021.\u20132027. gada perioda ES fondu invest\u012bcij\u0101m un kas n\u0101kamajos gados k\u013c\u016bs v\u0113l pla\u0161\u0101kas un redzam\u0101kas, piem\u0113ram, uz\u0146\u0113m\u0113jdarb\u012bbas un inov\u0101ciju att\u012bst\u012bb\u0101, m\u0101jok\u013cu energoefektivit\u0101tes uzlabo\u0161an\u0101, videi draudz\u012bgas mobilit\u0101tes att\u012bst\u012bb\u0101 un daudz\u0101s cit\u0101s jom\u0101s,\u201d\u00a0nor\u0101da valsts sekret\u0101res vietnieks ES fondu jaut\u0101jumos Armands Eberhards.<\/p>\n<p>Iedz\u012bvot\u0101ju inform\u0113t\u012bba par ES fondu ieguld\u012bjumiem nav tikai visp\u0101r\u012bga \u2013 par vismaz vienu konkr\u0113tu projektu, kas \u012bstenots ar ES fondu atbalstu, 2025. gad\u0101 ir dzird\u0113ju\u0161as divas tre\u0161da\u013cas jeb 67% aptauj\u0101to. Sal\u012bdzin\u0101jum\u0101 ar iepriek\u0161\u0113jiem diviem gadiem, \u0161is r\u0101d\u012bt\u0101js ir saglab\u0101jies stabils \u2013 2024. gad\u0101 tas bija 66%, bet 2023. gad\u0101 \u2013 69%. Ilg\u0101k\u0101 laika posm\u0101 visatpaz\u012bstam\u0101kie joproj\u0101m ir ce\u013cu un transporta sist\u0113mas sak\u0101rto\u0161anas projekti, kam 2025. gad\u0101 seko Zemkop\u012bbas ministrijas p\u0101rzi\u0146\u0101 eso\u0161\u0101 lauksaimniec\u012bbas un lauku att\u012bst\u012bbas joma, kult\u016brv\u0113sturisko objektu atjauno\u0161ana, vides sak\u0101rto\u0161ana un t\u016brisms, k\u0101 ar\u012b soci\u0101l\u0101s infrastrukt\u016bras \u2013 vesel\u012bbas, soci\u0101l\u0101s apr\u016bpes un izgl\u012bt\u012bbas iest\u0101\u017eu \u2013 moderniz\u0101cija.<\/p>\n<p>Vienlaikus vair\u0101k nek\u0101 puse aptauj\u0101to atz\u012bst, ka ES fondu invest\u012bciju sniegtos ieguvumus ir izjutu\u0161i ar\u012b sav\u0101 ikdien\u0101, piem\u0113ram, uzlabot\u0101 infrastrukt\u016br\u0101 vai publiskajos pakalpojumos, kas liecina, ka ES fondu projektu rezult\u0101ti sabiedr\u012bbai ir ne tikai zin\u0101mi, bet ar\u012b praktiski pieredz\u0113ti.<\/p>\n<p>K\u0101 noz\u012bm\u012bg\u0101kie inform\u0101cijas avoti par ES fondu izmanto\u0161anu Latvij\u0101 joproj\u0101m domin\u0113 nacion\u0101l\u0101 telev\u012bzija (50%), atbild\u012bgo instit\u016bciju soci\u0101lo mediju konti (37%) un radio (32%). Savuk\u0101rt iedz\u012bvot\u0101ji, kuri akt\u012bvi mekl\u0113ju\u0161i inform\u0101ciju par ES fondu iesp\u0113j\u0101m, par galveno inform\u0101cijas avotu visbie\u017e\u0101k izmantoju\u0161i t\u012bmek\u013cvietni\u00a0<a href=\"http:\/\/www.esfondi.lv\/\" target=\"_blank\" rel=\"nofollow noopener\">www.esfondi.lv<\/a>.<\/p>\n<p>Finan\u0161u ministrija (FM) \u00a0izv\u0113rt\u0113s un \u0146ems v\u0113r\u0101 sabiedrisk\u0101s domas aptaujas respondentu sniegtos priek\u0161likumus ES fondu ievie\u0161anas uzlabo\u0161anai. Jau zi\u0146ots, ka FM kop\u0101 ar Centr\u0101lo finan\u0161u un l\u012bgumu a\u0123ent\u016bru (CFLA) turpina darbu, lai mazin\u0101tu administrat\u012bvo slogu projektu \u012bsteno\u0161an\u0101.\u00a0K\u0101 strat\u0113\u0123iski svar\u012bgs uzdevums 2026. gad\u0101 iez\u012bm\u0113ta CFLA lomas nostiprin\u0101\u0161ana k\u0101 klientorient\u0113tam un atbalsto\u0161am sadarb\u012bbas partnerim projektu \u012bstenot\u0101jiem. Tas noz\u012bm\u0113 liel\u0101ku atbalstu un uztic\u0113\u0161anos projektu iesniedz\u0113jiem un finans\u0113juma sa\u0146\u0113m\u0113jiem, pla\u0161\u0101kas konsult\u0101ciju aktivit\u0101tes un individu\u0101lu pieeju neskaidru situ\u0101ciju risin\u0101\u0161an\u0101.<\/p>\n<p>Vienlaikus sabiedr\u012bba ar\u012b turpm\u0101k aicin\u0101ta iesniegt priek\u0161likumus birokr\u0101tijas mazin\u0101\u0161anai FM t\u012bmek\u013cvietnes sada\u013c\u0101\u00a0<a href=\"https:\/\/www.fm.gov.lv\/lv\/birokratijas-mazinasana-es-fondu-joma\" target=\"_blank\" rel=\"nofollow noopener\">\u201cBirokr\u0101tijas mazin\u0101\u0161ana\u201d<\/a>, kur apkopota inform\u0101cija ar\u012b par l\u012bdz \u0161im ES fondu vienk\u0101r\u0161o\u0161an\u0101 paveikto.<\/p>\n<p><a href=\"https:\/\/www.esfondi.lv\/profesionaliem\/izvertesana\/sabiedribas-informetiba\/2021-2027-gada-planosanas-periods\" target=\"_blank\" rel=\"nofollow noopener\">Sabiedrisk\u0101s domas p\u0113t\u012bjumu FM pas\u016bt\u012bjum\u0101 2025. gad\u0101<\/a>\u00a0veica tirgus un soci\u0101lo p\u0113t\u012bjumu a\u0123ent\u016bra \u201cLatvijas Fakti\u201d, aptauj\u0101jot 1000 Latvijas past\u0101v\u012bgos iedz\u012bvot\u0101jus vecum\u0101 no 18 l\u012bdz 74 gadiem vis\u0101 Latvij\u0101.<\/p>\n<p>          <img decoding=\"async\" src=\"https:\/\/www.europesays.com\/lv\/wp-content\/uploads\/2026\/01\/1768467666_223_logo-lv.png\" alt=\"\"\/><\/p>\n<p>                  \u0160\u012b inform\u0101cija ir publisks pazi\u0146ojums un neatspogu\u013co LV port\u0101la viedokli. Par t\u0101s saturu atbild ies\u016bt\u012bt\u0101js. <a data-popup=\"rules\">Public\u0113\u0161anas noteikumi<\/a><\/p>\n","protected":false},"excerpt":{"rendered":"Liel\u0101k\u0101 da\u013ca jeb divas tre\u0161da\u013cas (66%) aptauj\u0101to Latvijas iedz\u012bvot\u0101ju Eiropas Savien\u012bbas (ES) fondu finans\u0113juma ieguld\u012b\u0161anu Latvij\u0101 v\u0113rt\u0113 k\u0101&hellip;\n","protected":false},"author":2,"featured_media":95583,"comment_status":"","ping_status":"","sticky":false,"template":"","format":"standard","meta":{"footnotes":""},"categories":[12],"tags":[23,28,29,32,33,22,30,31,35,39,38,36,37,34,40,20,26,27,24,25,21],"class_list":{"0":"post-105653","1":"post","2":"type-post","3":"status-publish","4":"format-standard","5":"has-post-thumbnail","7":"category-latvija","8":"tag-aktualitates","9":"tag-breaking-news","10":"tag-breakingnews","11":"tag-featured-news","12":"tag-featurednews","13":"tag-headlines","14":"tag-latest-news","15":"tag-latestnews","16":"tag-latvia","17":"tag-latvian","18":"tag-latviesu","19":"tag-latviesu-valoda","20":"tag-latviesuvaloda","21":"tag-latvija","22":"tag-lv","23":"tag-news","24":"tag-popularakas-zinas","25":"tag-popularakaszinas","26":"tag-top-stories","27":"tag-topstories","28":"tag-zinas"},"share_on_mastodon":{"url":"https:\/\/pubeurope.com\/@lv\/115899618008053598","error":""},"_links":{"self":[{"href":"https:\/\/www.europesays.com\/lv\/wp-json\/wp\/v2\/posts\/105653","targetHints":{"allow":["GET"]}}],"collection":[{"href":"https:\/\/www.europesays.com\/lv\/wp-json\/wp\/v2\/posts"}],"about":[{"href":"https:\/\/www.europesays.com\/lv\/wp-json\/wp\/v2\/types\/post"}],"author":[{"embeddable":true,"href":"https:\/\/www.europesays.com\/lv\/wp-json\/wp\/v2\/users\/2"}],"replies":[{"embeddable":true,"href":"https:\/\/www.europesays.com\/lv\/wp-json\/wp\/v2\/comments?post=105653"}],"version-history":[{"count":0,"href":"https:\/\/www.europesays.com\/lv\/wp-json\/wp\/v2\/posts\/105653\/revisions"}],"wp:featuredmedia":[{"embeddable":true,"href":"https:\/\/www.europesays.com\/lv\/wp-json\/wp\/v2\/media\/95583"}],"wp:attachment":[{"href":"https:\/\/www.europesays.com\/lv\/wp-json\/wp\/v2\/media?parent=105653"}],"wp:term":[{"taxonomy":"category","embeddable":true,"href":"https:\/\/www.europesays.com\/lv\/wp-json\/wp\/v2\/categories?post=105653"},{"taxonomy":"post_tag","embeddable":true,"href":"https:\/\/www.europesays.com\/lv\/wp-json\/wp\/v2\/tags?post=105653"}],"curies":[{"name":"wp","href":"https:\/\/api.w.org\/{rel}","templated":true}]}}