{"id":105657,"date":"2026-01-15T14:38:20","date_gmt":"2026-01-15T14:38:20","guid":{"rendered":"https:\/\/www.europesays.com\/lv\/105657\/"},"modified":"2026-01-15T14:38:20","modified_gmt":"2026-01-15T14:38:20","slug":"kaut-ari-ara-valda-ziema-forget-the-winter-ventspili-pulce-vairak-neka-100-komandu","status":"publish","type":"post","link":"https:\/\/www.europesays.com\/lv\/105657\/","title":{"rendered":"Kaut ar\u012b \u0101r\u0101 valda ziema, \u201cForget the Winter Ventspil\u012b\u201d pulc\u0113 vair\u0101k nek\u0101 100 komandu"},"content":{"rendered":"<p>Vakar, 14. janv\u0101r\u012b, Ventspil\u012b, olimpisk\u0101 centra \u201cVentspils\u201d basketbola hall\u0113 un vieglatl\u0113tikas man\u0113\u017e\u0101, norisin\u0101j\u0101s \u201cForget the Winter Ventspil\u012b\u201d \u2013 pirmais \u201cGhetto Games\u201d ziemas pas\u0101kums v\u0113stur\u0113, kas notika \u0101rpus R\u012bgas. Tas pulc\u0113ja vair\u0101k nek\u0101 100 komandu un teju 1000 apmekl\u0113t\u0101ju, apliecinot, ka ielu sporta kult\u016bra veiksm\u012bgi iedz\u012bvojas ar\u012b re\u0123ionos.<\/p>\n<p>Pas\u0101kuma laik\u0101 Ventspils k\u013cuva par ziemas ielu sporta centru, kur vienuviet satik\u0101s futbols, basketbols un pla\u0161a aktivit\u0101\u0161u programma skat\u012bt\u0101jiem. \u201cForget the Winter\u201d koncepts pier\u0101d\u012bja, ka ar\u012b aukstaj\u0101 sezon\u0101 iesp\u0113jams rad\u012bt dinamisku, daudzveid\u012bgu un iek\u013caujo\u0161u sporta notikumu.<\/p>\n<p>Pas\u0101kumus tika veidots sadarb\u012bb\u0101 ar B\u0113rnu aizsardz\u012bbas centru ESF+ l\u012bdzfinans\u0113t\u0101 projekta Nr. 4.3.6.5\/1\/24\/I\/001 \u201cAtbalsta pas\u0101kumi b\u0113rniem ar uzved\u012bbas un atkar\u012bbu probl\u0113m\u0101m un to \u0123imen\u0113m\u201d ietvaros, kas rais\u012bja lielu interesi jaunie\u0161u vid\u016b un rezult\u0113j\u0101s ar iev\u0113rojamu komandu skaitu. <\/p>\n<p>Spraigs duelis fin\u0101los norisin\u0101j\u0101s ar\u012b vec\u0101kaj\u0101 grup\u0101. Futbol\u0101 par uzvar\u0113t\u0101jiem k\u013cuva komanda \u201cPace\u201d, kas fin\u0101l\u0101 piek\u0101p\u0101s komandai \u201cJaun\u0101 Revija\u201d, ko veidoja \u201cGhetto\u201d tehniskie darbinieki. Savuk\u0101rt basketbola \u010dempionu kauss \u0161oreiz palika m\u0101j\u0101s Ventspil\u012b \u2013 par uzvar\u0113t\u0101jiem k\u013cuva komanda \u201cTestosterons\u201d, kas fin\u0101lsp\u0113l\u0113 p\u0101rsp\u0113ja R\u012bgas komandu \u201cTallinas kvart\u0101ls\u201d.<\/p>\n<p>Ta\u010du \u201cForget the Winter\u201d nebija pas\u0101kums tikai sportistiem. Apmekl\u0113t\u0101jiem bija iesp\u0113ja izm\u0113\u0123in\u0101t sevi sp\u0113ka un veikl\u012bbas uzdevumos, k\u0101 ar\u012b piedal\u012bties ment\u0101l\u0101s vesel\u012bbas \u201ccheck-up\u201d test\u0101. Pas\u0101kuma laik\u0101 notika ar\u012b live podk\u0101sts, un \u012bpa\u0161i interesi izrais\u012bja basketbola sp\u0113l\u0113t\u0101ju Bryant Thomas un Art\u016bra Aus\u0113ja pieredzes st\u0101sti. Jau dr\u012bzum\u0101 \u0161\u012bs sarunas b\u016bs dzirdamas ar\u012b \u201cGhetto TV\u201d YouTube kont\u0101. <\/p>\n<p>\u201cForget the Winter\u201d Ventspil\u012b apliecin\u0101ja, ka \u201cGhetto Games\u201d\u00a0form\u0101ts veiksm\u012bgi iedz\u012bvojas ar\u012b ziem\u0101, radot jaunu trad\u012bciju un pier\u0101dot \u2013 ielu sporta gars nebaid\u0101s no aukstuma. Ta\u010du ar \u0161o \u201cGhetto Games\u201d ziemas sezona nenosl\u0113dzas, un n\u0101kamie pas\u0101kumi pl\u0101noti jau 18. febru\u0101r\u012b R\u0113zekn\u0113 un 18. mart\u0101 J\u0113kabpil\u012b.<\/p>\n<p>          <img decoding=\"async\" src=\"https:\/\/www.europesays.com\/lv\/wp-content\/uploads\/2026\/01\/1768467666_223_logo-lv.png\" alt=\"\"\/><\/p>\n<p>                  \u0160\u012b inform\u0101cija ir publisks pazi\u0146ojums un neatspogu\u013co LV port\u0101la viedokli. Par t\u0101s saturu atbild ies\u016bt\u012bt\u0101js. <a data-popup=\"rules\">Public\u0113\u0161anas noteikumi<\/a><\/p>\n","protected":false},"excerpt":{"rendered":"Vakar, 14. janv\u0101r\u012b, Ventspil\u012b, olimpisk\u0101 centra \u201cVentspils\u201d basketbola hall\u0113 un vieglatl\u0113tikas man\u0113\u017e\u0101, norisin\u0101j\u0101s \u201cForget the Winter Ventspil\u012b\u201d \u2013&hellip;\n","protected":false},"author":2,"featured_media":105658,"comment_status":"","ping_status":"","sticky":false,"template":"","format":"standard","meta":{"footnotes":""},"categories":[17],"tags":[35,39,38,36,37,34,40,67],"class_list":{"0":"post-105657","1":"post","2":"type-post","3":"status-publish","4":"format-standard","5":"has-post-thumbnail","7":"category-sports","8":"tag-latvia","9":"tag-latvian","10":"tag-latviesu","11":"tag-latviesu-valoda","12":"tag-latviesuvaloda","13":"tag-latvija","14":"tag-lv","15":"tag-sports"},"share_on_mastodon":{"url":"https:\/\/pubeurope.com\/@lv\/115899629800031364","error":""},"_links":{"self":[{"href":"https:\/\/www.europesays.com\/lv\/wp-json\/wp\/v2\/posts\/105657","targetHints":{"allow":["GET"]}}],"collection":[{"href":"https:\/\/www.europesays.com\/lv\/wp-json\/wp\/v2\/posts"}],"about":[{"href":"https:\/\/www.europesays.com\/lv\/wp-json\/wp\/v2\/types\/post"}],"author":[{"embeddable":true,"href":"https:\/\/www.europesays.com\/lv\/wp-json\/wp\/v2\/users\/2"}],"replies":[{"embeddable":true,"href":"https:\/\/www.europesays.com\/lv\/wp-json\/wp\/v2\/comments?post=105657"}],"version-history":[{"count":0,"href":"https:\/\/www.europesays.com\/lv\/wp-json\/wp\/v2\/posts\/105657\/revisions"}],"wp:featuredmedia":[{"embeddable":true,"href":"https:\/\/www.europesays.com\/lv\/wp-json\/wp\/v2\/media\/105658"}],"wp:attachment":[{"href":"https:\/\/www.europesays.com\/lv\/wp-json\/wp\/v2\/media?parent=105657"}],"wp:term":[{"taxonomy":"category","embeddable":true,"href":"https:\/\/www.europesays.com\/lv\/wp-json\/wp\/v2\/categories?post=105657"},{"taxonomy":"post_tag","embeddable":true,"href":"https:\/\/www.europesays.com\/lv\/wp-json\/wp\/v2\/tags?post=105657"}],"curies":[{"name":"wp","href":"https:\/\/api.w.org\/{rel}","templated":true}]}}