{"id":105662,"date":"2026-01-15T14:42:10","date_gmt":"2026-01-15T14:42:10","guid":{"rendered":"https:\/\/www.europesays.com\/lv\/105662\/"},"modified":"2026-01-15T14:42:10","modified_gmt":"2026-01-15T14:42:10","slug":"foto-un-vizualizacijas-uzsaks-latvijas-onkologijas-centra-parbuvi","status":"publish","type":"post","link":"https:\/\/www.europesays.com\/lv\/105662\/","title":{"rendered":"FOTO un VIZUALIZ\u0100CIJAS: Uzs\u0101ks Latvijas Onkolo\u0123ijas centra p\u0101rb\u016bvi"},"content":{"rendered":"<p>LOC p\u0101rb\u016bve ir v\u0113l viens solis RAKUS N\u0101kotnes slimn\u012bcas koncepta \u012bsteno\u0161an\u0101, kas balst\u0101s uz pacientcentr\u0113tu, dro\u0161u un integr\u0113tu \u0101rstniec\u012bbu, kur kl\u012bniskie procesi, tehnolo\u0123ijas un infrastrukt\u016bra ir savstarp\u0113ji saska\u0146oti, lai nodro\u0161in\u0101tu augst\u0101ko \u0101rst\u0113\u0161anas kvalit\u0101ti. Tas paredz ar\u012b ilgtsp\u0113j\u012bgu un profesion\u0101li atbalsto\u0161u darba vidi medi\u0137iem, kas \u013cauj pilnv\u0113rt\u012bgi \u012bstenot m\u016bsdienu medic\u012bnas iesp\u0113jas.<\/p>\n<p>\u201cValsts liel\u0101k\u0101 onkolo\u0123ijas \u0101rstniec\u012bbas centra att\u012bst\u012bba ir strat\u0113\u0123iska priorit\u0101te ne tikai Austrumu slimn\u012bcai, bet visai valstij. Turkl\u0101t \u012bpa\u0161i b\u016btisks \u0161is p\u0101rb\u016bves process ir Austrumu slimn\u012bc\u0101 izveidot\u0101 \u201cLatvijas V\u0113\u017ea centra\u201d akredit\u0101cijas kontekst\u0101. M\u016bsu m\u0113r\u0137is ir skaidrs: nodro\u0161in\u0101t, lai ar\u012b p\u0101rb\u016bves laik\u0101 \u0101rst\u0113\u0161anas procesi tiktu nodro\u0161in\u0101ti nep\u0101rtraukti un piln\u0101 apm\u0113r\u0101, bet n\u0101kotn\u0113 \u2014 lai Austrumu slimn\u012bcas \u201cLatvijas Onkolo\u0123ijas centrs\u201d k\u013c\u016btu par modernu Eiropas l\u012bme\u0146a vidi, kas atbilst m\u016bsu pacientu vajadz\u012bb\u0101m un m\u016bsu medi\u0137u visaugst\u0101k\u0101 l\u012bme\u0146a sp\u0113j\u0101m un profesionalit\u0101tei,\u201d akcent\u0113ja RAKUS valdes loceklis\u00a0Vadims Be\u013cuns.<\/p>\n<p>LOC galvenais \u0101rsts\u00a0Andrejs P\u010dolkins\u00a0atzina, ka LOC pulc\u0113 sp\u0113c\u012bgus speci\u0101listus ar augsta l\u012bme\u0146a zin\u0101\u0161an\u0101m, kas veido multidisciplin\u0101ras komandas un nodro\u0161ina pacientiem m\u016bsdien\u012bgu un kvalitat\u012bvu apr\u016bpi, ta\u010du infrastrukt\u016bra ir novecojusi un telpas vairs neatbilst m\u016bsdienu krit\u0113rijiem. Jau vair\u0101k nek\u0101 10 gadu gan medi\u0137i, gan pacienti, gan pacientu organiz\u0101cijas ir nor\u0101d\u012bju\u0161as un aicin\u0101ju\u0161as atbild\u012bg\u0101s strukt\u016bras, politi\u0137us un vad\u012bbu \u012bstenot telpu rekonstrukciju.\u00a0<\/p>\n<blockquote>\n<p>\u0160odien varam dro\u0161i teikt \u2013 \u0161is ir l\u016bzuma punkts un b\u016btisks p\u0101rmai\u0146u br\u012bdis visam \u201cLatvijas Onkolo\u0123ijas centram\u201d. P\u0101rb\u016bvei pie\u0161\u0137irtais finans\u0113jums noz\u012bm\u0113, ka pacientu un medi\u0137u cer\u012bbas, k\u0101 ar\u012b atbild\u012bgo instit\u016bciju sol\u012bjumi p\u0101rtop re\u0101los darbos. Tagad m\u0113s raug\u0101mies n\u0101kotn\u0113 ar cer\u012bbu uz m\u016bsdien\u012bgu, funkcion\u0101lu un pacientu vajadz\u012bb\u0101m atbilsto\u0161u vidi. Telpas ar savu mikroklimatu neatkar\u012bgi no laikapst\u0101k\u013ciem, ar modernu ventil\u0101cijas sist\u0113mu un infekciju izol\u0101ciju, k\u0101 ar\u012b pras\u012bb\u0101m atbilsto\u0161a, gai\u0161a un komfortabla vide \u013caus nodro\u0161in\u0101t augstv\u0113rt\u012bg\u0101ku apr\u016bpi pacientiem un vienlaikus rad\u012bs iev\u0113rojami pat\u012bkam\u0101kus darba apst\u0101k\u013cus person\u0101lam,\u201d teica A. P\u010dolkins.<\/p>\n<\/blockquote>\n<p>LOC p\u0101rb\u016bves ietvaros notiek v\u0113rien\u012bg\u0101ks p\u0101rcel\u0161an\u0101s process \u2013 RAKUS jau laikus veikti visi nepiecie\u0161amie priek\u0161darbi, lai maksim\u0101li \u0101tri nodro\u0161in\u0101tu noda\u013cu un pacientu p\u0101rcel\u0161anos no LOC uz renov\u0113to stacion\u0101ra \u201cGai\u013cezers\u201d 9. korpusu un b\u016btu iesp\u0113jams uzs\u0101kt p\u0101rb\u016bves darbus. Austrumu slimn\u012bcas galvenais uzdevums \u0161aj\u0101 laik\u0101 b\u016bs pacientu \u0101rstniec\u012bbas un apr\u016bpes nep\u0101rtraukt\u012bbas nodro\u0161in\u0101\u0161ana. Tas noz\u012bm\u0113, ka pacienti ar\u012b p\u0101rb\u016bves laik\u0101 sa\u0146ems visu nepiecie\u0161amo \u0101rst\u0113\u0161anu, izmekl\u0113jumus un konsult\u0101cijas.<\/p>\n<p>K\u0101 uzsver RAKUS valdes loceklis\u00a0Kaspars Pl\u016bme, LOC p\u0101rb\u016bve ir viens no sare\u017e\u0123\u012bt\u0101kajiem un atbild\u012bg\u0101kajiem b\u016bvniec\u012bbas projektiem vesel\u012bbas apr\u016bp\u0113 p\u0113d\u0113jo gadu laik\u0101.<\/p>\n<blockquote>\n<p>Projekta komplic\u0113t\u012bbu nosaka ne tikai pats p\u0101rb\u016bves process, bet ar\u012b liela m\u0113roga p\u0101rcel\u0161an\u0101s, jo \u2013 lai centru var\u0113tu p\u0101rb\u016bv\u0113t, pacienti, noda\u013cas un oper\u0101ciju z\u0101les ir j\u0101p\u0101rvieto uz dro\u0161\u0101m un komfortabl\u0101m telp\u0101m, nodro\u0161inot \u0101rst\u0113\u0161anas un apr\u016bpes nep\u0101rtraukt\u012bbu. Pateicoties savlaic\u012bgai pl\u0101no\u0161anai, LOC p\u0101rb\u016bves period\u0101 noda\u013c\u0101m un pacientiem b\u016bs dro\u0161i pagaidu apst\u0101k\u013ci pag\u0101ju\u0161ogad atjaunotaj\u0101s un moderniz\u0113taj\u0101s stacion\u0101ra \u201cGai\u013cezers\u201d 9. korpusa telp\u0101s, turpinot sniegt visus pakalpojumus \u2013 konsult\u0101cijas, izmekl\u0113jumus, \u0137\u012bmijterapiju, staru terapiju un \u0101rst\u0113\u0161anu stacion\u0101ros,&#8221; vi\u0146\u0161 teica.<\/p>\n<\/blockquote>\n<p>Uz stacion\u0101ra \u201cGai\u013cezers\u201d oper\u0101ciju bloku tiks p\u0101rceltas visas onkolo\u0123isk\u0101s oper\u0101cijas.<\/p>\n<p>Iepirkum\u0101 par LOC \u0113kas \u0101rstniec\u012bbas noda\u013cu un koplieto\u0161anas telpu p\u0101rb\u016bvi par saimnieciski izdev\u012bg\u0101ko ir atz\u012bts pieg\u0101d\u0101t\u0101ju apvien\u012bbas \u201dNewcom-Citrus\u201d iesniegtais pied\u0101v\u0101jumu, kura kop\u0113j\u0101 pied\u0101v\u0101t\u0101 visu darbu l\u012bgumcena, ietverot ar\u012b oper\u0101ciju z\u0101les p\u0101rb\u016bvi, ir 52,6 miljoni eiro bez PVN. \u201cM\u016bsu komanda LOC p\u0101rb\u016bves projektu uztver ar \u013coti lielu atbild\u012bbu \u2013 k\u0101 ilgtermi\u0146a ieguld\u012bjumu Latvijas vesel\u012bbas apr\u016bp\u0113, ne tikai l\u012bguma izpildi. Darbi tiks veikti akt\u012bv\u0101 slimn\u012bcas vid\u0113, t\u0101p\u0113c \u012bpa\u0161u uzman\u012bbu piev\u0113rs\u012bsim prec\u012bzai darbu pl\u0101no\u0161anai, termi\u0146u iev\u0113ro\u0161anai, dro\u0161\u012bbai un cie\u0161ai sadarb\u012bbai ar slimn\u012bcas person\u0101lu. Ar \u0161o projektu mums ir iesp\u0113ja k\u0101rt\u0113jo reizi apliecin\u0101t uz\u0146\u0113muma kompetenci sare\u017e\u0123\u012btu, sabiedriski noz\u012bm\u012bgu infrastrukt\u016bras projektu \u012bsteno\u0161an\u0101, \u0161oreiz \u2013 medic\u012bnas jom\u0101,\u201d \u2013 t\u0101 SIA \u201cCitrus Solutions\u201d valdes priek\u0161s\u0113d\u0113t\u0101js\u00a0D\u0101vis Eniks.<\/p>\n<p>LOC vid\u0113ji dien\u0101 stacion\u0101ri tiek \u0101rst\u0113ti 335 pacienti, un kop\u0113jais nodarbin\u0101to skaits p\u0101rsniedz 900 cilv\u0113ku, kuri visi b\u016bs iesaist\u012bti \u0161ajos p\u0101rmai\u0146u procesos. Paredzams, ka LOC noda\u013cu p\u0101rcel\u0161an\u0101s process ilgs aptuveni se\u0161us m\u0113ne\u0161us, p\u0101rb\u016bves darbi tiks uzs\u0101kti 2026. gada otraj\u0101 pus\u0113, savuk\u0101rt LOC p\u0101rb\u016bves darbus pl\u0101nots pabeigt 2028. gada pirmaj\u0101 pus\u0113. Telpu nodo\u0161ana ekspluat\u0101cij\u0101 pl\u0101nota pak\u0101peniski: vispirms tiks pabeigti darbi oper\u0101ciju blok\u0101 un intens\u012bv\u0101s terapijas noda\u013c\u0101 un p\u0113c tam \u2013 stacion\u0101ra noda\u013cu telp\u0101s.<\/p>\n<blockquote>\n<p>RAKUS nodro\u0161in\u0101s regul\u0101ru inform\u0101ciju par projekta att\u012bst\u012bbu un katru p\u0101rb\u016bves posmu \u2014 noda\u013cu p\u0101rcel\u0161anos, organizatorisk\u0101m izmai\u0146\u0101m un darbu norisi. Pacienti un tuvinieki sa\u0146ems nepiecie\u0161amo inform\u0101ciju slimn\u012bcas m\u0101jaslap\u0101, soci\u0101lajos medijos un kl\u0101tien\u0113.<\/p>\n<\/blockquote>\n<p>LOC p\u0101rb\u016bves vizualiz\u0101cijas<\/p>\n","protected":false},"excerpt":{"rendered":"LOC p\u0101rb\u016bve ir v\u0113l viens solis RAKUS N\u0101kotnes slimn\u012bcas koncepta \u012bsteno\u0161an\u0101, kas balst\u0101s uz pacientcentr\u0113tu, dro\u0161u un integr\u0113tu&hellip;\n","protected":false},"author":2,"featured_media":105663,"comment_status":"","ping_status":"","sticky":false,"template":"","format":"standard","meta":{"footnotes":""},"categories":[5],"tags":[23,28,29,32,33,22,30,31,35,39,38,36,37,34,40,20,26,27,24,25,21],"class_list":{"0":"post-105662","1":"post","2":"type-post","3":"status-publish","4":"format-standard","5":"has-post-thumbnail","7":"category-aktualitates","8":"tag-aktualitates","9":"tag-breaking-news","10":"tag-breakingnews","11":"tag-featured-news","12":"tag-featurednews","13":"tag-headlines","14":"tag-latest-news","15":"tag-latestnews","16":"tag-latvia","17":"tag-latvian","18":"tag-latviesu","19":"tag-latviesu-valoda","20":"tag-latviesuvaloda","21":"tag-latvija","22":"tag-lv","23":"tag-news","24":"tag-popularakas-zinas","25":"tag-popularakaszinas","26":"tag-top-stories","27":"tag-topstories","28":"tag-zinas"},"share_on_mastodon":{"url":"https:\/\/pubeurope.com\/@lv\/115899645461653240","error":""},"_links":{"self":[{"href":"https:\/\/www.europesays.com\/lv\/wp-json\/wp\/v2\/posts\/105662","targetHints":{"allow":["GET"]}}],"collection":[{"href":"https:\/\/www.europesays.com\/lv\/wp-json\/wp\/v2\/posts"}],"about":[{"href":"https:\/\/www.europesays.com\/lv\/wp-json\/wp\/v2\/types\/post"}],"author":[{"embeddable":true,"href":"https:\/\/www.europesays.com\/lv\/wp-json\/wp\/v2\/users\/2"}],"replies":[{"embeddable":true,"href":"https:\/\/www.europesays.com\/lv\/wp-json\/wp\/v2\/comments?post=105662"}],"version-history":[{"count":0,"href":"https:\/\/www.europesays.com\/lv\/wp-json\/wp\/v2\/posts\/105662\/revisions"}],"wp:featuredmedia":[{"embeddable":true,"href":"https:\/\/www.europesays.com\/lv\/wp-json\/wp\/v2\/media\/105663"}],"wp:attachment":[{"href":"https:\/\/www.europesays.com\/lv\/wp-json\/wp\/v2\/media?parent=105662"}],"wp:term":[{"taxonomy":"category","embeddable":true,"href":"https:\/\/www.europesays.com\/lv\/wp-json\/wp\/v2\/categories?post=105662"},{"taxonomy":"post_tag","embeddable":true,"href":"https:\/\/www.europesays.com\/lv\/wp-json\/wp\/v2\/tags?post=105662"}],"curies":[{"name":"wp","href":"https:\/\/api.w.org\/{rel}","templated":true}]}}