{"id":105664,"date":"2026-01-15T14:44:06","date_gmt":"2026-01-15T14:44:06","guid":{"rendered":"https:\/\/www.europesays.com\/lv\/105664\/"},"modified":"2026-01-15T14:44:06","modified_gmt":"2026-01-15T14:44:06","slug":"steinbergs-un-manreza-spanijas-liga-piedzivo-dramatiskas-beigas-gandriz-izsejot-25-punktu-parsvaru-lente-lv","status":"publish","type":"post","link":"https:\/\/www.europesays.com\/lv\/105664\/","title":{"rendered":"\u0160teinbergs un &#8220;Manreza&#8221; Sp\u0101nijas l\u012bg\u0101 piedz\u012bvo dramatiskas beigas, gandr\u012bz izs\u0113jot 25 punktu p\u0101rsvaru\u00a0\u2014\u00a0Lente.lv"},"content":{"rendered":"<p>Sp\u0101nijas ACB l\u012bg\u0101 notikumiem bag\u0101ts duelis<\/p>\n<p>Sp\u0101nijas ACB l\u012bg\u0101 aizvad\u012bta sp\u0113le, kur\u0101 Latvijas basketbolistu M\u0101rcim \u0160teinbergam un Art\u016bram Kurucam p\u0101rst\u0101v\u0113t\u0101s komandas tik\u0101s sav\u0101 starp\u0101. M\u0101rcis \u0160teinbergs un vi\u0146a p\u0101rst\u0101v\u0113t\u0101 \u201cManreza\u201d izc\u012bn\u012bja uzvaru p\u0101r Art\u016bra Kuruca p\u0101rst\u0101v\u0113to Lugo \u201cBreog\u00e1n\u201d ar rezult\u0101tu 104:99. Lai gan sp\u0113les gait\u0101 \u201cManreza\u201d ieguva iespaid\u012bgu 61:36 p\u0101rsvaru, otraj\u0101 puslaik\u0101 notika dramatiskas izmai\u0146as, kas gandr\u012bz noveda pie zaud\u0113juma.<\/p>\n<p>Iespaid\u012bgs p\u0101rsvars un negaid\u012bts pav\u0113rsiens<\/p>\n<p>Katalonijas klubs \u201cManreza\u201d demonstr\u0113ja \u013coti p\u0101rliecino\u0161u sniegumu sp\u0113les s\u0101kum\u0101, sp\u0113jot sasniegt pat 25 punktu p\u0101rsvaru (61:36). \u0160\u0101ds rezult\u0101ts liecin\u0101ja par komandas dominanci un labu sp\u0113les sinhroniz\u0101ciju. Tom\u0113r \u201cBreog\u00e1n\u201d nesp\u0113ja samierin\u0101ties ar p\u0101rliecino\u0161u zaud\u0113jumu un otraj\u0101 puslaik\u0101 uzs\u0101ka v\u0113rien\u012bgu atsp\u0113l\u0113\u0161anos. Sp\u0113les izska\u0146\u0101 \u201cManreza\u201d jau gandr\u012bz bija iz\u0161\u0137iedusi savu p\u0101rsvaru, ta\u010du sp\u0113ja notur\u0113t uzvaru ar rezult\u0101tu 104:99.<\/p>\n<p>Latvie\u0161u basketbolistu sniegums<\/p>\n<p>M\u0101rcis \u0160teinbergs \u0161aj\u0101 ma\u010d\u0101 guva 5 punktus un demonstr\u0113ja akt\u012bvu sp\u0113li, piebilstot \u010detras atl\u0113ku\u0161\u0101s bumbas, vienu p\u0101rtvertu bumbu un pozit\u012bvu +\/- r\u0101d\u012bt\u0101ju +9. Art\u016brs Kurucs, sp\u0113l\u0113jot pret savu biju\u0161o komandu, guva 2 punktus, vair\u0101k koncentr\u0113joties uz aizsardz\u012bbu un uzbrukuma organiz\u0113\u0161anu, kas rakstur\u012bgi vi\u0146a sp\u0113les stilam. Vi\u0146a statistika \u0161aj\u0101 sp\u0113l\u0113 ietver ar\u012b vienu atl\u0113ku\u0161o bumbu un vienu rezultat\u012bvu piesp\u0113li.<\/p>\n<p>ACB l\u012bgas kop\u0113j\u0101 situ\u0101cija<\/p>\n<p>Abas komandas pirms \u0161\u012bs sp\u0113les dal\u012bja vietas turn\u012bra tabul\u0101 ar l\u012bdz\u012bgu bilanci \u2013 6 uzvaras un 9 zaud\u0113jumi. \u0160\u012b uzvara dod \u201cManrezai\u201d nelielu p\u0101rsvaru un iesp\u0113ju pak\u0101pties augst\u0101k turn\u012bra tabul\u0101, kam\u0113r \u201cBreog\u00e1n\u201d turpin\u0101s c\u012b\u0146u par stabilu vietu l\u012bg\u0101. ACB l\u012bga turpina pied\u0101v\u0101t spraigas un neprognoz\u0113jamas sp\u0113les, kur\u0101s Latvijas basketbolisti sp\u0113l\u0113 arvien noz\u012bm\u012bg\u0101kas lomas.<\/p>\n","protected":false},"excerpt":{"rendered":"Sp\u0101nijas ACB l\u012bg\u0101 notikumiem bag\u0101ts duelis Sp\u0101nijas ACB l\u012bg\u0101 aizvad\u012bta sp\u0113le, kur\u0101 Latvijas basketbolistu M\u0101rcim \u0160teinbergam un Art\u016bram&hellip;\n","protected":false},"author":2,"featured_media":105665,"comment_status":"","ping_status":"","sticky":false,"template":"","format":"standard","meta":{"footnotes":""},"categories":[17],"tags":[6377,25304,35,39,38,36,37,34,40,25303,6158,21211,67],"class_list":{"0":"post-105664","1":"post","2":"type-post","3":"status-publish","4":"format-standard","5":"has-post-thumbnail","7":"category-sports","8":"tag-arturs-kurucs","9":"tag-breogan","10":"tag-latvia","11":"tag-latvian","12":"tag-latviesu","13":"tag-latviesu-valoda","14":"tag-latviesuvaloda","15":"tag-latvija","16":"tag-lv","17":"tag-manreza","18":"tag-marcis-steinbergs","19":"tag-spanijas-acb-liga","20":"tag-sports"},"share_on_mastodon":{"url":"https:\/\/pubeurope.com\/@lv\/115899653388550501","error":""},"_links":{"self":[{"href":"https:\/\/www.europesays.com\/lv\/wp-json\/wp\/v2\/posts\/105664","targetHints":{"allow":["GET"]}}],"collection":[{"href":"https:\/\/www.europesays.com\/lv\/wp-json\/wp\/v2\/posts"}],"about":[{"href":"https:\/\/www.europesays.com\/lv\/wp-json\/wp\/v2\/types\/post"}],"author":[{"embeddable":true,"href":"https:\/\/www.europesays.com\/lv\/wp-json\/wp\/v2\/users\/2"}],"replies":[{"embeddable":true,"href":"https:\/\/www.europesays.com\/lv\/wp-json\/wp\/v2\/comments?post=105664"}],"version-history":[{"count":0,"href":"https:\/\/www.europesays.com\/lv\/wp-json\/wp\/v2\/posts\/105664\/revisions"}],"wp:featuredmedia":[{"embeddable":true,"href":"https:\/\/www.europesays.com\/lv\/wp-json\/wp\/v2\/media\/105665"}],"wp:attachment":[{"href":"https:\/\/www.europesays.com\/lv\/wp-json\/wp\/v2\/media?parent=105664"}],"wp:term":[{"taxonomy":"category","embeddable":true,"href":"https:\/\/www.europesays.com\/lv\/wp-json\/wp\/v2\/categories?post=105664"},{"taxonomy":"post_tag","embeddable":true,"href":"https:\/\/www.europesays.com\/lv\/wp-json\/wp\/v2\/tags?post=105664"}],"curies":[{"name":"wp","href":"https:\/\/api.w.org\/{rel}","templated":true}]}}