{"id":105667,"date":"2026-01-15T14:46:07","date_gmt":"2026-01-15T14:46:07","guid":{"rendered":"https:\/\/www.europesays.com\/lv\/105667\/"},"modified":"2026-01-15T14:46:07","modified_gmt":"2026-01-15T14:46:07","slug":"krievija-ir-ta-kas-noraida-asv-miera-planu-nevis-ukraina-trampa-parmetumi-zelenskim-neiztur-kritiku","status":"publish","type":"post","link":"https:\/\/www.europesays.com\/lv\/105667\/","title":{"rendered":"Krievija ir t\u0101, kas noraida ASV miera pl\u0101nu, nevis Ukraina. Trampa p\u0101rmetumi Zelenskim neiztur kritiku"},"content":{"rendered":"<p class=\"lead mb-md-2 mb-1 js-tv3-orphus\">Krievija noraida ASV miera pl\u0101nu, nevis Ukrainas prezidents Volodimirs Zelenskis, ceturtdien platform\u0101 \u201cX\u201d pauda Polijas premjerministrs Donalds Tusks, nost\u0101ju pau\u017eot p\u0113c ASV prezidenta Donalda Trampa intervij\u0101 zi\u0146u a\u0123ent\u016brai \u201cReuters\u201d nule pausto, ka Zelenskis ir \u0161\u0137\u0113rslis miera l\u012bguma pan\u0101k\u0161anas ce\u013c\u0101.\n<\/p>\n<p>\u201cKrievija ir t\u0101, kas noraid\u012bja ASV sagatavoto miera pl\u0101nu, nevis Zelenskis,\u201d uzsv\u0113ra Tusks.<\/p>\n<p>\u201cVien\u012bg\u0101 Krievijas atbilde bija jauni ra\u0137e\u0161u triecieni Ukrainas pils\u0113t\u0101m. T\u0101p\u0113c vien\u012bgais risin\u0101jums ir pastiprin\u0101t spiedienu uz Krieviju. Un j\u016bs visi to zin\u0101t,\u201d nor\u0101d\u012bja Polijas premjers.<\/p>\n","protected":false},"excerpt":{"rendered":"Krievija noraida ASV miera pl\u0101nu, nevis Ukrainas prezidents Volodimirs Zelenskis, ceturtdien platform\u0101 \u201cX\u201d pauda Polijas premjerministrs Donalds Tusks,&hellip;\n","protected":false},"author":2,"featured_media":105668,"comment_status":"","ping_status":"","sticky":false,"template":"","format":"standard","meta":{"footnotes":""},"categories":[14],"tags":[23,57,25213,28,29,32,33,22,30,31,35,39,38,36,37,34,40,20,26,27,24,25,54,55,56,21,58],"class_list":{"0":"post-105667","1":"post","2":"type-post","3":"status-publish","4":"format-standard","5":"has-post-thumbnail","7":"category-zinas-no-arvalstim","8":"tag-aktualitates","9":"tag-arvalstim","10":"tag-asvdonalds-trampskars-ukrainavolodimirs-zelenskis","11":"tag-breaking-news","12":"tag-breakingnews","13":"tag-featured-news","14":"tag-featurednews","15":"tag-headlines","16":"tag-latest-news","17":"tag-latestnews","18":"tag-latvia","19":"tag-latvian","20":"tag-latviesu","21":"tag-latviesu-valoda","22":"tag-latviesuvaloda","23":"tag-latvija","24":"tag-lv","25":"tag-news","26":"tag-popularakas-zinas","27":"tag-popularakaszinas","28":"tag-top-stories","29":"tag-topstories","30":"tag-world","31":"tag-world-news","32":"tag-worldnews","33":"tag-zinas","34":"tag-zinas-no-arvalstim"},"share_on_mastodon":{"url":"https:\/\/pubeurope.com\/@lv\/115899661588836586","error":""},"_links":{"self":[{"href":"https:\/\/www.europesays.com\/lv\/wp-json\/wp\/v2\/posts\/105667","targetHints":{"allow":["GET"]}}],"collection":[{"href":"https:\/\/www.europesays.com\/lv\/wp-json\/wp\/v2\/posts"}],"about":[{"href":"https:\/\/www.europesays.com\/lv\/wp-json\/wp\/v2\/types\/post"}],"author":[{"embeddable":true,"href":"https:\/\/www.europesays.com\/lv\/wp-json\/wp\/v2\/users\/2"}],"replies":[{"embeddable":true,"href":"https:\/\/www.europesays.com\/lv\/wp-json\/wp\/v2\/comments?post=105667"}],"version-history":[{"count":0,"href":"https:\/\/www.europesays.com\/lv\/wp-json\/wp\/v2\/posts\/105667\/revisions"}],"wp:featuredmedia":[{"embeddable":true,"href":"https:\/\/www.europesays.com\/lv\/wp-json\/wp\/v2\/media\/105668"}],"wp:attachment":[{"href":"https:\/\/www.europesays.com\/lv\/wp-json\/wp\/v2\/media?parent=105667"}],"wp:term":[{"taxonomy":"category","embeddable":true,"href":"https:\/\/www.europesays.com\/lv\/wp-json\/wp\/v2\/categories?post=105667"},{"taxonomy":"post_tag","embeddable":true,"href":"https:\/\/www.europesays.com\/lv\/wp-json\/wp\/v2\/tags?post=105667"}],"curies":[{"name":"wp","href":"https:\/\/api.w.org\/{rel}","templated":true}]}}