{"id":105669,"date":"2026-01-15T14:47:09","date_gmt":"2026-01-15T14:47:09","guid":{"rendered":"https:\/\/www.europesays.com\/lv\/105669\/"},"modified":"2026-01-15T14:47:09","modified_gmt":"2026-01-15T14:47:09","slug":"prokuratura-prasa-uzlabot-aprupi-bet-kriminalprocesu-nesak-raksts","status":"publish","type":"post","link":"https:\/\/www.europesays.com\/lv\/105669\/","title":{"rendered":"prokurat\u016bra prasa uzlabot apr\u016bpi, bet krimin\u0101lprocesu nes\u0101k \/ Raksts"},"content":{"rendered":"<p>\u0122ener\u0101lprokurat\u016br\u0101 pabeigta p\u0101rbaude par iesp\u0113jamiem p\u0101rk\u0101pumiem Valsts soci\u0101l\u0101s apr\u016bpes centra &#8220;R\u012bga&#8221; fili\u0101l\u0113 &#8220;Ezerkrasti&#8221;, kas var\u0113tu b\u016bt ietekm\u0113ju\u0161i k\u0101da jaunie\u0161a ar smagiem att\u012bst\u012bbas trauc\u0113jumiem vesel\u012bbas st\u0101vokli.\u00a0P\u0113c\u00a0p\u0101rbaudes prokurors uzdevis &#8220;Ezerkrastu&#8221; vad\u012bbai nov\u0113rst tr\u016bkumus smagi slimu klientu apr\u016bp\u0113, savuk\u0101rt\u00a0krimin\u0101lprocess par iesp\u0113jamiem p\u0101rk\u0101pumiem nav s\u0101kts.<\/p>\n<p>Izv\u0113rt\u0113jot<a href=\"https:\/\/www.lsm.lv\/raksts\/zinas\/latvija\/27.08.2025-aprupes-centra-riga-vadiba-noliedz-jauniesa-badinasanu-generalprokuratura-sak-parbaudi.a611930\/\" class=\"lsm-link\" data-type=\"article\" data-id=\"611930\" rel=\"nofollow noopener\" target=\"_blank\"> p\u0101rbaudes<\/a> laik\u0101 sa\u0146emto dokument\u0101ciju un inform\u0101ciju, prokurors neguva pier\u0101d\u012bjumus\u00a0tam, ka<a href=\"https:\/\/www.lsm.lv\/raksts\/zinas\/latvija\/26.08.2025-socialas-aprupes-iestade-nobadina-jaunieti-ar-smagiem-attistibas-traucejumiem-vins-atgustas-grupu-maja.a611845\/\" class=\"lsm-link\" data-type=\"article\" data-id=\"611845\" rel=\"nofollow noopener\" target=\"_blank\"> jaunie\u0161a svara zudums<\/a>, atrodoties &#8220;Ezerkrastos&#8221;, ir saist\u012bts ar vi\u0146a nepietiekamu apr\u016bpi vai apr\u016bp\u0113 iesaist\u012bto personu nolaid\u012bgu r\u012bc\u012bbu.<\/p>\n<p>Prokurors nav konstat\u0113jis pamatu krimin\u0101lprocesa uzs\u0101k\u0161anai.<\/p>\n<blockquote>\n<p>P\u0101rbaud\u0113 konstat\u0113ti atsevi\u0161\u0137i tr\u016bkumi un nepiln\u012bbas pakalpojumu snieg\u0161anas kvalit\u0101t\u0113, kas rada risku, ka smagi slimi klienti var nesa\u0146emt nepiecie\u0161amo atbalstu un apr\u016bpi.<\/p>\n<\/blockquote>\n<p>T\u0101d\u0113j\u0101di\u00a0Valsts soci\u0101l\u0101s apr\u016bpes centra &#8220;R\u012bga&#8221; direktoram uzdots pilnveidot iest\u0101des sniegto pakalpojumu kvalit\u0101ti attiec\u012bb\u0101 uz smagi slimu klientu \u0113din\u0101\u0161anas procesu, t\u0101 uzskaiti, k\u0101 ar\u012b klientu sv\u0113r\u0161anas procesu un bie\u017eumu, it sevi\u0161\u0137i tiem klientiem, kuriem jau t\u0101 ir pazemin\u0101ts \u0137erme\u0146a svars un vienlaikus nov\u0113rojama negat\u012bva svara dinamika.<\/p>\n<p>Prokurat\u016bras likums nosaka\u00a0\u2013\u00a0ja nepiecie\u0161ams p\u0101rtraukt nelikum\u012bgu darb\u012bbu, nov\u0113rst \u0161\u0101das darb\u012bbas sekas vai nepie\u013caut p\u0101rk\u0101pumu, prokurors iesniedz rakstveida iesniegumu attiec\u012bgajam uz\u0146\u0113mumam, iest\u0101dei, organiz\u0101cijai, amatpersonai vai personai. Ja iesniegum\u0101 izteikt\u0101s pras\u012bbas netiek izpild\u012btas vai uz to netiek sniegta atbilde, prokurors ir ties\u012bgs griezties ties\u0101 vai cit\u0101 kompetent\u0101 instit\u016bcij\u0101 ar pieteikumu par personas sauk\u0161anu pie likum\u0101 noteikt\u0101s atbild\u012bbas.<\/p>\n<p>KONTEKSTS:<\/p>\n<p>\u0122ener\u0101lprokurat\u016bra 2025.\u00a0gada august\u0101\u00a0<a data-id=\"611930\" data-type=\"article\" href=\"https:\/\/www.lsm.lv\/raksts\/zinas\/latvija\/27.08.2025-aprupes-centra-riga-vadiba-noliedz-jauniesa-badinasanu-generalprokuratura-sak-parbaudi.a611930\/\" class=\"lsm-link\" rel=\"nofollow noopener\" target=\"_blank\">s\u0101ka p\u0101rbaudi\u00a0<\/a>par iesp\u0113jamiem p\u0101rk\u0101pumiem soci\u0101l\u0101s apr\u016bpes iest\u0101d\u0113, kas var\u0113tu b\u016bt ietekm\u0113ju\u0161i k\u0101da jaunie\u0161a ar smagiem att\u012bst\u012bbas trauc\u0113jumiem vesel\u012bbas st\u0101vokli.<\/p>\n<p>Par notiku\u0161o apr\u016bpes centr\u0101 &#8220;Ezerkrasti&#8221;\u00a0<a data-id=\"611845\" data-type=\"article\" href=\"https:\/\/www.lsm.lv\/raksts\/zinas\/latvija\/26.08.2025-socialas-aprupes-iestade-nobadina-jaunieti-ar-smagiem-attistibas-traucejumiem-vins-atgustas-grupu-maja.a611845\/\" class=\"lsm-link\" rel=\"nofollow noopener\" target=\"_blank\">trauksmi c\u0113la<\/a>\u00a0biedr\u012bba\u00a0&#8220;Latvijas Kust\u012bba par neatkar\u012bgu dz\u012bvi&#8221;.<\/p>\n<p>Soci\u0101l\u0101s apr\u016bpes centra<a data-id=\"612136\" data-type=\"article\" href=\"https:\/\/www.lsm.lv\/raksts\/zinas\/latvija\/28.08.2025-vins-tiesam-eda-ezerkrastu-darbinieki-soka-par-parmetumiem-jauniesa-badinasana.a612136\/\" class=\"lsm-link\" rel=\"nofollow noopener\" target=\"_blank\">\u00a0&#8220;R\u012bga&#8221; vad\u012bba<\/a>\u00a0iepriek\u0161 noliedza, ka jaunietis neb\u016btu barots. Fili\u0101les &#8220;Ezerkrasti&#8221;, kur jaunietis uztur\u0113j\u0101s p\u0113d\u0113jo pusgadu, darbinieki p\u0113c notiku\u0161\u0101 teica, ka jaunietis ir \u0113dis un, iesp\u0113jams, svara zuduma iemesls var\u0113tu b\u016bt bijis stress vai v\u0113dera v\u012bruss.\u00a0<\/p>\n<p>Pabeidzot p\u0101rbaudi valsts soci\u0101l\u0101s apr\u016bpes centra &#8220;R\u012bga&#8221; fili\u0101l\u0113 &#8220;Ezerkrasti&#8221;, kur, iesp\u0113jams, nobadin\u0101ts jaunietis ar smagiem att\u012bst\u012bbas trauc\u0113jumiem, <a href=\"https:\/\/www.lsm.lv\/raksts\/zinas\/latvija\/18.12.2025-ezerkrastos-iespejami-badinata-jauniesa-lieta-veselibas-inspekcija-nolaidibu-nekonstate.a627071\/?utm_source=lsm&amp;utm_medium=theme&amp;utm_campaign=theme\" class=\"lsm-link\" data-type=\"article\" data-id=\"627071\" rel=\"nofollow noopener\" target=\"_blank\">Vesel\u012bbas inspekcija (VI) rekomend\u0113jusi <\/a>iest\u0101dei veikt objekt\u012bvus svara m\u0113r\u012bjumus visiem klientiem to iest\u0101\u0161an\u0101s br\u012bd\u012b, \u012bpa\u0161i gad\u012bjumos, kad vizu\u0101li redzams, ka \u0137erme\u0146a svars neatbilst normai.<\/p>\n<p>P\u0101rbaud\u0113s VI neesot guvusi objekt\u012bvus pier\u0101d\u012bjumus par \u0101rstniec\u012bbas personu nolaid\u012bbu vai profesion\u0101lo pien\u0101kumu apzin\u0101tu neveik\u0161anu.<\/p>\n<p>                    Valodas k\u013c\u016bda rakst\u0101?<\/p>\n<p class=\"d-none d-md-block\">Iez\u012bm\u0113jiet tekstu un spiediet Ctrl+Enter, lai nos\u016bt\u012btu labojamo teksta fragmentu redaktoram! Par faktu k\u013c\u016bd\u0101m l\u016bdzam zi\u0146ot e-past\u0101 <a href=\"https:\/\/www.lsm.lv\/cdn-cgi\/l\/email-protection\" class=\"__cf_email__\" data-cfemail=\"136176777278707a7972537f607e3d7f65\" rel=\"nofollow noopener\" target=\"_blank\">[email\u00a0protected]<\/a>.<\/p>\n<p class=\"d-md-none\">Iez\u012bm\u0113jiet tekstu un spiediet uz Zi\u0146ot par k\u013c\u016bdu pogas, lai nos\u016bt\u012btu labojamo teksta fragmentu redaktoram!<\/p>\n<p>\n                    Zi\u0146ot par k\u013c\u016bdu\n                <\/p>\n","protected":false},"excerpt":{"rendered":"\u0122ener\u0101lprokurat\u016br\u0101 pabeigta p\u0101rbaude par iesp\u0113jamiem p\u0101rk\u0101pumiem Valsts soci\u0101l\u0101s apr\u016bpes centra &#8220;R\u012bga&#8221; fili\u0101l\u0113 &#8220;Ezerkrasti&#8221;, kas var\u0113tu b\u016bt ietekm\u0113ju\u0161i k\u0101da&hellip;\n","protected":false},"author":2,"featured_media":105670,"comment_status":"","ping_status":"","sticky":false,"template":"","format":"standard","meta":{"footnotes":""},"categories":[12],"tags":[23,28,29,32,33,22,30,31,35,39,38,36,37,34,40,20,26,27,24,25,21],"class_list":{"0":"post-105669","1":"post","2":"type-post","3":"status-publish","4":"format-standard","5":"has-post-thumbnail","7":"category-latvija","8":"tag-aktualitates","9":"tag-breaking-news","10":"tag-breakingnews","11":"tag-featured-news","12":"tag-featurednews","13":"tag-headlines","14":"tag-latest-news","15":"tag-latestnews","16":"tag-latvia","17":"tag-latvian","18":"tag-latviesu","19":"tag-latviesu-valoda","20":"tag-latviesuvaloda","21":"tag-latvija","22":"tag-lv","23":"tag-news","24":"tag-popularakas-zinas","25":"tag-popularakaszinas","26":"tag-top-stories","27":"tag-topstories","28":"tag-zinas"},"share_on_mastodon":{"url":"https:\/\/pubeurope.com\/@lv\/115899665259064636","error":""},"_links":{"self":[{"href":"https:\/\/www.europesays.com\/lv\/wp-json\/wp\/v2\/posts\/105669","targetHints":{"allow":["GET"]}}],"collection":[{"href":"https:\/\/www.europesays.com\/lv\/wp-json\/wp\/v2\/posts"}],"about":[{"href":"https:\/\/www.europesays.com\/lv\/wp-json\/wp\/v2\/types\/post"}],"author":[{"embeddable":true,"href":"https:\/\/www.europesays.com\/lv\/wp-json\/wp\/v2\/users\/2"}],"replies":[{"embeddable":true,"href":"https:\/\/www.europesays.com\/lv\/wp-json\/wp\/v2\/comments?post=105669"}],"version-history":[{"count":0,"href":"https:\/\/www.europesays.com\/lv\/wp-json\/wp\/v2\/posts\/105669\/revisions"}],"wp:featuredmedia":[{"embeddable":true,"href":"https:\/\/www.europesays.com\/lv\/wp-json\/wp\/v2\/media\/105670"}],"wp:attachment":[{"href":"https:\/\/www.europesays.com\/lv\/wp-json\/wp\/v2\/media?parent=105669"}],"wp:term":[{"taxonomy":"category","embeddable":true,"href":"https:\/\/www.europesays.com\/lv\/wp-json\/wp\/v2\/categories?post=105669"},{"taxonomy":"post_tag","embeddable":true,"href":"https:\/\/www.europesays.com\/lv\/wp-json\/wp\/v2\/tags?post=105669"}],"curies":[{"name":"wp","href":"https:\/\/api.w.org\/{rel}","templated":true}]}}