{"id":105671,"date":"2026-01-15T14:48:13","date_gmt":"2026-01-15T14:48:13","guid":{"rendered":"https:\/\/www.europesays.com\/lv\/105671\/"},"modified":"2026-01-15T14:48:13","modified_gmt":"2026-01-15T14:48:13","slug":"am-parlamentarajai-sekretarei-gaterei-apstiprinats-saeimas-deputates-mandats-puaro-lv","status":"publish","type":"post","link":"https:\/\/www.europesays.com\/lv\/105671\/","title":{"rendered":"AM parlament\u0101rajai sekret\u0101rei G\u0101terei apstiprin\u0101ts Saeimas deput\u0101tes mand\u0101ts \u2013 Puaro.lv"},"content":{"rendered":"<p>        &#13;<\/p>\n<p>Parlaments ceturtdien atbalst\u012bja deput\u0101tes mand\u0101ta apstiprin\u0101\u0161anu Aizsardz\u012bbas ministrijas parlament\u0101rajai sekret\u0101rei <a href=\"https:\/\/puaro.lv\/cv\/liene-gatere\/\" rel=\"nofollow noopener\" target=\"_blank\">Lienei G\u0101terei<\/a> (P).<\/p>\n<p>G\u0101terei Saeimas deput\u0101tes mand\u0101ts pien\u0101kas, jo p\u0113c ilgsto\u0161\u0101m vesel\u012bbas probl\u0113m\u0101m miris Saeimas deput\u0101ts <a href=\"https:\/\/puaro.lv\/cv\/edgars-zelderis-2\/\" rel=\"nofollow noopener\" target=\"_blank\">Edgars Zelderis<\/a>, kur\u0161 parlament\u0101 bija iev\u0113l\u0113ts no \u201cProgres\u012bvo\u201d saraksta Kurzem\u0113. G\u0101tere 14. Saeimas v\u0113l\u0113\u0161an\u0101s Kurzem\u0113 ie\u0146\u0113ma otro vietu.<\/p>\n<p>K\u0101 st\u0101sta G\u0101tere, vi\u0146a pl\u0101no str\u0101d\u0101t k\u0101 deput\u0101te un turpin\u0101t ie\u0146emt ar\u012b parlament\u0101r\u0101s sekret\u0101res amatu. Vi\u0146a v\u0113las str\u0101d\u0101t ar\u012b Saeimas Aizsardz\u012bbas, iek\u0161lietu un korupcijas nov\u0113r\u0161anas komisij\u0101.<\/p>\n<p>Vi\u0146a nor\u0101d\u012bja, ka deput\u0101tes darb\u0101 atbalst\u012bs \u201cProgres\u012bvo\u201d Saeimas frakciju, k\u0101 ar\u012b koal\u012bciju kopum\u0101.<\/p>\n<p>L\u012bdz ar person\u0101liju izmai\u0146\u0101m valdo\u0161\u0101s koal\u012bcijas balsu skaits pieaug no 52 bud\u017eeta pie\u0146em\u0161anas br\u012bd\u012b l\u012bdz 54 p\u0113c gadumijas. Za\u013co un zemnieku savien\u012bba (ZZS) nesen pazi\u0146oja, ka t\u0101s Saeimas frakcijai decembr\u012b pievienojies savulaik no \u201cJaun\u0101s vienot\u012bbas\u201d (JV) saraksta iev\u0113l\u0113tais <a href=\"https:\/\/puaro.lv\/cv\/andrejs-celapiters\/\" rel=\"nofollow noopener\" target=\"_blank\">Andrejs Ce\u013cap\u012bters<\/a>, kur\u0161 iepriek\u0161 kop\u0101 ar koal\u012bciju nebalsoja. Ar koal\u012bciju kop\u0101 parasti balso cits ZZS sadarb\u012bbas partneris, pie frakcij\u0101m nepiedero\u0161ais deput\u0101ts <a href=\"https:\/\/puaro.lv\/cv\/olegs-burovs\/\" rel=\"nofollow noopener\" target=\"_blank\">O\u013cegs Burovs<\/a> (GKR).<\/p>\n<p>L\u012bdz ar G\u0101teres non\u0101k\u0161anu Saeim\u0101 par vienu balsi vair\u0101k atkal ir \u201cProgres\u012bvajiem\u201d, jo Zelderis balsojumos valdo\u0161o koal\u012bciju parasti neatbalst\u012bja. Balsis Evikas Sili\u0146as (JV) vald\u012bbai parasti nodro\u0161ina ar\u012b pie frakcij\u0101m nepiedero\u0161ie deput\u0101ti <a href=\"https:\/\/puaro.lv\/cv\/igors-rajevs\/\" rel=\"nofollow noopener\" target=\"_blank\">Igors Rajevs<\/a> (iev\u0113l\u0113ts no \u201cApvienot\u0101 saraksta\u201d) un <a href=\"https:\/\/puaro.lv\/cv\/skaidrite-abrama\/\" rel=\"nofollow noopener\" target=\"_blank\">Skaidr\u012bte \u0100brama<\/a> (iev\u0113l\u0113ta no \u201cProgres\u012bvo\u201d saraksta).<\/p>\n<p>Puaro.lv sada\u013c\u0101 \u201c<a href=\"https:\/\/puaro.lv\/cv\/\" target=\"_blank\" rel=\"noreferrer noopener nofollow\">WHO IS WHO<\/a>\u201d esam apkopoju\u0161i politi\u0137u CV.\u00a0\u0160eit varat uzzin\u0101t, cik izgl\u012btoti ir\u00a0Saeimas deput\u0101ti un\u00a0 ministri, k\u0101 ar\u012b valsts amatpersonas, vi\u0146u par\u0101dsaist\u012bbu apjomu, iepriek\u0161\u0113jo pieredzi, partiju mai\u0146u un citus sasniegumus.<\/p>\n<p>Savuk\u0101rt to, kur\u0161 paties\u012bb\u0101 nosaka, kas notiek Latvij\u0101, kur\u0161 ir ietekm\u012bgs, kur\u0161 bag\u0101ts, bet kur\u0161 gan viens, gan otrs, uzziniet m\u016bsu jaunaj\u0101 sada\u013c\u0101\u00a0<a href=\"https:\/\/puaro.lv\/category\/ietekme-un-nauda\/\" target=\"_blank\" rel=\"noreferrer noopener nofollow\">\u201cIetekme un nauda\u201d<\/a>.<\/p>\n<p>Izsakiet savu viedokli koment\u0101ros un sekojiet mums \u00a0<a href=\"https:\/\/www.facebook.com\/puaro.lv\/\" target=\"_blank\" rel=\"noreferrer noopener nofollow\">Facebook\u00a0,<\/a>\u00a0 \u00a0<a href=\"https:\/\/twitter.com\/puarolv\" target=\"_blank\" rel=\"noreferrer noopener nofollow\">Twitter<\/a>, \u00a0<a href=\"https:\/\/www.youtube.com\/channel\/UCv996rC560NUo6l8jUGVZ_g\" target=\"_blank\" rel=\"noreferrer noopener nofollow\">Youtube\u00a0<\/a>un\u00a0<a href=\"https:\/\/www.instagram.com\/puaro.lv\/\" target=\"_blank\" rel=\"noreferrer noopener nofollow\">Instagram<\/a>!<\/p>\n<p>              &#13;<br \/>\n                    <script async src=\"https:\/\/platform.twitter.com\/widgets.js\" charset=\"utf-8\"><\/script><script async src=\"\/\/www.instagram.com\/embed.js\"><\/script><\/p>\n","protected":false},"excerpt":{"rendered":"&#13; Parlaments ceturtdien atbalst\u012bja deput\u0101tes mand\u0101ta apstiprin\u0101\u0161anu Aizsardz\u012bbas ministrijas parlament\u0101rajai sekret\u0101rei Lienei G\u0101terei (P). G\u0101terei Saeimas deput\u0101tes mand\u0101ts&hellip;\n","protected":false},"author":2,"featured_media":105672,"comment_status":"","ping_status":"","sticky":false,"template":"","format":"standard","meta":{"footnotes":""},"categories":[5],"tags":[23,28,29,32,33,22,30,31,35,39,38,36,37,34,40,20,26,27,24,25,21],"class_list":{"0":"post-105671","1":"post","2":"type-post","3":"status-publish","4":"format-standard","5":"has-post-thumbnail","7":"category-aktualitates","8":"tag-aktualitates","9":"tag-breaking-news","10":"tag-breakingnews","11":"tag-featured-news","12":"tag-featurednews","13":"tag-headlines","14":"tag-latest-news","15":"tag-latestnews","16":"tag-latvia","17":"tag-latvian","18":"tag-latviesu","19":"tag-latviesu-valoda","20":"tag-latviesuvaloda","21":"tag-latvija","22":"tag-lv","23":"tag-news","24":"tag-popularakas-zinas","25":"tag-popularakaszinas","26":"tag-top-stories","27":"tag-topstories","28":"tag-zinas"},"share_on_mastodon":{"url":"https:\/\/pubeurope.com\/@lv\/115899669049151346","error":""},"_links":{"self":[{"href":"https:\/\/www.europesays.com\/lv\/wp-json\/wp\/v2\/posts\/105671","targetHints":{"allow":["GET"]}}],"collection":[{"href":"https:\/\/www.europesays.com\/lv\/wp-json\/wp\/v2\/posts"}],"about":[{"href":"https:\/\/www.europesays.com\/lv\/wp-json\/wp\/v2\/types\/post"}],"author":[{"embeddable":true,"href":"https:\/\/www.europesays.com\/lv\/wp-json\/wp\/v2\/users\/2"}],"replies":[{"embeddable":true,"href":"https:\/\/www.europesays.com\/lv\/wp-json\/wp\/v2\/comments?post=105671"}],"version-history":[{"count":0,"href":"https:\/\/www.europesays.com\/lv\/wp-json\/wp\/v2\/posts\/105671\/revisions"}],"wp:featuredmedia":[{"embeddable":true,"href":"https:\/\/www.europesays.com\/lv\/wp-json\/wp\/v2\/media\/105672"}],"wp:attachment":[{"href":"https:\/\/www.europesays.com\/lv\/wp-json\/wp\/v2\/media?parent=105671"}],"wp:term":[{"taxonomy":"category","embeddable":true,"href":"https:\/\/www.europesays.com\/lv\/wp-json\/wp\/v2\/categories?post=105671"},{"taxonomy":"post_tag","embeddable":true,"href":"https:\/\/www.europesays.com\/lv\/wp-json\/wp\/v2\/tags?post=105671"}],"curies":[{"name":"wp","href":"https:\/\/api.w.org\/{rel}","templated":true}]}}