{"id":105673,"date":"2026-01-15T14:50:17","date_gmt":"2026-01-15T14:50:17","guid":{"rendered":"https:\/\/www.europesays.com\/lv\/105673\/"},"modified":"2026-01-15T14:50:17","modified_gmt":"2026-01-15T14:50:17","slug":"ostapenko-un-semenistaja-noskaidro-pretinieces-gada-pirmaja-grand-slam","status":"publish","type":"post","link":"https:\/\/www.europesays.com\/lv\/105673\/","title":{"rendered":"Ostapenko un Seme\u0146istaja noskaidro pretinieces gada pirmaj\u0101 &#8220;Grand Slam&#8221;"},"content":{"rendered":"<p>Ostapenko WTA rang\u0101 ie\u0146em 24. vietu ar 24. numuru ar\u012b izs\u0113ta turn\u012br\u0101, bet vi\u0146as pretiniece \u0160ramkova reiting\u0101 ir 72. poz\u012bcij\u0101.<\/p>\n<p>Ostapenko ar \u0160ramkovu l\u012bdz \u0161im WTA t\u016br\u0113 tiku\u0161\u0101s \u010detras reizes, tr\u012bs uzvaras svinot Latvijas lab\u0101kajai tenisistei.<\/p>\n<p>P\u0113d\u0113jo savstarp\u0113jo ma\u010du vi\u0146as aizvad\u012bja p\u0113rn maij\u0101, kad Romas &#8220;WTA 1000&#8221; otr\u0101s k\u0101rtas ma\u010d\u0101 Ostapenko bija p\u0101r\u0101ka ar 1-6, 6-4, 6-3.<\/p>\n<p>Savuk\u0101rt Seme\u0146istaja, kura pirmo reizi &#8220;Grand Slam&#8221; turn\u012br\u0101 start\u0113s bez kvalifik\u0101cijas, WTA rang\u0101 ie\u0146em 96. vietu, bet vi\u0146as pretiniece Noskova ir 13. poz\u012bcij\u0101.<\/p>\n<p>Abas l\u012bdz \u0161im sav\u0101 starp\u0101 kort\u0101 tiku\u0161\u0101s divas reizes, abos ma\u010dos uzvaru svinot \u010dehietei.<\/p>\n<p>P\u0113d\u0113jo reizi savstarp\u0113jais ma\u010ds tika aizvad\u012bts 2023. gad\u0101, kad Makaraskas &#8220;WTA 125&#8221; turn\u012br\u0101 Noskova bija p\u0101r\u0101ka ar 6-2, 7-5.<\/p>\n<p>Ja Latvijas tenisist\u0113m izdosies p\u0101rvar\u0113t pirmo k\u0101rtu, tad otraj\u0101 k\u0101rt\u0101 Ostapenko pretiniece b\u016bs Sji\u0146jui Vana (WTA 43.) no \u0136\u012bnas vai kvalifik\u0101ciju p\u0101rvar\u0113jus\u012b ukrainiete Anhelina Ka\u013ci\u0146ina (WTA 178.), kam\u0113r Seme\u0146istajai pretiniekos b\u016bs cita \u0137\u012bniete \u0160uai D\u017eana (WTA 73.) vai \u012bpa\u0161o iel\u016bgumu jeb &#8220;wild card&#8221; sa\u0146\u0113mus\u012b m\u0101jiniece Teila Prestone (WTA 204.).<\/p>\n<p>P\u0101rvarot otro k\u0101rtu Latvijas pirm\u0101s divas raketes tiksies sav\u0101 starp\u0101.<\/p>\n<p>Ostapenko &#8220;Australian Open&#8221; piedal\u0101s 11. reizi, un lab\u0101kais vi\u0146as rezult\u0101ts viensp\u0113l\u0113s ir ceturtda\u013cfin\u0101la sasnieg\u0161ana 2023. gad\u0101. P\u0113rn vi\u0146a viensp\u0113l\u0113s izst\u0101j\u0101s pirmaj\u0101 k\u0101rt\u0101, bet dubultsp\u0113l\u0113s otro gadu p\u0113c k\u0101rtas sasniedza fin\u0101lu.<\/p>\n<p>Seme\u0146istaja Austr\u0101lijas atkl\u0101taj\u0101 \u010dempion\u0101t\u0101 start\u0113 tre\u0161o gadu p\u0113c k\u0101rtas un pirmo reizi pamatturn\u012br\u0101. P\u0113rn vi\u0146ai neizdev\u0101s p\u0101rvar\u0113t kvalifik\u0101cijas pirmo k\u0101rtu, bet pirms diviem gadiem vi\u0146a apst\u0101j\u0101s atlases otraj\u0101 k\u0101rt\u0101.<\/p>\n<p>P\u0113rn par Austr\u0101lijas atkl\u0101t\u0101 tenisa \u010dempion\u0101ta uzvar\u0113t\u0101ju sievie\u0161u viensp\u0113l\u0113s k\u013cuva amerik\u0101niete Medisona K\u012bza, kura fin\u0101l\u0101 ar 6-3, 2-6, 7-5 p\u0101rsp\u0113ja ranga l\u012bderi Arinu Saba\u013cenku no Baltkrievijas.<\/p>\n","protected":false},"excerpt":{"rendered":"Ostapenko WTA rang\u0101 ie\u0146em 24. vietu ar 24. numuru ar\u012b izs\u0113ta turn\u012br\u0101, bet vi\u0146as pretiniece \u0160ramkova reiting\u0101 ir&hellip;\n","protected":false},"author":2,"featured_media":105674,"comment_status":"","ping_status":"","sticky":false,"template":"","format":"standard","meta":{"footnotes":""},"categories":[17],"tags":[680,35,39,38,36,37,34,40,941,67,683],"class_list":{"0":"post-105673","1":"post","2":"type-post","3":"status-publish","4":"format-standard","5":"has-post-thumbnail","7":"category-sports","8":"tag-alona-ostapenko","9":"tag-latvia","10":"tag-latvian","11":"tag-latviesu","12":"tag-latviesu-valoda","13":"tag-latviesuvaloda","14":"tag-latvija","15":"tag-lv","16":"tag-sieviesu-teniss","17":"tag-sports","18":"tag-teniss"},"share_on_mastodon":{"url":"https:\/\/pubeurope.com\/@lv\/115899677123776525","error":""},"_links":{"self":[{"href":"https:\/\/www.europesays.com\/lv\/wp-json\/wp\/v2\/posts\/105673","targetHints":{"allow":["GET"]}}],"collection":[{"href":"https:\/\/www.europesays.com\/lv\/wp-json\/wp\/v2\/posts"}],"about":[{"href":"https:\/\/www.europesays.com\/lv\/wp-json\/wp\/v2\/types\/post"}],"author":[{"embeddable":true,"href":"https:\/\/www.europesays.com\/lv\/wp-json\/wp\/v2\/users\/2"}],"replies":[{"embeddable":true,"href":"https:\/\/www.europesays.com\/lv\/wp-json\/wp\/v2\/comments?post=105673"}],"version-history":[{"count":0,"href":"https:\/\/www.europesays.com\/lv\/wp-json\/wp\/v2\/posts\/105673\/revisions"}],"wp:featuredmedia":[{"embeddable":true,"href":"https:\/\/www.europesays.com\/lv\/wp-json\/wp\/v2\/media\/105674"}],"wp:attachment":[{"href":"https:\/\/www.europesays.com\/lv\/wp-json\/wp\/v2\/media?parent=105673"}],"wp:term":[{"taxonomy":"category","embeddable":true,"href":"https:\/\/www.europesays.com\/lv\/wp-json\/wp\/v2\/categories?post=105673"},{"taxonomy":"post_tag","embeddable":true,"href":"https:\/\/www.europesays.com\/lv\/wp-json\/wp\/v2\/tags?post=105673"}],"curies":[{"name":"wp","href":"https:\/\/api.w.org\/{rel}","templated":true}]}}