{"id":105677,"date":"2026-01-15T14:52:07","date_gmt":"2026-01-15T14:52:07","guid":{"rendered":"https:\/\/www.europesays.com\/lv\/105677\/"},"modified":"2026-01-15T14:52:07","modified_gmt":"2026-01-15T14:52:07","slug":"saeimas-priekssedetaja-kijiva-pasniedz-atzinibas-rakstus-ukrainas-parlamenta-deputatiem-un-darbiniekiem","status":"publish","type":"post","link":"https:\/\/www.europesays.com\/lv\/105677\/","title":{"rendered":"Saeimas priek\u0161s\u0113d\u0113t\u0101ja Kijiv\u0101 pasniedz atzin\u012bbas rakstus Ukrainas parlamenta deput\u0101tiem un darbiniekiem"},"content":{"rendered":"<p>\t\t\t(15.01.2026.)\n\t\t<\/p>\n<p>\t\t\t\t\t<img decoding=\"async\" src=\"https:\/\/www.europesays.com\/lv\/wp-content\/uploads\/2026\/01\/4UT0vG.jpg\" alt=\"\"\/>\t\t\t\t<\/p>\n<p>Nov\u0113rt\u0113jot ieguld\u012bjumu Latvijas un Ukrainas divpus\u0113jo attiec\u012bbu stiprin\u0101\u0161an\u0101, Saeimas priek\u0161s\u0113d\u0113t\u0101ja Daiga Mieri\u0146a ceturtdien, 15.janv\u0101r\u012b, Kijiv\u0101 pasniedza Saeimas Prezidija atzin\u012bbas rakstus desmit Ukrainas parlamenta \u2013 Augst\u0101k\u0101s Radas \u2013 deput\u0101tiem un darbiniekiem.<\/p>\n<p>Atzin\u012bbas raksts par l\u012bder\u012bbu un noz\u012bm\u012bgu ieguld\u012bjumu Latvijas un Ukrainas divpus\u0113jo attiec\u012bbu stiprin\u0101\u0161an\u0101, \u012bpa\u0161i parlament\u0101r\u0101s sadarb\u012bbas jom\u0101, svin\u012bgi pasniegts Ukrainas Augst\u0101k\u0101s Radas priek\u0161s\u0113d\u0113t\u0101jam Ruslanam Stefan\u010dukam.<\/p>\n<p>\u201cKara apst\u0101k\u013cos vi\u0146\u0161 sp\u0113jis uztur\u0113t Ukrainas parlamenta darbu augst\u0101 l\u012bmen\u012b, l\u012bdztekus att\u012bstot ar\u012b Latvijas un Ukrainas parlament\u0101ro sadarb\u012bbu. Stefan\u010duka kungs vair\u0101kas reizes viesojies Latvij\u0101 un regul\u0101ri uz\u0146\u0113mis viz\u012bt\u0113s Latvijas parlamenta priek\u0161s\u0113d\u0113t\u0101jus un deput\u0101tus. No daudz\u0101m Stefan\u010duka tik\u0161an\u0101s reiz\u0113m ar Latvijas amatperson\u0101m atmi\u0146\u0101 palieko\u0161s ir vi\u0146a cit\u0101ts \u201dj\u016bs varb\u016bt neesat liela valsts, bet j\u016bs esat varena n\u0101cija\u201d, t\u0101d\u0101 veid\u0101 publiski pasakoties par Latvijas lielo atbalstu Ukrainas c\u012b\u0146\u0101 pret agresoru,\u201d akcent\u0113ja D.Mieri\u0146a.<\/p>\n<p>Saeimas Prezidija atzin\u012bbas rakstus par pa\u0161aizliedz\u012bgu un noz\u012bm\u012bgu ieguld\u012bjumu sa\u0146\u0113ma ar\u012b Augst\u0101k\u0101s Radas priek\u0161s\u0113d\u0113t\u0101ja vietnieki Oleksandrs Kor\u0146ijenko un O\u013cena Kondratjuka.<\/p>\n<p>O.Kor\u0146ineko atbild\u012bbas lok\u0101 ir iek\u0161\u0113jo reformu un Eiropas Savien\u012bbas (ES) integr\u0101cijas process parlamenta ietvaros, un cie\u0161\u0101 sadarb\u012bb\u0101 ir norisin\u0101ju\u0161\u0101s jau divas Saeimas organiz\u0113t\u0101s Augst\u0101k\u0101s Radas darbinieku apm\u0101c\u012bbas ES integr\u0101cijas jaut\u0101jumos. Ukrainas puse \u013coti augstu nov\u0113rt\u0113 Latvijas lab\u0101ko praksi ES integr\u0101cijas proces\u0101, un tas ir \u013coti noder\u012bgs Ukrainas t\u0101l\u0101kajam ce\u013cam iest\u0101\u0161an\u0101s proces\u0101 ES.<\/p>\n<p>Savuk\u0101rt O.Kondratjuka visu \u0161o laiku ir uztur\u0113jusi \u013coti labas un draudz\u012bgas attiec\u012bbas ar Latviju un m\u016bsu deput\u0101tiem, vienm\u0113r rodot iesp\u0113ju tikties ar Latvijas deleg\u0101ciju viz\u012bt\u0113s Ukrain\u0101. O.Kondratjukas divpus\u0113jo attiec\u012bbu stiprin\u0101\u0161anas fokus\u0101 ir dro\u0161\u012bbas un aizsardz\u012bbas joma, Ukrainas integr\u0101cija ES, k\u0101 ar\u012b kar\u0101 cietu\u0161o, \u012bpa\u0161i karav\u012bru un b\u0113rnu, rehabilit\u0101cija.\u00a0\u00a0<\/p>\n<p>Atzin\u012bbas raksti pasniegti ar\u012b Augst\u0101k\u0101s Radas \u0100rlietu un starpparlamentu attiec\u012bbu komisijas vad\u012bt\u0101jam Oleksandram Mere\u017eko, k\u0101 ar\u012b Ukrainas deput\u0101tu deleg\u0101cijas NATO Parlament\u0101raj\u0101 asamblej\u0101 vad\u012bt\u0101jam Jegoram \u010cer\u0146ijevam.<\/p>\n<p>Saeimas Prezidija atzin\u012bbas rakstus sa\u0146\u0113ma ar\u012b Augst\u0101k\u0101s Radas deput\u0101tu grupas sadraudz\u012bbai ar Latvijas Saeimu vad\u012bt\u0101js Tarass Tarasenko, deput\u0101tu grupas l\u012bdzpriek\u0161s\u0113d\u0113t\u0101ja Solomija Bobrovska un deput\u0101tu grupas dal\u012bbnieks Maksims Dirdins.<\/p>\n<p>Saeimas priek\u0161s\u0113d\u0113t\u0101ja atzin\u012bbas rakstus pasniedza ar\u012b Augst\u0101k\u0101s Radas \u0123ener\u0101lsekret\u0101ram Vja\u010deslavam Stu\u010dnijam un diplom\u0101tam, \u0123ener\u0101lsekret\u0101ra vietniekam Markijanam Lubkivskim.<\/p>\n<p>Saeimas priek\u0161s\u0113d\u0113t\u0101jas vad\u012bt\u0101 deleg\u0101cija ieradusies Ukrain\u0101, apliecinot nelok\u0101mu atbalstu kara plos\u012btajai valstij. Saeimas priek\u0161s\u0113d\u0113t\u0101jas vad\u012btaj\u0101 deleg\u0101cij\u0101 Kijiv\u0101 atrodas ar\u012b Saeimas priek\u0161s\u0113d\u0113t\u0101jas biedre Anto\u0146ina \u0145ena\u0161eva, \u0100rlietu komisijas priek\u0161s\u0113d\u0113t\u0101ja In\u0101ra M\u016brniece, Aizsardz\u012bbas, iek\u0161lietu un korupcijas nov\u0113r\u0161anas komisijas priek\u0161s\u0113d\u0113t\u0101js Raimonds Bergmanis, deput\u0101tu grupas sadarb\u012bbas veicin\u0101\u0161anai ar Ukrainas parlamentu vad\u012bt\u0101js J\u0101nis Skrasti\u0146\u0161, k\u0101 ar\u012b grupas locekle Linda Liepi\u0146a.<\/p>\n<p>Saeimas deleg\u0101cija Ukrain\u0101 tiekas ar valsts augst\u0101kaj\u0101m amatperson\u0101m, lai apliecin\u0101tu savu atbalstu un solidarit\u0101ti.\u00a0<\/p>\n<p>Viz\u012bte Ukrain\u0101 janv\u0101r\u012b, gada tum\u0161\u0101kaj\u0101 un aukst\u0101kaj\u0101 laik\u0101, k\u013cuvusi par trad\u012bciju, apliecinot konsekventu atbalstu kara plos\u012btajai valstij. Krievijas pilna m\u0113roga iebrukums Ukrain\u0101 s\u0101k\u0101s 2022.gada 24.febru\u0101r\u012b, un ik gadu janv\u0101r\u012b Saeimas deleg\u0101cija ir apmekl\u0113jusi Ukrainu.<\/p>\n<p>Latvija stingri atbalsta Ukrainu un iest\u0101jas par pla\u0161u starptautisku atbalstu Ukrainai c\u012b\u0146\u0101 pret agresoru. Jau kop\u0161 pirm\u0101s kara diena Latvija sniedz Ukrainai visaptvero\u0161u pal\u012bdz\u012bbu. Ar\u012b Saeima ik gadu Ziemassv\u0113tku labdar\u012bbas akcij\u0101 sar\u016bp\u0113tos l\u012bdzek\u013cus kop\u0161 Krievijas pilna m\u0113roga iebrukuma s\u0101kuma novirza atbalstam b\u0113rniem Ukrain\u0101.<\/p>\n<p>\u00a0<\/p>\n<p>Saeimas Preses dienests<\/p>\n","protected":false},"excerpt":{"rendered":"(15.01.2026.) Nov\u0113rt\u0113jot ieguld\u012bjumu Latvijas un Ukrainas divpus\u0113jo attiec\u012bbu stiprin\u0101\u0161an\u0101, Saeimas priek\u0161s\u0113d\u0113t\u0101ja Daiga Mieri\u0146a ceturtdien, 15.janv\u0101r\u012b, Kijiv\u0101 pasniedza Saeimas&hellip;\n","protected":false},"author":2,"featured_media":23584,"comment_status":"","ping_status":"","sticky":false,"template":"","format":"standard","meta":{"footnotes":""},"categories":[14],"tags":[23,57,28,29,32,33,22,30,31,35,39,38,36,37,34,40,20,26,27,24,25,54,55,56,21,58],"class_list":{"0":"post-105677","1":"post","2":"type-post","3":"status-publish","4":"format-standard","5":"has-post-thumbnail","7":"category-zinas-no-arvalstim","8":"tag-aktualitates","9":"tag-arvalstim","10":"tag-breaking-news","11":"tag-breakingnews","12":"tag-featured-news","13":"tag-featurednews","14":"tag-headlines","15":"tag-latest-news","16":"tag-latestnews","17":"tag-latvia","18":"tag-latvian","19":"tag-latviesu","20":"tag-latviesu-valoda","21":"tag-latviesuvaloda","22":"tag-latvija","23":"tag-lv","24":"tag-news","25":"tag-popularakas-zinas","26":"tag-popularakaszinas","27":"tag-top-stories","28":"tag-topstories","29":"tag-world","30":"tag-world-news","31":"tag-worldnews","32":"tag-zinas","33":"tag-zinas-no-arvalstim"},"share_on_mastodon":{"url":"https:\/\/pubeurope.com\/@lv\/115899684827585982","error":""},"_links":{"self":[{"href":"https:\/\/www.europesays.com\/lv\/wp-json\/wp\/v2\/posts\/105677","targetHints":{"allow":["GET"]}}],"collection":[{"href":"https:\/\/www.europesays.com\/lv\/wp-json\/wp\/v2\/posts"}],"about":[{"href":"https:\/\/www.europesays.com\/lv\/wp-json\/wp\/v2\/types\/post"}],"author":[{"embeddable":true,"href":"https:\/\/www.europesays.com\/lv\/wp-json\/wp\/v2\/users\/2"}],"replies":[{"embeddable":true,"href":"https:\/\/www.europesays.com\/lv\/wp-json\/wp\/v2\/comments?post=105677"}],"version-history":[{"count":0,"href":"https:\/\/www.europesays.com\/lv\/wp-json\/wp\/v2\/posts\/105677\/revisions"}],"wp:featuredmedia":[{"embeddable":true,"href":"https:\/\/www.europesays.com\/lv\/wp-json\/wp\/v2\/media\/23584"}],"wp:attachment":[{"href":"https:\/\/www.europesays.com\/lv\/wp-json\/wp\/v2\/media?parent=105677"}],"wp:term":[{"taxonomy":"category","embeddable":true,"href":"https:\/\/www.europesays.com\/lv\/wp-json\/wp\/v2\/categories?post=105677"},{"taxonomy":"post_tag","embeddable":true,"href":"https:\/\/www.europesays.com\/lv\/wp-json\/wp\/v2\/tags?post=105677"}],"curies":[{"name":"wp","href":"https:\/\/api.w.org\/{rel}","templated":true}]}}