{"id":105678,"date":"2026-01-15T14:53:14","date_gmt":"2026-01-15T14:53:14","guid":{"rendered":"https:\/\/www.europesays.com\/lv\/105678\/"},"modified":"2026-01-15T14:53:14","modified_gmt":"2026-01-15T14:53:14","slug":"vaira-vike-freiberga-bridina-par-krapniekiem-socialajos-tiklos-kas-ierakstos-izmanto-imanta-freiberga-vardu","status":"publish","type":"post","link":"https:\/\/www.europesays.com\/lv\/105678\/","title":{"rendered":"Vaira V\u012b\u0137e-Freiberga br\u012bdina par kr\u0101pniekiem soci\u0101lajos t\u012bklos, kas ierakstos izmanto Imanta Freiberga v\u0101rdu"},"content":{"rendered":"<p>&#8220;P\u0113d\u0113j\u0101s dien\u0101s soci\u0101lajos t\u012bklos par\u0101d\u012bju\u0161ies viltus ieraksti un rekl\u0101mas, kas izmanto Imanta Freiberga v\u0101rdu un fotogr\u0101fijas, lai maldin\u0101tu cilv\u0113kus un izkr\u0101ptu l\u012bdzek\u013cus. \u0160ie ieraksti ir nepatiesi, m\u016bsu \u0123imenei ar tiem nav nek\u0101das saist\u012bbas, un l\u016bdzam tos neizplat\u012bt un neveikt nek\u0101dus maks\u0101jumus,&#8221; &#8220;Facebook&#8221; raksta eksprezidente.<\/p>\n<p>Vi\u0146a nor\u0101da, ka vien\u012bgais ofici\u0101lais veids, k\u0101 godin\u0101t m\u016b\u017e\u012bb\u0101 aizsaukt\u0101 Imanta Freiberga piemi\u0146u, ir ar V\u012btolu fonda starpniec\u012bbu. V\u012b\u0137e-Freiberga aicina lietot\u0101jus zi\u0146ot &#8220;Facebook&#8221; par kr\u0101pnieciskajiem ierakstiem un blo\u0137\u0113t profilus, kas tos izplata.<\/p>\n<p>Apollo.lv jau v\u0113st\u012bja, ka 1. janv\u0101r\u012b 91 gada vecum\u0101 m\u016b\u017e\u012bb\u0101 tika aizsaukts datorzin\u0101tnieks, eksprezidentes Vairas V\u012b\u0137es-Freibergas v\u012brs Imants Freibergs. &#8220;Mans m\u012b\u013cais Imants \u0161or\u012bt aizg\u0101ja balt\u0101 Dieva mier\u0101 m\u016b\u017e\u012bb\u0101. Dzi\u013c\u0101s s\u0113r\u0101s aizl\u016bdzu, lai vi\u0146a dv\u0113selei viegls ce\u013c\u0161. Par vi\u0146u s\u0113ro meita Indra, mazd\u0113ls Ivars, d\u0113ls K\u0101rlis ar sievu Lindu un mazb\u0113rniem Alisi, Austru un Ritumu,&#8221; soci\u0101lajos t\u012bklos rakst\u012bja eksprezidente.<\/p>\n<p>Imants Freibergs dzimis 1934. g. 12. mart\u0101 Valmier\u0101.<\/p>\n","protected":false},"excerpt":{"rendered":"&#8220;P\u0113d\u0113j\u0101s dien\u0101s soci\u0101lajos t\u012bklos par\u0101d\u012bju\u0161ies viltus ieraksti un rekl\u0101mas, kas izmanto Imanta Freiberga v\u0101rdu un fotogr\u0101fijas, lai maldin\u0101tu&hellip;\n","protected":false},"author":2,"featured_media":105679,"comment_status":"","ping_status":"","sticky":false,"template":"","format":"standard","meta":{"footnotes":""},"categories":[12],"tags":[23,28,29,5406,32,33,22,277,30,31,35,39,38,36,37,34,40,20,26,27,24,25,10308,21],"class_list":{"0":"post-105678","1":"post","2":"type-post","3":"status-publish","4":"format-standard","5":"has-post-thumbnail","7":"category-latvija","8":"tag-aktualitates","9":"tag-breaking-news","10":"tag-breakingnews","11":"tag-facebook","12":"tag-featured-news","13":"tag-featurednews","14":"tag-headlines","15":"tag-krapnieki","16":"tag-latest-news","17":"tag-latestnews","18":"tag-latvia","19":"tag-latvian","20":"tag-latviesu","21":"tag-latviesu-valoda","22":"tag-latviesuvaloda","23":"tag-latvija","24":"tag-lv","25":"tag-news","26":"tag-popularakas-zinas","27":"tag-popularakaszinas","28":"tag-top-stories","29":"tag-topstories","30":"tag-vaira-vike-freiberga","31":"tag-zinas"},"share_on_mastodon":{"url":"https:\/\/pubeurope.com\/@lv\/115899688929151721","error":""},"_links":{"self":[{"href":"https:\/\/www.europesays.com\/lv\/wp-json\/wp\/v2\/posts\/105678","targetHints":{"allow":["GET"]}}],"collection":[{"href":"https:\/\/www.europesays.com\/lv\/wp-json\/wp\/v2\/posts"}],"about":[{"href":"https:\/\/www.europesays.com\/lv\/wp-json\/wp\/v2\/types\/post"}],"author":[{"embeddable":true,"href":"https:\/\/www.europesays.com\/lv\/wp-json\/wp\/v2\/users\/2"}],"replies":[{"embeddable":true,"href":"https:\/\/www.europesays.com\/lv\/wp-json\/wp\/v2\/comments?post=105678"}],"version-history":[{"count":0,"href":"https:\/\/www.europesays.com\/lv\/wp-json\/wp\/v2\/posts\/105678\/revisions"}],"wp:featuredmedia":[{"embeddable":true,"href":"https:\/\/www.europesays.com\/lv\/wp-json\/wp\/v2\/media\/105679"}],"wp:attachment":[{"href":"https:\/\/www.europesays.com\/lv\/wp-json\/wp\/v2\/media?parent=105678"}],"wp:term":[{"taxonomy":"category","embeddable":true,"href":"https:\/\/www.europesays.com\/lv\/wp-json\/wp\/v2\/categories?post=105678"},{"taxonomy":"post_tag","embeddable":true,"href":"https:\/\/www.europesays.com\/lv\/wp-json\/wp\/v2\/tags?post=105678"}],"curies":[{"name":"wp","href":"https:\/\/api.w.org\/{rel}","templated":true}]}}