{"id":105691,"date":"2026-01-15T15:02:07","date_gmt":"2026-01-15T15:02:07","guid":{"rendered":"https:\/\/www.europesays.com\/lv\/105691\/"},"modified":"2026-01-15T15:02:07","modified_gmt":"2026-01-15T15:02:07","slug":"latvijas-biatlonisti-dala-stafetes-iejaucas-lideru-cinas-finisu-sasniedz-13-vieta-spilgtakie-mirkli-raksts","status":"publish","type":"post","link":"https:\/\/www.europesays.com\/lv\/105691\/","title":{"rendered":"Latvijas biatlonisti da\u013c\u0101 stafetes iejaucas l\u012bderu c\u012b\u0146\u0101s, fini\u0161u sasniedz 13. viet\u0101. Spilgt\u0101kie mirk\u013ci \/ Raksts"},"content":{"rendered":"<p>Latvijas biatlona kvartets ceturtdien Pasaules kausa posm\u0101 R\u016bpolding\u0101, V\u0101cij\u0101, vair\u0101k nek\u0101 pusi\u00a04&#215;7,5 kilometru stafetes\u00a0tur\u0113ja l\u012bdzi l\u012bderiem, bet fini\u0161u sasniedza 13. viet\u0101. Notur\u0113ties lab\u0101ko duc\u012b liedza tehniska situ\u0101cija p\u0113d\u0113j\u0101 ugunsl\u012bnij\u0101, kur Edgaram Misem papildu patronas bija j\u0101l\u016bdz tiesnesim.<\/p>\n<p>Pirmo reizi sezon\u0101 stafet\u0113 uzvar\u0113ja Francijas kvartets Fabj\u0113ns Klods, Oskars Lombardo, Kent\u0113ns Fijons-Maij\u0113 un Eriks Pero, kuri, neraugoties uz Kloda sl\u0113potu soda apli, fini\u0161\u0101 par 6,2 sekund\u0113m apsteidza Norv\u0113\u0123iju, savuk\u0101rt v\u0101cie\u0161i nosl\u0113dza laure\u0101tu trijnieku 7,9 sekundes aiz uzvar\u0113t\u0101jiem. Piektie fini\u0161\u0113ja\u00a0igau\u0146i.\u00a0<\/p>\n<p>Latvijas \u010detriniek\u0101 posmu veik\u0161anas sec\u012bb\u0101 start\u0113ja Andrejs Rastorgujevs, Ren\u0101rs Birkent\u0101ls, Aleksandrs Patrijuks un Edgars Mise. Latvie\u0161i iztika bez soda ap\u013ciem, bet izlietoja 12 rezerves patronas. Rastorgujevs pirm\u0101 posma vid\u016b bija l\u012bderis, Birkent\u0101ls otro posmu nosl\u0113dza sept\u012btais maz\u0101k nek\u0101 12 sekundes aiz l\u012bderiem, bet tre\u0161aj\u0101 posm\u0101 p\u0113c p\u0113d\u0113j\u0101s \u0161autuves Patrijuks ie\u0146\u0113ma 8. vietu.\u00a0<\/p>\n<p>Andreja Rastorgujeva pirm\u0101 \u0161au\u0161ana\u00a0<\/p>\n<p>Rastorgujevs pirmaj\u0101 ugunsl\u012bnij\u0101 gu\u013cus \u0161\u0101va gan \u0101tri, gan nevainojami prec\u012bzi, un pirmais atgriez\u0101s tras\u0113. Tiesa, tuv\u0101kie asto\u0146i konkurenti atpalika maz\u0101k nek\u0101 piecas sekundes.<\/p>\n<p>Andreja Rastorgujeva otr\u0101 \u0161au\u0161ana\u00a0<\/p>\n<p>N\u0101kamaj\u0101 ugunsl\u012bnij\u0101 st\u0101vus Rastorgujevam p\u0113c pieciem \u0161\u0101vieniem palika viens neskarts m\u0113r\u0137is, kura aizv\u0113r\u0161anai Andrejs izlietoja divas papildu patronas. P\u0113c aizkav\u0113\u0161an\u0101s \u0161autuv\u0113 Rastorgujevs atk\u0101p\u0101s uz 9.\u00a0vietu 14,5 sekundes aiz l\u012bdera v\u0101cie\u0161a Justusa \u0160trelova.<\/p>\n<p>Ren\u0101ra Birkent\u0101la pirm\u0101 \u0161au\u0161ana\u00a0<\/p>\n<p>Birkent\u0101ls stafeti p\u0101r\u0146\u0113ma 13. poz\u012bcij\u0101 un \u0161au\u0161an\u0101 gu\u013cus lika liet\u0101 divas papildu patronas, toties, atgrie\u017eoties tras\u0113, pak\u0101p\u0101s uz 11.\u00a0vietu. L\u012bderi gan necik t\u0101lu tobr\u012bd nebija tiku\u0161i &#8211; vad\u012bbu p\u0101r\u0146\u0113mu\u0161ais norv\u0113\u0123is Sturla Holms Legreids tur\u0113j\u0101s 12,8 sekundes priek\u0161\u0101.<\/p>\n<p>Ren\u0101ra Birkent\u0101la otr\u0101 \u0161au\u0161ana\u00a0<\/p>\n<p>L\u012bdz \u0161au\u0161anai st\u0101vus Birkent\u0101ls tras\u0113 \u0137\u0113ra rok\u0101 l\u012bderus, bet ugunsl\u012bnij\u0101 izlietoja divas papildu patronas un pretim stafetes mai\u0146ai trauc\u0101s 10.\u00a0poz\u012bcij\u0101. Vad\u012bbu V\u0101cijai atguvu\u0161ais Danilo R\u012btmillers bija 17,7 sekundes priek\u0161\u0101, bet otraj\u0101 poz\u012bcij\u0101 izvirz\u012bj\u0101s Igaunija. Teicami sl\u0113poju\u0161ais Birkent\u0101ls stafetes otro posmu nosl\u0113dza sept\u012btais 11,7 sekundes aiz l\u012bderes V\u0101cijas.<\/p>\n<p>Aleksandra Patrijuka pirm\u0101 \u0161au\u0161ana\u00a0<\/p>\n<p>Ar\u012b Patrijuks sl\u0113po\u0161an\u0101 tur\u0113ja l\u012bdzi l\u012bderiem un \u0161au\u0161an\u0101 gu\u013cus lika liet\u0101 divas papildu patronas, kas vi\u0146u atvirz\u012bja uz 9.\u00a0vietu 15,1 sekundi aiz vad\u012bbu ASV nodro\u0161in\u0101ju\u0161\u0101 Pola \u0160omera.<\/p>\n<p>Aleksandra Patrijuka otr\u0101 \u0161au\u0161ana\u00a0<\/p>\n<p>Konsekventi divas papildu patronas Patrijukam vajadz\u0113ja ar\u012b \u0161au\u0161an\u0101 st\u0101vus, p\u0113c kuras vi\u0146\u0161 sac\u012bkstes turpin\u0101ja astotais 33,6 sekundes aiz l\u012bdera zviedra Martina Ponsilomas. Distanc\u0113 l\u012bdz stafetes mai\u0146ai Patrijuks nebija tik \u0101trs, un posmu vi\u0146\u0161 pabeidza min\u016bti un vienu sekundi aiz l\u012bderes Zviedrijas.<\/p>\n<p>Edgara Mises pirm\u0101 \u0161au\u0161ana\u00a0<\/p>\n<p>Mise \u0161au\u0161an\u0101 gu\u013cus nek\u013c\u016bd\u012bj\u0101s ne reizi un tras\u0113 atgriez\u0101s stabil\u0101 12. viet\u0101. Saasinoties favor\u012btu c\u012b\u0146ai, p\u0113c \u0161au\u0161anas kop\u0101 vad\u012bb\u0101 tur\u0113j\u0101s Francija un Zviedrija.<\/p>\n<p>Edgara Mises otr\u0101 \u0161au\u0161ana\u00a0<\/p>\n<p>Mis\u0113klis ietekm\u0113ja Mises p\u0113d\u0113jo \u0161au\u0161anu, jo papildu patronas vi\u0146am bija j\u0101l\u016bdz pienest tiesnesim. Visu m\u0113r\u0137u aizv\u0113r\u0161anai pietika ar div\u0101m papildu lod\u0113m, bet kav\u0113\u0161an\u0101s maks\u0101ja atkri\u0161anu uz 13.\u00a0vietu.\u00a0Ziben\u012bgi visus m\u0113r\u0137us aizv\u0113ru\u0161ais Eriks Pero pirmais dev\u0101s pretim fini\u0161am ar 7,8 sekun\u017eu p\u0101rsvaru p\u0101r v\u0101cieti Filipu Navratu.<\/p>\n<p>Sieviet\u0113m\u00a0stafete\u00a0risin\u0101j\u0101s tre\u0161dien, Latvijas komandai <a href=\"https:\/\/www.lsm.lv\/raksts\/sports\/biatlons\/14.01.2026-pasaules-kausa-biatlona-stafete-damam-latvijas-komanda-tiek-apdzita-par-apli-pirma-uzvara-norvegietem.a629948\/\" class=\"lsm-link\" data-type=\"article\" data-id=\"629948\" rel=\"nofollow noopener\" target=\"_blank\">paliekot 19.\u00a0viet\u0101 <\/a>aiz vis\u0101m s\u0101ncens\u0113m.<\/p>\n<p>Sezonas piekt\u0101 posma turpin\u0101jum\u0101 piektdien sprint\u0101 start\u0113s sievietes, bet sestdien &#8211; v\u012brie\u0161i. Posma nosl\u0113gum\u0101 sv\u0113tdien kungi un d\u0101mas sacent\u012bsies iedz\u012b\u0161anas distanc\u0113.<\/p>\n<p>                    Valodas k\u013c\u016bda rakst\u0101?<\/p>\n<p class=\"d-none d-md-block\">Iez\u012bm\u0113jiet tekstu un spiediet Ctrl+Enter, lai nos\u016bt\u012btu labojamo teksta fragmentu redaktoram! Par faktu k\u013c\u016bd\u0101m l\u016bdzam zi\u0146ot e-past\u0101 <a href=\"https:\/\/www.lsm.lv\/cdn-cgi\/l\/email-protection\" class=\"__cf_email__\" data-cfemail=\"e99b8c8d88828a808388a9859a84c7859f\" rel=\"nofollow noopener\" target=\"_blank\">[email\u00a0protected]<\/a>.<\/p>\n<p class=\"d-md-none\">Iez\u012bm\u0113jiet tekstu un spiediet uz Zi\u0146ot par k\u013c\u016bdu pogas, lai nos\u016bt\u012btu labojamo teksta fragmentu redaktoram!<\/p>\n<p>\n                    Zi\u0146ot par k\u013c\u016bdu\n                <\/p>\n","protected":false},"excerpt":{"rendered":"Latvijas biatlona kvartets ceturtdien Pasaules kausa posm\u0101 R\u016bpolding\u0101, V\u0101cij\u0101, vair\u0101k nek\u0101 pusi\u00a04&#215;7,5 kilometru stafetes\u00a0tur\u0113ja l\u012bdzi l\u012bderiem, bet fini\u0161u&hellip;\n","protected":false},"author":2,"featured_media":105692,"comment_status":"","ping_status":"","sticky":false,"template":"","format":"standard","meta":{"footnotes":""},"categories":[17],"tags":[35,39,38,36,37,34,40,67],"class_list":{"0":"post-105691","1":"post","2":"type-post","3":"status-publish","4":"format-standard","5":"has-post-thumbnail","7":"category-sports","8":"tag-latvia","9":"tag-latvian","10":"tag-latviesu","11":"tag-latviesu-valoda","12":"tag-latviesuvaloda","13":"tag-latvija","14":"tag-lv","15":"tag-sports"},"share_on_mastodon":{"url":"https:\/\/pubeurope.com\/@lv\/115899724112782766","error":""},"_links":{"self":[{"href":"https:\/\/www.europesays.com\/lv\/wp-json\/wp\/v2\/posts\/105691","targetHints":{"allow":["GET"]}}],"collection":[{"href":"https:\/\/www.europesays.com\/lv\/wp-json\/wp\/v2\/posts"}],"about":[{"href":"https:\/\/www.europesays.com\/lv\/wp-json\/wp\/v2\/types\/post"}],"author":[{"embeddable":true,"href":"https:\/\/www.europesays.com\/lv\/wp-json\/wp\/v2\/users\/2"}],"replies":[{"embeddable":true,"href":"https:\/\/www.europesays.com\/lv\/wp-json\/wp\/v2\/comments?post=105691"}],"version-history":[{"count":0,"href":"https:\/\/www.europesays.com\/lv\/wp-json\/wp\/v2\/posts\/105691\/revisions"}],"wp:featuredmedia":[{"embeddable":true,"href":"https:\/\/www.europesays.com\/lv\/wp-json\/wp\/v2\/media\/105692"}],"wp:attachment":[{"href":"https:\/\/www.europesays.com\/lv\/wp-json\/wp\/v2\/media?parent=105691"}],"wp:term":[{"taxonomy":"category","embeddable":true,"href":"https:\/\/www.europesays.com\/lv\/wp-json\/wp\/v2\/categories?post=105691"},{"taxonomy":"post_tag","embeddable":true,"href":"https:\/\/www.europesays.com\/lv\/wp-json\/wp\/v2\/tags?post=105691"}],"curies":[{"name":"wp","href":"https:\/\/api.w.org\/{rel}","templated":true}]}}