{"id":105703,"date":"2026-01-15T15:14:15","date_gmt":"2026-01-15T15:14:15","guid":{"rendered":"https:\/\/www.europesays.com\/lv\/105703\/"},"modified":"2026-01-15T15:14:15","modified_gmt":"2026-01-15T15:14:15","slug":"hawks-atklaj-porzinga-statusu-macam-pret-trail-blazers","status":"publish","type":"post","link":"https:\/\/www.europesays.com\/lv\/105703\/","title":{"rendered":"Hawks&#8221; atkl\u0101j Porzi\u0146\u0123a statusu ma\u010dam pret &#8220;Trail Blazers"},"content":{"rendered":"<p>                                <img decoding=\"async\" src=\"https:\/\/www.europesays.com\/lv\/wp-content\/uploads\/2025\/11\/hawks_kings_basketball_91794-750x450.jpg\"   alt=\"Kristaps Porzi\u0146\u0123is\" class=\"post-featured-image\"\/><\/p>\n<p>Kristaps Porzi\u0146\u0123is | Foto: AP Photo\/Justine Willard<\/p>\n<p>Nacion\u0101l\u0101s basketbola asoci\u0101cijas (NBA) kluba Atlantas \u201cHawks\u201d sp\u0113l\u0113t\u0101js <a href=\"https:\/\/www.sportazinas.com\/kategorija\/basketbols\/porzingis\/\" rel=\"nofollow noopener\" target=\"_blank\">Kristaps Porzi\u0146\u0123is<\/a> <a href=\"https:\/\/x.com\/ATLHawks\/status\/2011605130114720010\" target=\"_blank\" rel=\"noreferrer noopener nofollow\">nepiedal\u012bsies<\/a> gaid\u0101m\u0101s nakts sp\u0113l\u0113 pret Portlendas \u201cTrail Blazers\u201d.<\/p>\n<p>Plkst. 5:00 p\u0113c Latvijas laika \u201cHawks\u201d viesosies pie \u201cTrail Blazers\u201d basketbolistiem. Porzi\u0146\u0123is Ahilleja c\u012bpslas iekaisuma d\u0113\u013c izlaid\u012bs jau ceturto ma\u010du p\u0113c k\u0101rtas. Liep\u0101jnieks \u0161osezon sask\u0101ries ar da\u017e\u0101d\u0101m vesel\u012bbas probl\u0113m\u0101m, kas \u013c\u0101vis doties laukum\u0101 tikai 17 no 41 sp\u0113l\u0113m, kur\u0101s vi\u0146\u0161 izc\u0113lies ar vid\u0113ji 17,1 punktiem, 5,1 atl\u0113ku\u0161\u0101m bumb\u0101m, 2,7 rezultat\u012bv\u0101m piesp\u0113l\u0113m un 1,3 blo\u0137\u0113tiem metieniem.<\/p>\n<blockquote class=\"twitter-tweet\" data-width=\"500\" data-dnt=\"true\">\n<p lang=\"en\" dir=\"ltr\">An <a href=\"https:\/\/twitter.com\/emoryhealthcare?ref_src=twsrc%5Etfw\" rel=\"nofollow noopener\" target=\"_blank\">@emoryhealthcare<\/a> injury report for tomorrow\u2019s game at Portland:<\/p>\n<p>Mouhamed Gueye (right lateral ankle sprain): Questionable<br \/>Luke Kennard (neck sprain): Questionable<br \/>\u00a0\u00a0\u00a0\u00a0\u00a0\u00a0\u00a0\u00a0\u00a0\u00a0\u00a0\u00a0\u00a0\u00a0\u00a0\u00a0\u00a0\u00a0\u00a0\u00a0\u00a0\u00a0\u00a0\u00a0\u00a0\u00a0\u00a0\u00a0\u00a0\u00a0\u00a0\u00a0\u00a0\u00a0\u00a0\u00a0\u00a0\u00a0\u00a0\u00a0\u00a0\u00a0\u00a0\u00a0\u00a0\u00a0\u00a0\u00a0\u00a0\u00a0\u00a0\u00a0\u00a0\u00a0\u00a0\u00a0\u00a0 <br \/>N\u2019Faly Dante (right knee, torn ACL): Out<br \/>Kristaps\u2026 <a href=\"https:\/\/t.co\/dk9Fw65cpW\" rel=\"nofollow\">pic.twitter.com\/dk9Fw65cpW<\/a><\/p>\n<p>\u2014 Atlanta Hawks (@ATLHawks) <a href=\"https:\/\/twitter.com\/ATLHawks\/status\/2011605130114720010?ref_src=twsrc%5Etfw\" rel=\"nofollow noopener\" target=\"_blank\">January 15, 2026<\/a><\/p><\/blockquote>\n<p>V\u0113l bez Porzi\u0146\u0123a gaid\u0101maj\u0101 c\u012b\u0146\u0101 \u201cHawks\u201d komand\u0101 laukum\u0101 nedosies Zakar\u012b Risa\u0161\u0113rs un N\u2019Fal\u012b Dant\u0113, bet Muhameda Geja un L\u016bka Kenarda sp\u0113l\u0113\u0161ana ir zem jaut\u0101juma z\u012bmes. \u201cHawks\u201d p\u0113c savas zvaigznes Treja Janga aizmain\u012b\u0161anas ar bilanci 20-22 ie\u0146em dev\u012bto vietu Austrumu konferenc\u0113. Gaid\u0101majai pretiniecei \u201cTrail Blazers\u201d \u0161obr\u012bd ir divi zaud\u0113jumi p\u0113c k\u0101rtas, bet vi\u0146i ar 19 pan\u0101kumiem 41 ma\u010d\u0101 atrodas dev\u012btaj\u0101 poz\u012bcij\u0101 Rietumos.<\/p>\n<p>                    <script async src=\"https:\/\/platform.twitter.com\/widgets.js\" charset=\"utf-8\"><\/script><\/p>\n","protected":false},"excerpt":{"rendered":"Kristaps Porzi\u0146\u0123is | Foto: AP Photo\/Justine Willard Nacion\u0101l\u0101s basketbola asoci\u0101cijas (NBA) kluba Atlantas \u201cHawks\u201d sp\u0113l\u0113t\u0101js Kristaps Porzi\u0146\u0123is nepiedal\u012bsies&hellip;\n","protected":false},"author":2,"featured_media":48126,"comment_status":"","ping_status":"","sticky":false,"template":"","format":"standard","meta":{"footnotes":""},"categories":[17],"tags":[35,39,38,36,37,34,40,67],"class_list":{"0":"post-105703","1":"post","2":"type-post","3":"status-publish","4":"format-standard","5":"has-post-thumbnail","7":"category-sports","8":"tag-latvia","9":"tag-latvian","10":"tag-latviesu","11":"tag-latviesu-valoda","12":"tag-latviesuvaloda","13":"tag-latvija","14":"tag-lv","15":"tag-sports"},"share_on_mastodon":{"url":"https:\/\/pubeurope.com\/@lv\/115899771300559190","error":""},"_links":{"self":[{"href":"https:\/\/www.europesays.com\/lv\/wp-json\/wp\/v2\/posts\/105703","targetHints":{"allow":["GET"]}}],"collection":[{"href":"https:\/\/www.europesays.com\/lv\/wp-json\/wp\/v2\/posts"}],"about":[{"href":"https:\/\/www.europesays.com\/lv\/wp-json\/wp\/v2\/types\/post"}],"author":[{"embeddable":true,"href":"https:\/\/www.europesays.com\/lv\/wp-json\/wp\/v2\/users\/2"}],"replies":[{"embeddable":true,"href":"https:\/\/www.europesays.com\/lv\/wp-json\/wp\/v2\/comments?post=105703"}],"version-history":[{"count":0,"href":"https:\/\/www.europesays.com\/lv\/wp-json\/wp\/v2\/posts\/105703\/revisions"}],"wp:featuredmedia":[{"embeddable":true,"href":"https:\/\/www.europesays.com\/lv\/wp-json\/wp\/v2\/media\/48126"}],"wp:attachment":[{"href":"https:\/\/www.europesays.com\/lv\/wp-json\/wp\/v2\/media?parent=105703"}],"wp:term":[{"taxonomy":"category","embeddable":true,"href":"https:\/\/www.europesays.com\/lv\/wp-json\/wp\/v2\/categories?post=105703"},{"taxonomy":"post_tag","embeddable":true,"href":"https:\/\/www.europesays.com\/lv\/wp-json\/wp\/v2\/tags?post=105703"}],"curies":[{"name":"wp","href":"https:\/\/api.w.org\/{rel}","templated":true}]}}