{"id":105704,"date":"2026-01-15T15:17:12","date_gmt":"2026-01-15T15:17:12","guid":{"rendered":"https:\/\/www.europesays.com\/lv\/105704\/"},"modified":"2026-01-15T15:17:12","modified_gmt":"2026-01-15T15:17:12","slug":"silina-iztur-piekto-neuzticibas-balsojumu-saeima","status":"publish","type":"post","link":"https:\/\/www.europesays.com\/lv\/105704\/","title":{"rendered":"Sili\u0146a iztur piekto neuztic\u012bbas balsojumu Saeim\u0101"},"content":{"rendered":"<p class=\"lead\">\n                                Saeimas deput\u0101tu vair\u0101kums \u0161odien noraid\u012bja opoz\u012bcijas iesniegto Ministru prezidentes Evikas Sili\u0146as (JV) demisijas piepras\u012bjumu, ko \u0161oreiz bija rosin\u0101jusi Nacion\u0101l\u0101 apvien\u012bba (NA).\n                            <\/p>\n<p>Par neuztic\u012bbas izteik\u0161anu premjerei nobalsoja 18 deput\u0101ti, pret bija 48, bet 15 opoz\u012bcijas partijas &#8220;Latvija pirmaj\u0101 viet\u0101&#8221; (LPV) deput\u0101ti, k\u0101 ar\u012b deput\u0101ti no partijas &#8220;Stabilit\u0101tei&#8221; balsojum\u0101 nepiedal\u012bj\u0101s. Da\u013ca deput\u0101tu, tostarp ar\u012b no koal\u012bcijas, s\u0113d\u0113 nepiedal\u012bj\u0101s komand\u0113jumu d\u0113\u013c.<\/p>\n<blockquote>\n<p>\u0160is bija jau piektais demisijas piepras\u012bjums Sili\u0146ai.<\/p>\n<\/blockquote>\n<p>Pirms balsojuma premjere uzsv\u0113ra, ka vald\u012bba m\u0113r\u0137tiec\u012bgi stiprina latvie\u0161u valodas lietojumu \u2014 gan izgl\u012bt\u012bb\u0101, gan sabiedriskajos medijos. Vi\u0146a atg\u0101din\u0101ja, ka vairs nepast\u0101v Latvijas Radio 4 krievu valod\u0101, k\u0101 ar\u012b nor\u0101d\u012bja uz paveikto Sabiedrisko elektronisko pla\u0161sazi\u0146as l\u012bdzek\u013cu padomes (SEPLP) darb\u0101. &#8220;Tiek dar\u012bts tas, kas nebija izdevies iepriek\u0161\u0113jos gados,&#8221; sac\u012bja Sili\u0146a, aicinot deput\u0101tus neatbalst\u012bt demisijas piepras\u012bjumu.<\/p>\n<p>&#8220;Jaun\u0101s vienot\u012bbas&#8221; frakcijas vad\u012bt\u0101js Edmunds Jur\u0113vics debat\u0113s nor\u0101d\u012bja, ka<\/p>\n<blockquote>\n<p>priek\u0161v\u0113l\u0113\u0161anu gad\u0101 demisijas piepras\u012bjumi ir sagaid\u0101mi bie\u017e\u0101k,<\/p>\n<\/blockquote>\n<p>un uzsv\u0113ra, ka Sili\u0146as vad\u012bb\u0101 valsts valoda ir b\u016btiski stiprin\u0101ta. Vienlaikus vi\u0146\u0161 aicin\u0101ja deput\u0101tus nepolitiz\u0113t valodas jaut\u0101jumu.<\/p>\n<p>LPV deput\u0101ts Edmunds Zivti\u0146\u0161 kritiz\u0113ja vald\u012bbu par neatrisin\u0101tiem jaut\u0101jumiem, tostarp imigr\u0101ciju, ce\u013cu st\u0101vokli un projektu &#8220;Rail Baltica&#8221;, ta\u010du aicin\u0101ja savu frakciju demisijas piepras\u012bjumu neatbalst\u012bt, solot tuv\u0101kaj\u0101 laik\u0101 n\u0101kt klaj\u0101 ar jaunu iniciat\u012bvu. Savuk\u0101rt &#8220;Stabilit\u0101tei&#8221; frakcijas vad\u012bt\u0101ja Svetlana \u010culkova atzina, ka ideja par demisiju ir saprotama, tom\u0113r krievu valodu par galveno probl\u0113mu Latvij\u0101 neuzskata.<\/p>\n<p>NA deput\u0101ts Edv\u012bns \u0160nore kritiz\u0113ja to, ka Latvijas Sabiedrisk\u0101 medija (LSM) satur\u0101 joproj\u0101m par\u0101d\u0101s krievu valoda, lai gan Nacion\u0101l\u0101s dro\u0161\u012bbas koncepcij\u0101 bija paredz\u0113ts no t\u0101s atteikties. Vi\u0146\u0161 pauda ba\u017eas par mediju politikas atbilst\u012bbu valsts dro\u0161\u012bbas interes\u0113m.<\/p>\n<p>Savuk\u0101rt &#8220;Progres\u012bvo&#8221; frakcijas vad\u012bt\u0101js Andris \u0160uvajevs nor\u0101d\u012bja, ka NA demisijas piepras\u012bjums saist\u012bb\u0101 ar LSM redakcion\u0101lo politiku esot politiski motiv\u0113ts m\u0113\u0123in\u0101jums v\u0101jin\u0101t uztic\u012bbu sabiedriskajam medijam v\u0113l\u0113\u0161anu gada kontekst\u0101.<\/p>\n<p>NA uzskata, ka vald\u012bba, turpinot finans\u0113t LSM saturu krievu valod\u0101, r\u012bkojas pretrun\u0101 Nacion\u0101l\u0101s dro\u0161\u012bbas koncepcij\u0101 noteiktajam m\u0113r\u0137im veidot vienotu informat\u012bvo telpu latvie\u0161u un Eiropas kult\u016brtelpai piedero\u0161aj\u0101s valod\u0101s.<\/p>\n<p>Latvijas vald\u012bbu veido Ministru prezidente Evika Sili\u0146a un 14 ministri no partij\u0101m &#8220;Jaun\u0101 vienot\u012bba&#8221;, &#8220;Progres\u012bvie&#8221; un Za\u013co un zemnieku savien\u012bbas.<\/p>\n<blockquote class=\"twitter-tweet\">\n<p lang=\"lv\" dir=\"ltr\">Latvie\u0161u valoda ir m\u016bsu identit\u0101tes un valsts past\u0101v\u0113\u0161anas viens no vissvar\u012bg\u0101kajiem st\u016brakme\u0146iem. Debat\u0113s Saeim\u0101 uzsv\u0113ru, ka vald\u012bba konsekventi r\u016bp\u0113jas par latvie\u0161u valodas lomu gan izgl\u012bt\u012bbas sist\u0113m\u0101, nosl\u0113dzot p\u0101reju uz m\u0101c\u012bb\u0101m tikai valsts valod\u0101, gan sabiedriskajos medijos,\u2026 <a href=\"https:\/\/t.co\/YDUEDpK14B\" rel=\"nofollow\">pic.twitter.com\/YDUEDpK14B<\/a><\/p>\n<p>\u2014 Evika Sili\u0146a \ud83c\uddf1\ud83c\uddfb\ud83c\uddfa\ud83c\udde6 (@EvikaSilina) <a href=\"https:\/\/twitter.com\/EvikaSilina\/status\/2011770132851200007?ref_src=twsrc%5Etfw\" rel=\"nofollow noopener\" target=\"_blank\">January 15, 2026<\/a><\/p><\/blockquote>\n<p class=\"paragraph-muted\">Izv\u0113lies savu soct\u012bklu platformu, lai sekotu LASI.LV: <a href=\"https:\/\/www.facebook.com\/portals.lasi.lv\" target=\"_blank\" rel=\"noopener noreferrer nofollow\">Facebook<\/a>, <a href=\"https:\/\/twitter.com\/lasilvportals\" target=\"_blank\" rel=\"noopener noreferrer nofollow\">X<\/a>, <a href=\"https:\/\/bsky.app\/profile\/lasilv.bsky.social\" target=\"_blank\" rel=\"noopener noreferrer nofollow\">Bluesky<\/a>, <a href=\"https:\/\/www.draugiem.lv\/lasilv\/?pg=4\" target=\"_blank\" rel=\"noopener noreferrer nofollow\">Draugiem<\/a>, <a href=\"https:\/\/www.threads.com\/@lasilv_zinas\" rel=\"nofollow noopener\" target=\"_blank\">Threads<\/a> vai ar\u012b <a href=\"https:\/\/www.instagram.com\/lasilv_zinas\/\" target=\"_blank\" rel=\"noopener noreferrer nofollow\">Instagram<\/a>. Pievienojies m\u016bsu las\u012bt\u0101ju pulkam, lai sa\u0146emtu \u012bpa\u0161i tev atlas\u012btu noder\u012bgu, praktisku un aktu\u0101lu saturu.\u00a0<\/p>\n<p style=\"margin-left:auto;\">Pieraksties LASI.LV redaktora v\u0113stkopai <a href=\"https:\/\/lasi.lv\/vestkopa\/lasi-lv-galvena-redaktora-vestkopa\" rel=\"nofollow noopener\" target=\"_blank\">\u0161eit<\/a>.<\/p>\n<p>Pieraksties v\u0113stkopai un divas reizes ned\u0113\u013c\u0101 sa\u0146em padzi\u013cin\u0101tu LASI.LV galven\u0101 redaktora aktu\u0101lo zi\u0146u, kompetentu viedok\u013cu un interesant\u0101ko interviju apkopojumu.<\/p>\n<p>Ko tu sa\u0146emsi:<\/p>\n<ul>\n<li>Daudzveid\u012bgus koment\u0101rus un kompetentus Latvijas Mediju \u017eurn\u0101listu un autoru viedok\u013cus par aktu\u0101lo<\/li>\n<li>Ekspertu koment\u0101rus par da\u017e\u0101diem praktiskiem, noder\u012bgiem tematiem<\/li>\n<li>Aizraujo\u0161us materi\u0101lus par v\u0113sturi, psiholo\u0123iju, kult\u016bru<\/li>\n<li>Gata \u0160\u013c\u016bkas karikat\u016bru<\/li>\n<li>Tav\u0101 e-pasta kast\u012bt\u0113 katru ceturtdienu<\/li>\n<\/ul>\n<p style=\"margin-left:auto;\">\u00a0<\/p>\n<p><script async src=\"https:\/\/platform.twitter.com\/widgets.js\" charset=\"utf-8\"><\/script><script async src=\"\/\/www.instagram.com\/embed.js\"><\/script><\/p>\n","protected":false},"excerpt":{"rendered":"Saeimas deput\u0101tu vair\u0101kums \u0161odien noraid\u012bja opoz\u012bcijas iesniegto Ministru prezidentes Evikas Sili\u0146as (JV) demisijas piepras\u012bjumu, ko \u0161oreiz bija rosin\u0101jusi&hellip;\n","protected":false},"author":2,"featured_media":105705,"comment_status":"","ping_status":"","sticky":false,"template":"","format":"standard","meta":{"footnotes":""},"categories":[12],"tags":[23,28,29,32,33,22,30,31,35,39,38,36,37,34,40,20,26,27,24,25,21],"class_list":{"0":"post-105704","1":"post","2":"type-post","3":"status-publish","4":"format-standard","5":"has-post-thumbnail","7":"category-latvija","8":"tag-aktualitates","9":"tag-breaking-news","10":"tag-breakingnews","11":"tag-featured-news","12":"tag-featurednews","13":"tag-headlines","14":"tag-latest-news","15":"tag-latestnews","16":"tag-latvia","17":"tag-latvian","18":"tag-latviesu","19":"tag-latviesu-valoda","20":"tag-latviesuvaloda","21":"tag-latvija","22":"tag-lv","23":"tag-news","24":"tag-popularakas-zinas","25":"tag-popularakaszinas","26":"tag-top-stories","27":"tag-topstories","28":"tag-zinas"},"share_on_mastodon":{"url":"https:\/\/pubeurope.com\/@lv\/115899783211198815","error":""},"_links":{"self":[{"href":"https:\/\/www.europesays.com\/lv\/wp-json\/wp\/v2\/posts\/105704","targetHints":{"allow":["GET"]}}],"collection":[{"href":"https:\/\/www.europesays.com\/lv\/wp-json\/wp\/v2\/posts"}],"about":[{"href":"https:\/\/www.europesays.com\/lv\/wp-json\/wp\/v2\/types\/post"}],"author":[{"embeddable":true,"href":"https:\/\/www.europesays.com\/lv\/wp-json\/wp\/v2\/users\/2"}],"replies":[{"embeddable":true,"href":"https:\/\/www.europesays.com\/lv\/wp-json\/wp\/v2\/comments?post=105704"}],"version-history":[{"count":0,"href":"https:\/\/www.europesays.com\/lv\/wp-json\/wp\/v2\/posts\/105704\/revisions"}],"wp:featuredmedia":[{"embeddable":true,"href":"https:\/\/www.europesays.com\/lv\/wp-json\/wp\/v2\/media\/105705"}],"wp:attachment":[{"href":"https:\/\/www.europesays.com\/lv\/wp-json\/wp\/v2\/media?parent=105704"}],"wp:term":[{"taxonomy":"category","embeddable":true,"href":"https:\/\/www.europesays.com\/lv\/wp-json\/wp\/v2\/categories?post=105704"},{"taxonomy":"post_tag","embeddable":true,"href":"https:\/\/www.europesays.com\/lv\/wp-json\/wp\/v2\/tags?post=105704"}],"curies":[{"name":"wp","href":"https:\/\/api.w.org\/{rel}","templated":true}]}}